{"id":1100,"date":"2017-01-05T22:04:28","date_gmt":"2017-01-05T21:04:28","guid":{"rendered":"http:\/\/inselreport.eu\/?p=1100"},"modified":"2019-11-22T13:07:33","modified_gmt":"2019-11-22T12:07:33","slug":"die-ostsee-laeuft-ueber-na-ja-manchmal-ist-das-so-na-und","status":"publish","type":"post","link":"https:\/\/inselreport.eu\/?p=1100","title":{"rendered":"Die Ostsee l\u00e4uft \u00fcber&#8230; na ja, manchmal ist das so. Na und?"},"content":{"rendered":"<p>Die &#8222;gro\u00dfe Sturmflut&#8220; von Tief &#8222;Axel&#8220; bringt schon zu Beginn des Jahres die Menschen auf Trab. Und auch die Medien, die nat\u00fcrlich immer &#8222;aufrunden&#8220;, damit es spektakul\u00e4r wird. Ganz besonders beliebt sind die S\u00e4tze mit Fragezeichen. &#8222;Wird Tief Axel&#8230;?&#8220; oder die bedrohenden S\u00e4tze, die vorausschauend alles erdenklich B\u00f6se suggerieren.<\/p>\n<figure id=\"attachment_1106\" aria-describedby=\"caption-attachment-1106\" style=\"width: 770px\" class=\"wp-caption alignnone\"><img loading=\"lazy\" decoding=\"async\" width=\"770\" height=\"434\" class=\"wp-image-1106\" alt=\"02\" src=\"http:\/\/inselreport.eu\/wp-content\/uploads\/2017\/01\/02-300x169.jpg\" srcset=\"https:\/\/inselreport.eu\/wp-content\/uploads\/2017\/01\/02-300x169.jpg 300w, https:\/\/inselreport.eu\/wp-content\/uploads\/2017\/01\/02-768x432.jpg 768w, https:\/\/inselreport.eu\/wp-content\/uploads\/2017\/01\/02-1024x576.jpg 1024w, https:\/\/inselreport.eu\/wp-content\/uploads\/2017\/01\/02.jpg 1200w\" sizes=\"auto, (max-width: 709px) 85vw, (max-width: 909px) 67vw, (max-width: 984px) 61vw, (max-width: 1362px) 45vw, 600px\" \/><figcaption id=\"caption-attachment-1106\" class=\"wp-caption-text\">Oberkante Unterlippe<\/figcaption><\/figure>\n<p>Einzig interessant ist, was IST. Okay, da fliegen mir beim Rauchen 7 Schneeflocken ins Gesicht. Das ist doch im Winter normal. Und der Wind pustet. An der K\u00fcste auch normal.<\/p>\n<p>Und die Ostsee l\u00e4uft \u00fcber oder ist &#8222;au\u00dfergew\u00f6hnlich gef\u00fcllt&#8220; &#8211; okay, das ist auch normal, nicht allt\u00e4glich, aber GUT!<\/p>\n<figure id=\"attachment_1109\" aria-describedby=\"caption-attachment-1109\" style=\"width: 630px\" class=\"wp-caption alignnone\"><img loading=\"lazy\" decoding=\"async\" width=\"630\" height=\"355\" class=\"wp-image-1109\" alt=\"05\" src=\"http:\/\/inselreport.eu\/wp-content\/uploads\/2017\/01\/05-300x169.jpg\" srcset=\"https:\/\/inselreport.eu\/wp-content\/uploads\/2017\/01\/05-300x169.jpg 300w, https:\/\/inselreport.eu\/wp-content\/uploads\/2017\/01\/05-768x432.jpg 768w, https:\/\/inselreport.eu\/wp-content\/uploads\/2017\/01\/05-1024x576.jpg 1024w, https:\/\/inselreport.eu\/wp-content\/uploads\/2017\/01\/05.jpg 1200w\" sizes=\"auto, (max-width: 709px) 85vw, (max-width: 909px) 67vw, (max-width: 984px) 61vw, (max-width: 1362px) 45vw, 600px\" \/><figcaption id=\"caption-attachment-1109\" class=\"wp-caption-text\">Tja, da haben die Schiffe langsam &#8222;Angst&#8220;, dass sie auf dem Festland landen. Geht den Fischen auch so.<\/figcaption><\/figure>\n<p><!--more-->Der Wind der letzten Tage und Wochen hat also aus der Nordsee viel Wasser in die Ostsee gedr\u00fcckt. Positiveffekt: es ist viel Salz drin f\u00fcr die Ostsee, denn nur aus der Nordsee bekommt sie es. Und dann kommt eben der &#8222;Schwappeffekt&#8220;: Was irgendwo rein gedr\u00fcckt wird, muss auch wieder weg. Hei\u00dft auf deutsch: Die Wanne ist voll, und jetzt spielt der Wind damit, und dann schwappt das ein bisschen, so als ob Du Deine Badewanne schaukelst.<\/p>\n<figure id=\"attachment_1105\" aria-describedby=\"caption-attachment-1105\" style=\"width: 719px\" class=\"wp-caption alignnone\"><img loading=\"lazy\" decoding=\"async\" width=\"719\" height=\"405\" class=\"wp-image-1105\" alt=\"01\" src=\"http:\/\/inselreport.eu\/wp-content\/uploads\/2017\/01\/01-300x169.jpg\" srcset=\"https:\/\/inselreport.eu\/wp-content\/uploads\/2017\/01\/01-300x169.jpg 300w, https:\/\/inselreport.eu\/wp-content\/uploads\/2017\/01\/01-768x432.jpg 768w, https:\/\/inselreport.eu\/wp-content\/uploads\/2017\/01\/01-1024x576.jpg 1024w, https:\/\/inselreport.eu\/wp-content\/uploads\/2017\/01\/01.jpg 1200w\" sizes=\"auto, (max-width: 709px) 85vw, (max-width: 909px) 67vw, (max-width: 984px) 61vw, (max-width: 1362px) 45vw, 600px\" \/><figcaption id=\"caption-attachment-1105\" class=\"wp-caption-text\">Knapp, aber alles okay.<\/figcaption><\/figure>\n<p>Es ist also auch keine wirkliche Sturmflut, sondern eher eine &#8222;Schwappflut&#8220;. Und die bringt nichts B\u00f6ses &#8211; nur eben nasse F\u00fc\u00dfe &#8211; ja und in Hamburg ist die Fischb\u00f6rse nur mit Gummistiefeln erreichbar (was sonst? Fische wollen schwimmen) &#8211; und so haben alle abenteuerlustigen Menschen ihren Spa\u00df, und alle Lebenslustigen ihre Freude am Erleben des echten Lebens. So wie es ist.<\/p>\n<p>Ja, und nichts ist passiert, au\u00dfer dass eben ein paar Stra\u00dfen &#8222;ein b\u00fcschn&#8220; unter Wasser standen, die Wellen der Ostsee eben dort waren, wo sonst im Sommer die Urlauber ihre Popos in die Sonne halten und &#8211; na ja, glaubt man den Medien: &#8222;die K\u00fcsten zerst\u00f6rt&#8220; sind.<\/p>\n<p>Okay, ich will das mal nicht weiter erw\u00e4hnen, dass nat\u00fcrlich ein paar Betonplatten, die einst eine Treppe im Sand waren &#8211; und auch die, die einst eine Promenade waren, pl\u00f6tzlich wild im Sand herumliegen. Na und? Wer hat denn das Meer gefragt, ob es so was will? Und wieso braucht man das? Am Meer l\u00e4uft man barfu\u00df und braucht den ganzen Quatsch nicht. So gesehen hat die Ostsee ein bisschen des Unfugs beseitigt, damit sich nun die Menschen dr\u00fcber \u00e4rgern und ihn neu errichten &#8211; bis dann in 10 Jahren oder irgendwann das Meer wieder sagt: &#8222;Es reicht!&#8220; Ja, nur der Mensch kann sich seine Spielzeuge erschaffen wie er will&#8230; So viel zu den &#8222;zerst\u00f6rten K\u00fcsten&#8220;.<\/p>\n<figure id=\"attachment_1110\" aria-describedby=\"caption-attachment-1110\" style=\"width: 715px\" class=\"wp-caption alignnone\"><img loading=\"lazy\" decoding=\"async\" width=\"715\" height=\"403\" class=\"wp-image-1110\" alt=\"06\" src=\"http:\/\/inselreport.eu\/wp-content\/uploads\/2017\/01\/06-300x169.jpg\" srcset=\"https:\/\/inselreport.eu\/wp-content\/uploads\/2017\/01\/06-300x169.jpg 300w, https:\/\/inselreport.eu\/wp-content\/uploads\/2017\/01\/06-768x432.jpg 768w, https:\/\/inselreport.eu\/wp-content\/uploads\/2017\/01\/06-1024x576.jpg 1024w, https:\/\/inselreport.eu\/wp-content\/uploads\/2017\/01\/06.jpg 1200w\" sizes=\"auto, (max-width: 709px) 85vw, (max-width: 909px) 67vw, (max-width: 984px) 61vw, (max-width: 1362px) 45vw, 600px\" \/><figcaption id=\"caption-attachment-1110\" class=\"wp-caption-text\">Die Natur ganz normal. Nur das Menschenwerk&#8230; na ja, bekommt halt nasse F\u00fc\u00dfe<\/figcaption><\/figure>\n<figure id=\"attachment_1108\" aria-describedby=\"caption-attachment-1108\" style=\"width: 838px\" class=\"wp-caption alignnone\"><img loading=\"lazy\" decoding=\"async\" width=\"838\" height=\"472\" class=\"wp-image-1108\" alt=\"04\" src=\"http:\/\/inselreport.eu\/wp-content\/uploads\/2017\/01\/04-300x169.jpg\" srcset=\"https:\/\/inselreport.eu\/wp-content\/uploads\/2017\/01\/04-300x169.jpg 300w, https:\/\/inselreport.eu\/wp-content\/uploads\/2017\/01\/04-768x432.jpg 768w, https:\/\/inselreport.eu\/wp-content\/uploads\/2017\/01\/04-1024x576.jpg 1024w, https:\/\/inselreport.eu\/wp-content\/uploads\/2017\/01\/04.jpg 1200w\" sizes=\"auto, (max-width: 709px) 85vw, (max-width: 909px) 67vw, (max-width: 984px) 61vw, (max-width: 1362px) 45vw, 600px\" \/><figcaption id=\"caption-attachment-1108\" class=\"wp-caption-text\">Schlimm? N\u00f6! 2002, als halb Dresden und das Umland weggesp\u00fclt wurde, das war schlimm &#8211; aber das war nicht die Ostsee.<\/figcaption><\/figure>\n<p>Da stellt sich auch die Frage: Wie zerst\u00f6rt man eine K\u00fcste? Eine K\u00fcste ist der Ort, wo das Meer endet und das Festland beginnt. Und da knabbert das Meer eben immer wieder dran und ver\u00e4ndert das Festland. V\u00f6llig normal das Alles. Erst dann, wenn der Mensch kommt, und in den Freiraum des Meeres eingreift, und H\u00e4user so dicht ans Meer baut, erst dann wird es kritisch. Okay, ist doch tats\u00e4chlich auf der Insel Usedom ein bisschen Steilk\u00fcste weggesp\u00fclt worden&#8230; Oben steht der Rest von einem Kiosk und im Fernsehen jault die Besitzerin, ihre Existenz sei ruiniert. Till Backhaus, Minister f\u00fcr Landwirtschaft, Umwelt und Verbraucherschutz des Landes Mecklenburg-Vorpommern, war dabei und rief in das Gejaule hinein: &#8222;Langsam, langsam langsam&#8220;&#8230; &#8222;Wer so riskant baut, geht Risiken ein&#8230;&#8220;<\/p>\n<p>Na ja, nix passiert, aber spannend f\u00fcr alle Abenteurer war es doch.<\/p>\n","protected":false},"excerpt":{"rendered":"<p>Die &#8222;gro\u00dfe Sturmflut&#8220; von Tief &#8222;Axel&#8220; bringt schon zu Beginn des Jahres die Menschen auf Trab. Und auch die Medien, die nat\u00fcrlich immer &#8222;aufrunden&#8220;, damit es spektakul\u00e4r wird. Ganz besonders beliebt sind die S\u00e4tze mit Fragezeichen. &#8222;Wird Tief Axel&#8230;?&#8220; oder die bedrohenden S\u00e4tze, die vorausschauend alles erdenklich B\u00f6se suggerieren. Einzig interessant ist, was IST. Okay, &hellip; <a href=\"https:\/\/inselreport.eu\/?p=1100\" class=\"more-link\"><span class=\"screen-reader-text\">\u201eDie Ostsee l\u00e4uft \u00fcber&#8230; na ja, manchmal ist das so. Na und?\u201c<\/span> weiterlesen<\/a><\/p>\n","protected":false},"author":1,"featured_media":1101,"comment_status":"open","ping_status":"open","sticky":false,"template":"","format":"standard","meta":{"om_disable_all_campaigns":false,"_exactmetrics_skip_tracking":false,"_exactmetrics_sitenote_active":false,"_exactmetrics_sitenote_note":"","_exactmetrics_sitenote_category":0,"_uf_show_specific_survey":0,"_uf_disable_surveys":false,"footnotes":""},"categories":[1],"tags":[21,40,39,133,154,60,153],"class_list":["post-1100","post","type-post","status-publish","format-standard","has-post-thumbnail","hentry","category-allgemein","tag-ostsee","tag-ostsee-news","tag-ruegen","tag-ruegen-news","tag-tief-axel","tag-unwetter","tag-usedom"],"aioseo_notices":[],"_links":{"self":[{"href":"https:\/\/inselreport.eu\/index.php?rest_route=\/wp\/v2\/posts\/1100","targetHints":{"allow":["GET"]}}],"collection":[{"href":"https:\/\/inselreport.eu\/index.php?rest_route=\/wp\/v2\/posts"}],"about":[{"href":"https:\/\/inselreport.eu\/index.php?rest_route=\/wp\/v2\/types\/post"}],"author":[{"embeddable":true,"href":"https:\/\/inselreport.eu\/index.php?rest_route=\/wp\/v2\/users\/1"}],"replies":[{"embeddable":true,"href":"https:\/\/inselreport.eu\/index.php?rest_route=%2Fwp%2Fv2%2Fcomments&post=1100"}],"version-history":[{"count":8,"href":"https:\/\/inselreport.eu\/index.php?rest_route=\/wp\/v2\/posts\/1100\/revisions"}],"predecessor-version":[{"id":5133,"href":"https:\/\/inselreport.eu\/index.php?rest_route=\/wp\/v2\/posts\/1100\/revisions\/5133"}],"wp:featuredmedia":[{"embeddable":true,"href":"https:\/\/inselreport.eu\/index.php?rest_route=\/wp\/v2\/media\/1101"}],"wp:attachment":[{"href":"https:\/\/inselreport.eu\/index.php?rest_route=%2Fwp%2Fv2%2Fmedia&parent=1100"}],"wp:term":[{"taxonomy":"category","embeddable":true,"href":"https:\/\/inselreport.eu\/index.php?rest_route=%2Fwp%2Fv2%2Fcategories&post=1100"},{"taxonomy":"post_tag","embeddable":true,"href":"https:\/\/inselreport.eu\/index.php?rest_route=%2Fwp%2Fv2%2Ftags&post=1100"}],"curies":[{"name":"wp","href":"https:\/\/api.w.org\/{rel}","templated":true}]}}