{"id":111,"date":"2016-02-27T21:18:40","date_gmt":"2016-02-27T20:18:40","guid":{"rendered":"http:\/\/inselreport.eu\/?p=111"},"modified":"2019-11-22T14:01:18","modified_gmt":"2019-11-22T13:01:18","slug":"dieser-kalender-ueberlebt-die-zeit","status":"publish","type":"post","link":"https:\/\/inselreport.eu\/?p=111","title":{"rendered":"Dieser Kalender \u00fcberlebt die Zeit"},"content":{"rendered":"<h4><span style=\"color: #800080;\">Das Wichtigste gleich vorab: Jaaaa, es gibt diesen zauberhaften Kalender auch wieder f\u00fcr das Jahr 2017! An ausgew\u00e4hlten Orten auf R\u00fcgen.<\/span><\/h4>\n<p><img loading=\"lazy\" decoding=\"async\" width=\"532\" height=\"790\" class=\"alignnone wp-image-112\" alt=\"Rico_04\" src=\"http:\/\/inselreport.eu\/wp-content\/uploads\/2016\/02\/Rico_04-202x300.jpg\" srcset=\"https:\/\/inselreport.eu\/wp-content\/uploads\/2016\/02\/Rico_04-202x300.jpg 202w, https:\/\/inselreport.eu\/wp-content\/uploads\/2016\/02\/Rico_04-768x1140.jpg 768w, https:\/\/inselreport.eu\/wp-content\/uploads\/2016\/02\/Rico_04-690x1024.jpg 690w, https:\/\/inselreport.eu\/wp-content\/uploads\/2016\/02\/Rico_04-1200x1781.jpg 1200w, https:\/\/inselreport.eu\/wp-content\/uploads\/2016\/02\/Rico_04.jpg 1784w\" sizes=\"auto, (max-width: 532px) 85vw, 532px\" \/><\/p>\n<p>Es ist der letzte Kalender, den Rico Nestmann herausgebracht hat. Denn Rico, der sehr beliebte Kollege ist tot. W\u00e4hrend seiner spannenden Arbeit im Alter von 46 Jahren t\u00f6dlich verungl\u00fcckt. Banal vom Baum gefallen. Na gut: Wenigstens besser, als ewig lungernd in einem Krankenbett zu vegetieren. Ja, so m\u00f6chte ich auch sterben. Mitten in meiner gr\u00f6\u00dften Leidenschaft und Peng &#8211; und gut. Aber so fr\u00fch? Warum, Nico? W\u00e4ren wir zusammen auf den Baum gekrabbelt&#8230; &nbsp;ich kann das ganz gut, obwohl ich schon paar Stunden mehr &#8222;auf der Uhr habe&#8220; als Du.<\/p>\n<p><img loading=\"lazy\" decoding=\"async\" width=\"801\" height=\"924\" class=\"alignnone wp-image-113\" alt=\"Rico_03\" src=\"http:\/\/inselreport.eu\/wp-content\/uploads\/2016\/02\/Rico_03-260x300.jpg\" srcset=\"https:\/\/inselreport.eu\/wp-content\/uploads\/2016\/02\/Rico_03-260x300.jpg 260w, https:\/\/inselreport.eu\/wp-content\/uploads\/2016\/02\/Rico_03-768x885.jpg 768w, https:\/\/inselreport.eu\/wp-content\/uploads\/2016\/02\/Rico_03-888x1024.jpg 888w, https:\/\/inselreport.eu\/wp-content\/uploads\/2016\/02\/Rico_03-1200x1383.jpg 1200w, https:\/\/inselreport.eu\/wp-content\/uploads\/2016\/02\/Rico_03.jpg 1511w\" sizes=\"auto, (max-width: 709px) 85vw, (max-width: 909px) 67vw, (max-width: 984px) 61vw, (max-width: 1362px) 45vw, 600px\" \/><\/p>\n<p><!--more-->Wir werden nie wieder solche Fotos sehen, auf die er in unendlicher Geduld hingearbeitet hat. Das Schl\u00fcpfen von Seeadlern aus dem Ei&#8230;. wochenlanges Warten&#8230; aber letztlich geniale Fotos. Rico hat es gemacht und in 18 B\u00fcchern ver\u00f6ffentlicht. Rico war ein leidenschaftlicher K\u00fcnstler.<\/p>\n<p><img loading=\"lazy\" decoding=\"async\" width=\"683\" height=\"385\" class=\"alignnone wp-image-115\" alt=\"Rico_01\" src=\"http:\/\/inselreport.eu\/wp-content\/uploads\/2016\/02\/Rico_01-300x169.jpg\" srcset=\"https:\/\/inselreport.eu\/wp-content\/uploads\/2016\/02\/Rico_01-300x169.jpg 300w, https:\/\/inselreport.eu\/wp-content\/uploads\/2016\/02\/Rico_01-768x432.jpg 768w, https:\/\/inselreport.eu\/wp-content\/uploads\/2016\/02\/Rico_01-1024x576.jpg 1024w, https:\/\/inselreport.eu\/wp-content\/uploads\/2016\/02\/Rico_01-1200x675.jpg 1200w\" sizes=\"auto, (max-width: 709px) 85vw, (max-width: 909px) 67vw, (max-width: 984px) 61vw, (max-width: 1362px) 45vw, 600px\" \/><\/p>\n<p>Heute war seine Seebestattung und als Abschieds-Dankes-Geschenk gab es f\u00fcr alles Anwesenden einen Kalender f\u00fcr dieses Jahr. Einmalige Kranichfotos &#8211; wer will, und nicht dabei war, wird sicher Wege finden und noch einen erhaschen. Das Internet wei\u00df ja alles&#8230;. und zeigt auch die Wege zu seinen B\u00fcchern. So kannst auch Du einen kleinen Beitrag leisten, denn Ricos Familie lebt ja weiter. Seine Frau und zwei Kinder.<\/p>\n<p>Dieser Kalender jedenfalls wird auch nach dem Ablauf dieses Jahres bei mir sein. Und Rico in meinen Gedanken. Als Vorbild, als Freund und als einer der wenigen <em>herzlichen<\/em> Kollegen.<\/p>\n<p>Danke, Rico!<\/p>\n<p><img loading=\"lazy\" decoding=\"async\" width=\"518\" height=\"292\" class=\"alignnone wp-image-116\" alt=\"Rico_02\" src=\"http:\/\/inselreport.eu\/wp-content\/uploads\/2016\/02\/Rico_02-300x169.jpg\" srcset=\"https:\/\/inselreport.eu\/wp-content\/uploads\/2016\/02\/Rico_02-300x169.jpg 300w, https:\/\/inselreport.eu\/wp-content\/uploads\/2016\/02\/Rico_02-768x432.jpg 768w, https:\/\/inselreport.eu\/wp-content\/uploads\/2016\/02\/Rico_02-1024x576.jpg 1024w, https:\/\/inselreport.eu\/wp-content\/uploads\/2016\/02\/Rico_02-1200x675.jpg 1200w\" sizes=\"auto, (max-width: 518px) 85vw, 518px\" \/><\/p>\n<p>&nbsp;<\/p>\n<p>Du bist wohl auch der einzige Mensch, dem neben den Blumen auch Vogelfedern zugedacht sind.<\/p>\n<p>Ruhe in Frieden!<\/p>\n<p>Postscriptum: Im Gedenken an Rico Nestmann und sein Lebenswerk wurde dieser Kalender auch f\u00fcr 2017 heraus gebracht. Von seiner Frau und Familie.<\/p>\n<p>&nbsp;<\/p>\n<p>&nbsp;<\/p>\n<p>&nbsp;<\/p>\n","protected":false},"excerpt":{"rendered":"<p>Das Wichtigste gleich vorab: Jaaaa, es gibt diesen zauberhaften Kalender auch wieder f\u00fcr das Jahr 2017! An ausgew\u00e4hlten Orten auf R\u00fcgen. Es ist der letzte Kalender, den Rico Nestmann herausgebracht hat. Denn Rico, der sehr beliebte Kollege ist tot. W\u00e4hrend seiner spannenden Arbeit im Alter von 46 Jahren t\u00f6dlich verungl\u00fcckt. Banal vom Baum gefallen. Na &hellip; <a href=\"https:\/\/inselreport.eu\/?p=111\" class=\"more-link\"><span class=\"screen-reader-text\">\u201eDieser Kalender \u00fcberlebt die Zeit\u201c<\/span> weiterlesen<\/a><\/p>\n","protected":false},"author":1,"featured_media":0,"comment_status":"open","ping_status":"open","sticky":false,"template":"","format":"standard","meta":{"om_disable_all_campaigns":false,"_exactmetrics_skip_tracking":false,"_exactmetrics_sitenote_active":false,"_exactmetrics_sitenote_note":"","_exactmetrics_sitenote_category":0,"_uf_show_specific_survey":0,"_uf_disable_surveys":false,"footnotes":""},"categories":[1],"tags":[118,34,37,22,21,40,35,36],"class_list":["post-111","post","type-post","status-publish","format-standard","hentry","category-allgemein","tag-insel-ruegen-news","tag-kranich","tag-naturfotografie","tag-news","tag-ostsee","tag-ostsee-news","tag-rico-nestmann","tag-seebestattung"],"aioseo_notices":[],"_links":{"self":[{"href":"https:\/\/inselreport.eu\/index.php?rest_route=\/wp\/v2\/posts\/111","targetHints":{"allow":["GET"]}}],"collection":[{"href":"https:\/\/inselreport.eu\/index.php?rest_route=\/wp\/v2\/posts"}],"about":[{"href":"https:\/\/inselreport.eu\/index.php?rest_route=\/wp\/v2\/types\/post"}],"author":[{"embeddable":true,"href":"https:\/\/inselreport.eu\/index.php?rest_route=\/wp\/v2\/users\/1"}],"replies":[{"embeddable":true,"href":"https:\/\/inselreport.eu\/index.php?rest_route=%2Fwp%2Fv2%2Fcomments&post=111"}],"version-history":[{"count":6,"href":"https:\/\/inselreport.eu\/index.php?rest_route=\/wp\/v2\/posts\/111\/revisions"}],"predecessor-version":[{"id":5155,"href":"https:\/\/inselreport.eu\/index.php?rest_route=\/wp\/v2\/posts\/111\/revisions\/5155"}],"wp:attachment":[{"href":"https:\/\/inselreport.eu\/index.php?rest_route=%2Fwp%2Fv2%2Fmedia&parent=111"}],"wp:term":[{"taxonomy":"category","embeddable":true,"href":"https:\/\/inselreport.eu\/index.php?rest_route=%2Fwp%2Fv2%2Fcategories&post=111"},{"taxonomy":"post_tag","embeddable":true,"href":"https:\/\/inselreport.eu\/index.php?rest_route=%2Fwp%2Fv2%2Ftags&post=111"}],"curies":[{"name":"wp","href":"https:\/\/api.w.org\/{rel}","templated":true}]}}