{"id":1461,"date":"2017-04-04T21:43:17","date_gmt":"2017-04-04T19:43:17","guid":{"rendered":"http:\/\/inselreport.eu\/?p=1461"},"modified":"2019-11-22T12:57:45","modified_gmt":"2019-11-22T11:57:45","slug":"insel-ruegen-ruegen-ist-auf-dem-holzweg","status":"publish","type":"post","link":"https:\/\/inselreport.eu\/?p=1461","title":{"rendered":"Insel R\u00fcgen: R\u00dcGEN ist auf dem Holzweg!"},"content":{"rendered":"<p>&nbsp;<\/p>\n<figure id=\"attachment_228\" aria-describedby=\"caption-attachment-228\" style=\"width: 626px\" class=\"wp-caption alignnone\"><img loading=\"lazy\" decoding=\"async\" width=\"626\" height=\"405\" class=\" wp-image-228\" alt=\"Das ist Multi-Logistik, Rechts die neue Stra\u00dfe, daneben die Eisenbahnschienen, links daneben die alte, neu asphaltierte Stra\u00dfe und fast unsichtbar daneben noch der Radweg. Die Hauptschlagader R\u00fcgens.\" src=\"http:\/\/inselreport.eu\/wp-content\/uploads\/2016\/05\/Hauptschlagader-300x194.jpg\" srcset=\"https:\/\/inselreport.eu\/wp-content\/uploads\/2016\/05\/Hauptschlagader-300x194.jpg 300w, https:\/\/inselreport.eu\/wp-content\/uploads\/2016\/05\/Hauptschlagader.jpg 1200w\" sizes=\"auto, (max-width: 709px) 85vw, (max-width: 909px) 67vw, (max-width: 984px) 61vw, (max-width: 1362px) 45vw, 600px\" \/><figcaption id=\"caption-attachment-228\" class=\"wp-caption-text\">Das ist Multi-Logistik, Rechts die neue Stra\u00dfe, daneben die Eisenbahnschienen, links daneben die alte, neu asphaltierte Stra\u00dfe und fast unsichtbar daneben noch der Radweg. Die Hauptschlagader R\u00fcgens. Und st\u00e4ndig kommen Holztransporte Richtung Festland. Auf der Stra\u00dfe wie auf der Schiene.<\/figcaption><\/figure>\n<p>Da hab ich mich mal schon gewundert, warum in Rambin (also, als ich noch da wohnte, an der Hauptschlagader der Insel R\u00fcgen, also der Stra\u00dfe, wo alles hin \u2013 und Abgeht&#8230;) soooo viele LKW mit B\u00e4umen lang fahren. \u201eDie klauen hier das ganze Holz von der Insel\u201c hab ich auch mal gesagt.<\/p>\n<figure id=\"attachment_1472\" aria-describedby=\"caption-attachment-1472\" style=\"width: 647px\" class=\"wp-caption alignnone\"><img loading=\"lazy\" decoding=\"async\" width=\"647\" height=\"466\" class=\"wp-image-1472\" alt=\"Baum\" src=\"http:\/\/inselreport.eu\/wp-content\/uploads\/2017\/04\/Baum-300x216.jpg\" srcset=\"https:\/\/inselreport.eu\/wp-content\/uploads\/2017\/04\/Baum-300x216.jpg 300w, https:\/\/inselreport.eu\/wp-content\/uploads\/2017\/04\/Baum-768x552.jpg 768w, https:\/\/inselreport.eu\/wp-content\/uploads\/2017\/04\/Baum-1024x736.jpg 1024w, https:\/\/inselreport.eu\/wp-content\/uploads\/2017\/04\/Baum.jpg 1200w\" sizes=\"auto, (max-width: 709px) 85vw, (max-width: 909px) 67vw, (max-width: 984px) 61vw, (max-width: 1362px) 45vw, 600px\" \/><figcaption id=\"caption-attachment-1472\" class=\"wp-caption-text\">Kein sch\u00f6nes Ger\u00e4usch, wenn immer die Motors\u00e4gen zu h\u00f6ren sind und das Knacken der abbrechenden B\u00e4ume. Und kein sch\u00f6ner Anblick danach!<\/figcaption><\/figure>\n<p>Und was ist? Irgendwann wird Dir schlecht. Du l\u00e4ufst \u00fcber die Insel und denkst, es fetzt. Irrtum! Egal, ob im Park von Putbus, oder in Rambin oder im gesch\u00fctzten Unesco Weltkulturerbe, dem &#8222;Nationalpark Jasmund&#8220; oder auf der Deutschen Alleenstra\u00dfe&#8230; Du h\u00f6rst \u00fcberall die Motors\u00e4gen! Ja.<\/p>\n<figure id=\"attachment_70\" aria-describedby=\"caption-attachment-70\" style=\"width: 759px\" class=\"wp-caption alignnone\"><img loading=\"lazy\" decoding=\"async\" width=\"759\" height=\"569\" class=\"wp-image-70\" alt=\"\" src=\"http:\/\/inselreport.eu\/wp-content\/uploads\/2016\/02\/Buchenwald_03_-300x225.jpg\" srcset=\"https:\/\/inselreport.eu\/wp-content\/uploads\/2016\/02\/Buchenwald_03_-300x225.jpg 300w, https:\/\/inselreport.eu\/wp-content\/uploads\/2016\/02\/Buchenwald_03_-768x576.jpg 768w, https:\/\/inselreport.eu\/wp-content\/uploads\/2016\/02\/Buchenwald_03_.jpg 1000w\" sizes=\"auto, (max-width: 709px) 85vw, (max-width: 909px) 67vw, (max-width: 984px) 61vw, (max-width: 1362px) 45vw, 600px\" \/><figcaption id=\"caption-attachment-70\" class=\"wp-caption-text\">300 B\u00e4ume werden gerade gef\u00e4llt im Weltkulturerbe, dem &#8222;Urwald von Jasmund&#8220;. &nbsp;Angeblich, weil sie zu dicht am Ort und an der Stra\u00dfe stehen. Okay, ich hab die Schnei\u00dfe gesehen. Selbst wenn ein Baum umfallen w\u00fcrde, die Stra\u00dfe ist weiter weg, als der gef\u00e4llte Baum lang ist. (Oder ist Buchenholz auf dem Markt gerade begehrt?)<\/figcaption><\/figure>\n<p><!--more-->Wir reden hier ja auch nicht dar\u00fcber, dass mal EIN Baum krank ist &#8211; nein, es sind gleich 300! Die sind noch jung! 160 bis 180 Jahre jung! 250 Jahre schaffen sie locker, bevor sie dann zu meinem Schreibtisch werden d\u00fcrfen. Jetzt m\u00fcssen die weg. Damit die H\u00e4user gesch\u00fctzt sind. He, Ihr Deppen, warum baut Ihr denn Eure H\u00e4user da hin? Und Stra\u00dfen und den ganzen D\u00f6delkram? Ich kenne Eure Antwort schon: &#8222;Wegesicherungspflicht&#8220;. Was f\u00fcr ein Wort! Zuerst war da der Baum! Erst dann der Weg. Und DAS ist in meinen Augen vors\u00e4tzliche, oder zumindest fahrl\u00e4ssige Zerst\u00f6rung von Leben, Landschaften und Ressourcen! Auch B\u00e4ume sind Freunde untereinander! Aber nur, weil diese Freundschaft IN der Erde mit Hilfe von Pilzen&#8230; aufrecht erhalten wird, und der Mensch es nicht sieht&#8230; ist sie doch nicht einfach NICHT da! <span style=\"color: #0000ff;\">(MEHR DAZU IN EINEM DER ANDEREN ARTIKEL, also weiter lesen&#8230;)<\/span><\/p>\n<p>Ja Ja ja, es liegt daran, dass immer mehr Menschen freie Fahrt brauchen. Menschen also, die mal nicht eben so den Flair von der urspr\u00fcnglichen Insel R\u00fcgen erleben wollen, sondern Menschen, die \u201eLuftschnapper\u201c sind und mal eben schnell her d\u00fcsen wollen&nbsp;und meinen, sie k\u00f6nnten hier ALLES. Aber da war doch mal noch was: Sonne, absolute Stille im Buchenwald. Kein Reh, kein Vogel&#8230; Und jetzt?<\/p>\n<figure id=\"attachment_1490\" aria-describedby=\"caption-attachment-1490\" style=\"width: 644px\" class=\"wp-caption alignnone\"><img loading=\"lazy\" decoding=\"async\" width=\"644\" height=\"423\" class=\" wp-image-1490\" alt=\"# Jasmundsonne Foto: Marius Jaster\" src=\"http:\/\/inselreport.eu\/wp-content\/uploads\/2017\/04\/Jasmund_05-300x197.jpg\" srcset=\"https:\/\/inselreport.eu\/wp-content\/uploads\/2017\/04\/Jasmund_05-300x197.jpg 300w, https:\/\/inselreport.eu\/wp-content\/uploads\/2017\/04\/Jasmund_05-768x504.jpg 768w, https:\/\/inselreport.eu\/wp-content\/uploads\/2017\/04\/Jasmund_05-1024x672.jpg 1024w, https:\/\/inselreport.eu\/wp-content\/uploads\/2017\/04\/Jasmund_05.jpg 1200w\" sizes=\"auto, (max-width: 709px) 85vw, (max-width: 909px) 67vw, (max-width: 984px) 61vw, (max-width: 1362px) 45vw, 600px\" \/><figcaption id=\"caption-attachment-1490\" class=\"wp-caption-text\">2006, da war es noch m\u00f6glich, wenigstens mit dem Blick auf das Meer die Sonne zu genie\u00dfen und den Hauch von Romantik zu erfahren. Heute entstehen Wind-Parks, der Anblick der Ger\u00e4tschaften daf\u00fcr, also Sassnitz, ist furchterregend und der Blick aufs Meer sowieso &#8211; egal ob von R\u00fcgen oder vom Dar\u00df&#8230;<\/figcaption><\/figure>\n<figure id=\"attachment_1489\" aria-describedby=\"caption-attachment-1489\" style=\"width: 649px\" class=\"wp-caption alignnone\"><img loading=\"lazy\" decoding=\"async\" width=\"649\" height=\"593\" class=\" wp-image-1489\" alt=\"#61 Der Buchenwald hat an jeder Ecke seinen anderen Reiz Foto: Marius Jaster\" src=\"http:\/\/inselreport.eu\/wp-content\/uploads\/2017\/04\/Jasmund_02-300x274.jpg\" srcset=\"https:\/\/inselreport.eu\/wp-content\/uploads\/2017\/04\/Jasmund_02-300x274.jpg 300w, https:\/\/inselreport.eu\/wp-content\/uploads\/2017\/04\/Jasmund_02-768x701.jpg 768w, https:\/\/inselreport.eu\/wp-content\/uploads\/2017\/04\/Jasmund_02-1024x934.jpg 1024w, https:\/\/inselreport.eu\/wp-content\/uploads\/2017\/04\/Jasmund_02.jpg 1200w\" sizes=\"auto, (max-width: 709px) 85vw, (max-width: 909px) 67vw, (max-width: 984px) 61vw, (max-width: 1362px) 45vw, 600px\" \/><figcaption id=\"caption-attachment-1489\" class=\"wp-caption-text\">Auch nicht mehr wirklich da. Ein Weg durch den Wald mit B\u00e4umen, die noch stehen&#8230;<\/figcaption><\/figure>\n<figure id=\"attachment_1488\" aria-describedby=\"caption-attachment-1488\" style=\"width: 721px\" class=\"wp-caption alignnone\"><img loading=\"lazy\" decoding=\"async\" width=\"721\" height=\"478\" class=\" wp-image-1488\" alt=\"# 640 Pflasterstra\u00dfe im Abendlicht Foto: Marius Jaster\" src=\"http:\/\/inselreport.eu\/wp-content\/uploads\/2017\/04\/Jasmund_01-300x199.jpg\" srcset=\"https:\/\/inselreport.eu\/wp-content\/uploads\/2017\/04\/Jasmund_01-300x199.jpg 300w, https:\/\/inselreport.eu\/wp-content\/uploads\/2017\/04\/Jasmund_01-768x510.jpg 768w, https:\/\/inselreport.eu\/wp-content\/uploads\/2017\/04\/Jasmund_01-1024x680.jpg 1024w, https:\/\/inselreport.eu\/wp-content\/uploads\/2017\/04\/Jasmund_01.jpg 1200w\" sizes=\"auto, (max-width: 709px) 85vw, (max-width: 909px) 67vw, (max-width: 984px) 61vw, (max-width: 1362px) 45vw, 600px\" \/><figcaption id=\"caption-attachment-1488\" class=\"wp-caption-text\">Das, was R\u00fcgen ausmacht(e) ist bald schon Geschichte&#8230;<\/figcaption><\/figure>\n<figure id=\"attachment_152\" aria-describedby=\"caption-attachment-152\" style=\"width: 737px\" class=\"wp-caption alignnone\"><img loading=\"lazy\" decoding=\"async\" width=\"737\" height=\"496\" class=\"wp-image-152\" alt=\"Bitte nicht gegen die B\u00e4ume fahren\" src=\"http:\/\/inselreport.eu\/wp-content\/uploads\/2016\/03\/Bitte-nicht-gegen-die-B\u00e4ume-fahren-300x202.jpg\" srcset=\"https:\/\/inselreport.eu\/wp-content\/uploads\/2016\/03\/Bitte-nicht-gegen-die-B\u00e4ume-fahren-300x202.jpg 300w, https:\/\/inselreport.eu\/wp-content\/uploads\/2016\/03\/Bitte-nicht-gegen-die-B\u00e4ume-fahren-768x517.jpg 768w, https:\/\/inselreport.eu\/wp-content\/uploads\/2016\/03\/Bitte-nicht-gegen-die-B\u00e4ume-fahren.jpg 1000w\" sizes=\"auto, (max-width: 709px) 85vw, (max-width: 909px) 67vw, (max-width: 984px) 61vw, (max-width: 1362px) 45vw, 600px\" \/><figcaption id=\"caption-attachment-152\" class=\"wp-caption-text\">Solche Schilder brauchen wir hier nicht. Hier s\u00e4gen wir die B\u00e4ume einfach ab. Selbst auf den Alleenstra\u00dfen und im Nationalpark. (Das Foto entstand Anfang der 90-er in Brandenburg. Aber wegen &#8222;Sarkasmus&#8220; d\u00fcrfen die Schilder da auch nicht mehr sein. Gott sei Dank hab ich eins fotografiert! (Ein Dia, ganz herk\u00f6mmlich&#8230; und neu eingescannt, deswegen SORRY f\u00fcr die Qualit\u00e4t!)<\/figcaption><\/figure>\n<p>Und hier ist noch ein sch\u00f6nes Schild, an das sich aber keiner h\u00e4lt:<\/p>\n<figure id=\"attachment_1494\" aria-describedby=\"caption-attachment-1494\" style=\"width: 777px\" class=\"wp-caption alignnone\"><img loading=\"lazy\" decoding=\"async\" width=\"777\" height=\"466\" class=\" wp-image-1494\" alt='# 559 \"Eingang\" aus Richtung Hagen Foto: Marius Jaster' src=\"http:\/\/inselreport.eu\/wp-content\/uploads\/2017\/04\/Jasmund_03-300x180.jpg\" srcset=\"https:\/\/inselreport.eu\/wp-content\/uploads\/2017\/04\/Jasmund_03-300x180.jpg 300w, https:\/\/inselreport.eu\/wp-content\/uploads\/2017\/04\/Jasmund_03-768x460.jpg 768w, https:\/\/inselreport.eu\/wp-content\/uploads\/2017\/04\/Jasmund_03-1024x614.jpg 1024w, https:\/\/inselreport.eu\/wp-content\/uploads\/2017\/04\/Jasmund_03.jpg 1200w\" sizes=\"auto, (max-width: 709px) 85vw, (max-width: 909px) 67vw, (max-width: 984px) 61vw, (max-width: 1362px) 45vw, 600px\" \/><figcaption id=\"caption-attachment-1494\" class=\"wp-caption-text\">Da schreibt mir eine Leserin in der letzten Nacht: &#8222;Ich hab schon zur Unesco geschrieben und Dies und Das&#8230; : Null Reaktion! Was ist da los?<\/figcaption><\/figure>\n<p>Klar k\u00f6nnen sie. Zuerst mal in Betten h\u00fcpfen, die noch nicht mal abgek\u00fchlt sind von der Nacht der Vorg\u00e4nger. Das passiert so im Groben Samstags zwischen 10 und 16 Uhr. Das Bettw\u00e4sche-Wechsel-Personal ist relativ \u00fcberlastet und ehrlich: Ich w\u00fcrde es eklig finden. Nur der Gedanke: Da haben die &#8230; gerade noch gepoppt und sonst was gemacht und JETZT soll ich da rein? Nur weil ein d\u00fcnner Bettbezug das alles verschleiert? Au weia.<\/p>\n<p>Okay, das ist Geschmackssache und wer will, der darf&#8230; Ich nicht. Kauf ich mir lieber ein Zelt und hab MEINS!<\/p>\n<figure id=\"attachment_1473\" aria-describedby=\"caption-attachment-1473\" style=\"width: 659px\" class=\"wp-caption alignnone\"><img loading=\"lazy\" decoding=\"async\" width=\"659\" height=\"371\" class=\"wp-image-1473\" alt=\"Baum_02\" src=\"http:\/\/inselreport.eu\/wp-content\/uploads\/2017\/04\/Baum_02-300x169.jpg\" srcset=\"https:\/\/inselreport.eu\/wp-content\/uploads\/2017\/04\/Baum_02-300x169.jpg 300w, https:\/\/inselreport.eu\/wp-content\/uploads\/2017\/04\/Baum_02-768x432.jpg 768w, https:\/\/inselreport.eu\/wp-content\/uploads\/2017\/04\/Baum_02-1024x576.jpg 1024w, https:\/\/inselreport.eu\/wp-content\/uploads\/2017\/04\/Baum_02.jpg 1200w\" sizes=\"auto, (max-width: 709px) 85vw, (max-width: 909px) 67vw, (max-width: 984px) 61vw, (max-width: 1362px) 45vw, 600px\" \/><figcaption id=\"caption-attachment-1473\" class=\"wp-caption-text\">Kilometer lang das gleiche Bild: Alle B\u00e4ume mussten weg, f\u00fcr die neue Stra\u00dfe, die zwischen Samtens und Bergen WIRKLICH nicht notwendig w\u00e4re. Gute Reise, sch\u00f6ne Aussichten! Genie\u00dft den &#8222;Flair von R\u00fcgen&#8220; schon bei der Anreise!<\/figcaption><\/figure>\n<p>(Mal Video besser den Ton ausschalten! Pfeift ganz sch\u00f6n um die Ohren) Das ist also ein St\u00fcck Aussicht von der alten Stra\u00dfe auf die Baustelle der neuen B96 auf R\u00fcgen. Zwischen Bergen und Samtens.<\/p>\n<p><iframe loading=\"lazy\" title=\"R\u00fcgen B96n\" width=\"840\" height=\"630\" src=\"https:\/\/www.youtube.com\/embed\/pNlvPH8lRMg?feature=oembed\" frameborder=\"0\" allow=\"accelerometer; autoplay; encrypted-media; gyroscope; picture-in-picture\" allowfullscreen><\/iframe><\/p>\n<p>Das Schlimme aber ist: Wegen diesen \u201eLuftschnappern\u201c geht die Insel den Bach runter! Da m\u00fcssen B\u00e4ume weg! Hier, weil da Ferienh\u00e4user hin sollen. Dort, weil die Menschen mal paar Minuten im Stau stehen, um f\u00fcr weniger als 100 Tage im Jahr zu den St\u00f6rtebekerfestspielen zu gelangen.<\/p>\n<figure id=\"attachment_1474\" aria-describedby=\"caption-attachment-1474\" style=\"width: 724px\" class=\"wp-caption alignnone\"><img loading=\"lazy\" decoding=\"async\" width=\"724\" height=\"408\" class=\"wp-image-1474\" alt=\"Allee\" src=\"http:\/\/inselreport.eu\/wp-content\/uploads\/2017\/04\/Allee-300x169.jpg\" srcset=\"https:\/\/inselreport.eu\/wp-content\/uploads\/2017\/04\/Allee-300x169.jpg 300w, https:\/\/inselreport.eu\/wp-content\/uploads\/2017\/04\/Allee-768x432.jpg 768w, https:\/\/inselreport.eu\/wp-content\/uploads\/2017\/04\/Allee-1024x576.jpg 1024w, https:\/\/inselreport.eu\/wp-content\/uploads\/2017\/04\/Allee.jpg 1200w\" sizes=\"auto, (max-width: 709px) 85vw, (max-width: 909px) 67vw, (max-width: 984px) 61vw, (max-width: 1362px) 45vw, 600px\" \/><figcaption id=\"caption-attachment-1474\" class=\"wp-caption-text\">Ja, wir m\u00fcssen schon aufpassen, dass da nicht nur noch die Schilder an der Stra\u00dfe stehen, die daran erinnern, dass da mal eine Alleenstra\u00dfe war! Normalerweise hei\u00dft es ja: &#8222;Links steh&#8217;n B\u00e4ume, rechts steh&#8217;n B\u00e4ume und dazwischen Zwischenr\u00e4ume&#8220;&#8230; Links ist es schon ganz sch\u00f6n d\u00fcnn. Und Richtung Ralswieck m\u00fcssen auch erst mal ganz ganz viele weg!<\/figcaption><\/figure>\n<p>Da stirbt gerade wieder kurz vor Ralswieck ein St\u00fcck der \u201eDeutschen Allenstra\u00dfe\u201c. Die muss ja breiter werden&#8230; In Binz fallen die B\u00e4ume, weil noch ein Meter zugebaut werden muss, in Prora m\u00fcssen B\u00e4ume weichen, werden die Str\u00e4nde gesperrt, weil im \u201eHitlerbalken\u201c neue Ferienwohnungen entstehen (ich w\u00fcrde mir NIEMALS in so einer Energie Eigentum kaufen) und wer da \u201ePrivatstrand\u201c hin schreibt, der irrt&#8230; sagte zumindest der B\u00fcrgermeister von Binz. Noch! Ja, und klar m\u00fcssen f\u00fcr so edle Wohnungen Pools gebaut werden. 50 Meter von der Ostsee entfernt!&#8230; &nbsp;In Lohme wird gerade ein Ferienobjekt vorbereitet, das gr\u00f6\u00dfer ist als der Ort selbst. Rambin kotzt, wegen dem L\u00e4rm, weil es ja direkt an der Haupt-Verkehrs-Schlagader liegt und f\u00e4llt B\u00e4ume!<\/p>\n<figure id=\"attachment_1470\" aria-describedby=\"caption-attachment-1470\" style=\"width: 700px\" class=\"wp-caption alignnone\"><img loading=\"lazy\" decoding=\"async\" width=\"700\" height=\"525\" class=\"wp-image-1470\" alt=\"Rambin_02\" src=\"http:\/\/inselreport.eu\/wp-content\/uploads\/2017\/04\/Rambin_02-300x225.jpg\" srcset=\"https:\/\/inselreport.eu\/wp-content\/uploads\/2017\/04\/Rambin_02-300x225.jpg 300w, https:\/\/inselreport.eu\/wp-content\/uploads\/2017\/04\/Rambin_02-768x576.jpg 768w, https:\/\/inselreport.eu\/wp-content\/uploads\/2017\/04\/Rambin_02-1024x768.jpg 1024w, https:\/\/inselreport.eu\/wp-content\/uploads\/2017\/04\/Rambin_02.jpg 1200w\" sizes=\"auto, (max-width: 709px) 85vw, (max-width: 909px) 67vw, (max-width: 984px) 61vw, (max-width: 1362px) 45vw, 600px\" \/><figcaption id=\"caption-attachment-1470\" class=\"wp-caption-text\">Wegen &#8222;DreiAutoFuffzig&#8220; wurde dieser Weg jetzt asphaltiert. Okay, da staubt es nicht. Aber WARUM mussten dann die ganzen B\u00e4ume weg?<\/figcaption><\/figure>\n<p>Da gab es mal einen kleinen Feldweg mit B\u00e4umen links und rechts. Jetzt wurde die im Rahmen der allgemeinen Verkehrsplanung mal asphaltiert. Aber WARUM m\u00fcssen dann die B\u00e4ume weg, rechts und links? Eine Stra\u00dfe, auf der etwa 50 Autos fahren. Am Tag! (Wenn \u00fcberhaupt!)<\/p>\n<figure id=\"attachment_1468\" aria-describedby=\"caption-attachment-1468\" style=\"width: 737px\" class=\"wp-caption alignnone\"><img loading=\"lazy\" decoding=\"async\" width=\"737\" height=\"447\" class=\"wp-image-1468\" alt=\"Rambin_01\" src=\"http:\/\/inselreport.eu\/wp-content\/uploads\/2017\/04\/Rambin_01-300x182.jpg\" srcset=\"https:\/\/inselreport.eu\/wp-content\/uploads\/2017\/04\/Rambin_01-300x182.jpg 300w, https:\/\/inselreport.eu\/wp-content\/uploads\/2017\/04\/Rambin_01-768x465.jpg 768w, https:\/\/inselreport.eu\/wp-content\/uploads\/2017\/04\/Rambin_01-1024x620.jpg 1024w, https:\/\/inselreport.eu\/wp-content\/uploads\/2017\/04\/Rambin_01.jpg 1200w\" sizes=\"auto, (max-width: 709px) 85vw, (max-width: 909px) 67vw, (max-width: 984px) 61vw, (max-width: 1362px) 45vw, 600px\" \/><figcaption id=\"caption-attachment-1468\" class=\"wp-caption-text\">Nix mit &#8222;Treffen im Gr\u00fcnen&#8220;. Alles muss weg, ein Haus muss hin.<\/figcaption><\/figure>\n<p>Dass dann noch kleine Oasen, die sich zu \u201eTreffpunkten im Gr\u00fcnen\u201c h\u00e4tten ausbauen lassen, weichen m\u00fcssen \u2013 weil: \u201eMuss noch ein Haus hin\u201c ist ne andere Geschichte. Okay, ist halt Rambin. Nur 5 Kilometer von Altef\u00e4hr entfernt und hier gilt, wie inzwischen auf ganz R\u00fcgen \u00fcberhaupt: \u201eJeder Zentimeter Land muss irgendwie zu Geld gemacht werden.<\/p>\n<p><img loading=\"lazy\" decoding=\"async\" width=\"337\" height=\"449\" class=\"wp-image-1487 alignleft\" alt=\"Altefair\" src=\"http:\/\/inselreport.eu\/wp-content\/uploads\/2017\/04\/Altefair-225x300.jpg\" srcset=\"https:\/\/inselreport.eu\/wp-content\/uploads\/2017\/04\/Altefair-225x300.jpg 225w, https:\/\/inselreport.eu\/wp-content\/uploads\/2017\/04\/Altefair-768x1024.jpg 768w, https:\/\/inselreport.eu\/wp-content\/uploads\/2017\/04\/Altefair.jpg 1200w\" sizes=\"auto, (max-width: 337px) 85vw, 337px\" \/><\/p>\n<p>Tja, bauen wir das alte Fischerdorf Altef\u00e4hr also auch zu. Es gab Zeiten, da war es dort sch\u00f6n! Willst auch ein Ferienhaus? Ansprechpartner ist Herr Donig! Das ist halt nur der B\u00fcrgermeister!!!! Ist er nun B\u00fcrgermeister oder Immobilienfritze? Und: Darf der das \u00fcberhaupt? Die B\u00fcrger von Altef\u00e4hr jedenfalls kotzen!<\/p>\n<p>&#8222;Eins gilt: Futsch ist futsch und hin ist hin.&#8220;<\/p>\n<p>&nbsp;<\/p>\n<p>Zauberwort: Ferienh\u00e4user. Gier, Geiz und Profit gehen hier VOR die Natur und den Flair, der es ausmacht. Kurzum: \u201eInsel R\u00fcgen iss inn Arsch!\u201c<\/p>\n<p>Und dann kommen Promis her und kaufen sich auch was. Namen lass ich mal weg. Es gen\u00fcgt mir die Genugtuung, dass sie mal auch nur ein bisschen Zeit brauchen, um zu erkennen, dass es falsch war. Also immerhin kenne ich um drei Ecken Menschen, die HABEN hier ein geiles Grundst\u00fcck, ein geiles Haus \u2013 Hund und Katze&#8230; und was eben dazu geh\u00f6rt und WAREN GERADE WEG (ich wei\u00df das, weil meine liebe Assistentin Sabine sich mal um Hund und Katze k\u00fcmmern durfte) UM SICH IRGENDWO IM S\u00dcDEN DEUTSCHLANDS, also NICHT AUF R\u00dcGEN ein neues Haus zu suchen. Um es ganz klar und deutlich zu sagen: DIE HABEN DIE SCHNAUZE VOLL von R\u00fcgen. Urlauber, die sich andere Ziele suchen, gibt es auch schon. Kurzum: ALLES, nur nicht mehr R\u00fcgen.<\/p>\n<figure id=\"attachment_202\" aria-describedby=\"caption-attachment-202\" style=\"width: 659px\" class=\"wp-caption alignnone\"><img loading=\"lazy\" decoding=\"async\" width=\"659\" height=\"437\" class=\"wp-image-202\" alt=\"Stra\u00dfe hei\u00df_02\" src=\"http:\/\/inselreport.eu\/wp-content\/uploads\/2016\/05\/Stra\u00dfe-hei\u00df_02-300x199.jpg\" srcset=\"https:\/\/inselreport.eu\/wp-content\/uploads\/2016\/05\/Stra\u00dfe-hei\u00df_02-300x199.jpg 300w, https:\/\/inselreport.eu\/wp-content\/uploads\/2016\/05\/Stra\u00dfe-hei\u00df_02-768x511.jpg 768w, https:\/\/inselreport.eu\/wp-content\/uploads\/2016\/05\/Stra\u00dfe-hei\u00df_02-1024x681.jpg 1024w, https:\/\/inselreport.eu\/wp-content\/uploads\/2016\/05\/Stra\u00dfe-hei\u00df_02-1200x798.jpg 1200w\" sizes=\"auto, (max-width: 709px) 85vw, (max-width: 909px) 67vw, (max-width: 984px) 61vw, (max-width: 1362px) 45vw, 600px\" \/><figcaption id=\"caption-attachment-202\" class=\"wp-caption-text\">B\u00e4ume weg, Asphalt hin. Anders iss nicht&#8230;<\/figcaption><\/figure>\n<p>Ich bin auch schon im Abflug. Also alles DAS, wo die Menschen vor 25 Jahren noch sagten: \u201eDie Fehler der Wessis wiederholen wir nicht\u201c&#8230; ist nicht mehr g\u00fcltig. \u201eJetzt gerade, und JETZT ERST RECHT!\u201c ist die Devise. Klar, wenn Wessis nach R\u00fcgen kommen und hier \u201eregieren\u201c so wie in Lohme&#8230;. Und klar, wenn Ossis den Wessis abgucken und nun auch der Meinung sind: \u201eGeld ist ALLES\u201c.<\/p>\n<p>Alles ist Irrtum! Goethe hat es mal so gesagt: \u201eMan muss das Wahre immer wiederholen, weil auch der Irrtum um uns herum immer wieder gepredigt wird. Und zwar nicht von Einzelnen, sondern von der Masse. In Zeitungen und Enzyklop\u00e4dien, auf Schulen und Universit\u00e4ten. \u00dcberall ist der Irrtum obenauf und es ist ihm wohl und behaglich im Gef\u00fchl der Majorit\u00e4t, die auf seiner Seite ist.&#8220; (Goethe) Und er hat sinngem\u00e4\u00df noch gesagt: \u201eDie Natur hat immer Recht. Der Irrtum liegt einzig und allein beim Menschen\u201c.<\/p>\n<p>Wer also nach R\u00fcgen will, der irrt, und zerst\u00f6rt mit seiner Anwesenheit die Natur. Zumindest, wenn es im Zuge des Massentourismus geschieht. R\u00fcgen eben geht kaputt. Nicht, weil er da ist, der Mensch, der Gast sondern weil die, die hier sind (oder eben viele davon) Dein Geld wollen und daf\u00fcr ALLES geben. Die s\u00e4gen sogar den Ast ab, auf dem sie sitzen. Ich finde das bl\u00f6d &#8211; und nicht nur ich! Weil: Die wirklichen G\u00e4ste, die jenseits von Bettenburgen das Eigentliche genie\u00dfen wollten, die bleiben langsam aber sicher weg&#8230;<\/p>\n<p style=\"text-align: right;\">Fotos: <span style=\"color: #ff0000;\">\u00a9 <\/span>Marius Jaster<\/p>\n<h3 style=\"text-align: center;\"><span style=\"color: #800080;\">DANKE f\u00fcr Deinen Beitrag!<\/span><\/h3>\n<p><img loading=\"lazy\" decoding=\"async\" width=\"610\" height=\"409\" class=\"alignnone wp-image-3253\" alt=\"DSC_0010-001\" src=\"http:\/\/inselreport.eu\/wp-content\/uploads\/2017\/02\/DSC_0010-001-300x201.jpg\" srcset=\"https:\/\/inselreport.eu\/wp-content\/uploads\/2017\/02\/DSC_0010-001-300x201.jpg 300w, https:\/\/inselreport.eu\/wp-content\/uploads\/2017\/02\/DSC_0010-001-768x515.jpg 768w, https:\/\/inselreport.eu\/wp-content\/uploads\/2017\/02\/DSC_0010-001.jpg 800w\" sizes=\"auto, (max-width: 709px) 85vw, (max-width: 909px) 67vw, (max-width: 984px) 61vw, (max-width: 1362px) 45vw, 600px\" \/><\/p>\n<pre><span style=\"color: #800080;\"><span style=\"color: #ff0000;\">W\u00e4hle den Betrag selbst!<\/span>\nZahlungsempf\u00e4nger:<\/span> <span style=\"color: #0000ff;\">Marius Jaster \n<strong>IBAN: DE 088 50 200 86 000 803 55 12<\/strong><strong> (BIC: HYVEDE MM 496)<\/strong> \n<\/span>Gib bitte den Namen des Artikels mit an. DANKE!<\/pre>\n<p>Weitere Artikel:<\/p>\n<blockquote class=\"wp-embedded-content\" data-secret=\"esFCavb3hV\"><p><a href=\"http:\/\/inselreport.eu\/?p=1496\">Insel R\u00fcgen: R\u00fcgen ist auf dem Holzweg. Update # 01<\/a><\/p><\/blockquote>\n<p><iframe loading=\"lazy\" title=\"&#8222;Insel R\u00fcgen: R\u00fcgen ist auf dem Holzweg. Update # 01&#8220; &#8212; inselreport.eu\" class=\"wp-embedded-content\" sandbox=\"allow-scripts\" security=\"restricted\" style=\"position: absolute; clip: rect(1px, 1px, 1px, 1px);\" src=\"http:\/\/inselreport.eu\/?p=1496&#038;embed=true#?secret=esFCavb3hV\" data-secret=\"esFCavb3hV\" width=\"600\" height=\"338\" frameborder=\"0\" marginwidth=\"0\" marginheight=\"0\" scrolling=\"no\"><\/iframe><\/p>\n<blockquote class=\"wp-embedded-content\" data-secret=\"VK3js3bzEV\"><p><a href=\"http:\/\/inselreport.eu\/?p=1528\">R\u00fcgen auf dem Holzweg. Update # 02: Meinungen und Fotos unserer Leser<\/a><\/p><\/blockquote>\n<p><iframe loading=\"lazy\" title=\"&#8222;R\u00fcgen auf dem Holzweg. Update # 02: Meinungen und Fotos unserer Leser&#8220; &#8212; inselreport.eu\" class=\"wp-embedded-content\" sandbox=\"allow-scripts\" security=\"restricted\" style=\"position: absolute; clip: rect(1px, 1px, 1px, 1px);\" src=\"http:\/\/inselreport.eu\/?p=1528&#038;embed=true#?secret=VK3js3bzEV\" data-secret=\"VK3js3bzEV\" width=\"600\" height=\"338\" frameborder=\"0\" marginwidth=\"0\" marginheight=\"0\" scrolling=\"no\"><\/iframe><\/p>\n<blockquote class=\"wp-embedded-content\" data-secret=\"M6Qw7Mq3YB\"><p><a href=\"http:\/\/inselreport.eu\/?p=1800\">R\u00fcgen ist auf dem Holzweg.    Update # 03 &#8211; Videos<\/a><\/p><\/blockquote>\n<p><iframe loading=\"lazy\" title=\"&#8222;R\u00fcgen ist auf dem Holzweg.    Update # 03 &#8211; Videos&#8220; &#8212; inselreport.eu\" class=\"wp-embedded-content\" sandbox=\"allow-scripts\" security=\"restricted\" style=\"position: absolute; clip: rect(1px, 1px, 1px, 1px);\" src=\"http:\/\/inselreport.eu\/?p=1800&#038;embed=true#?secret=M6Qw7Mq3YB\" data-secret=\"M6Qw7Mq3YB\" width=\"600\" height=\"338\" frameborder=\"0\" marginwidth=\"0\" marginheight=\"0\" scrolling=\"no\"><\/iframe><\/p>\n<p>&nbsp;<\/p>\n<p>&nbsp;<\/p>\n","protected":false},"excerpt":{"rendered":"<p>&nbsp; Da hab ich mich mal schon gewundert, warum in Rambin (also, als ich noch da wohnte, an der Hauptschlagader der Insel R\u00fcgen, also der Stra\u00dfe, wo alles hin \u2013 und Abgeht&#8230;) soooo viele LKW mit B\u00e4umen lang fahren. \u201eDie klauen hier das ganze Holz von der Insel\u201c hab ich auch mal gesagt. Und was &hellip; <a href=\"https:\/\/inselreport.eu\/?p=1461\" class=\"more-link\"><span class=\"screen-reader-text\">\u201eInsel R\u00fcgen: R\u00dcGEN ist auf dem Holzweg!\u201c<\/span> weiterlesen<\/a><\/p>\n","protected":false},"author":1,"featured_media":1467,"comment_status":"open","ping_status":"open","sticky":false,"template":"","format":"standard","meta":{"om_disable_all_campaigns":false,"_exactmetrics_skip_tracking":false,"_exactmetrics_sitenote_active":false,"_exactmetrics_sitenote_note":"","_exactmetrics_sitenote_category":0,"_uf_show_specific_survey":0,"_uf_disable_surveys":false,"footnotes":""},"categories":[2,56,17],"tags":[189,195,11,118,21,40,188],"class_list":["post-1461","post","type-post","status-publish","format-standard","has-post-thumbnail","hentry","category-insel-ruegen","category-kolumnen","category-wissenswertes","tag-baeume-ruegen","tag-darss","tag-insel-ruegen","tag-insel-ruegen-news","tag-ostsee","tag-ostsee-news","tag-raubbau-auf-ruegen"],"aioseo_notices":[],"_links":{"self":[{"href":"https:\/\/inselreport.eu\/index.php?rest_route=\/wp\/v2\/posts\/1461","targetHints":{"allow":["GET"]}}],"collection":[{"href":"https:\/\/inselreport.eu\/index.php?rest_route=\/wp\/v2\/posts"}],"about":[{"href":"https:\/\/inselreport.eu\/index.php?rest_route=\/wp\/v2\/types\/post"}],"author":[{"embeddable":true,"href":"https:\/\/inselreport.eu\/index.php?rest_route=\/wp\/v2\/users\/1"}],"replies":[{"embeddable":true,"href":"https:\/\/inselreport.eu\/index.php?rest_route=%2Fwp%2Fv2%2Fcomments&post=1461"}],"version-history":[{"count":30,"href":"https:\/\/inselreport.eu\/index.php?rest_route=\/wp\/v2\/posts\/1461\/revisions"}],"predecessor-version":[{"id":5124,"href":"https:\/\/inselreport.eu\/index.php?rest_route=\/wp\/v2\/posts\/1461\/revisions\/5124"}],"wp:featuredmedia":[{"embeddable":true,"href":"https:\/\/inselreport.eu\/index.php?rest_route=\/wp\/v2\/media\/1467"}],"wp:attachment":[{"href":"https:\/\/inselreport.eu\/index.php?rest_route=%2Fwp%2Fv2%2Fmedia&parent=1461"}],"wp:term":[{"taxonomy":"category","embeddable":true,"href":"https:\/\/inselreport.eu\/index.php?rest_route=%2Fwp%2Fv2%2Fcategories&post=1461"},{"taxonomy":"post_tag","embeddable":true,"href":"https:\/\/inselreport.eu\/index.php?rest_route=%2Fwp%2Fv2%2Ftags&post=1461"}],"curies":[{"name":"wp","href":"https:\/\/api.w.org\/{rel}","templated":true}]}}