{"id":1528,"date":"2017-04-19T13:45:13","date_gmt":"2017-04-19T11:45:13","guid":{"rendered":"http:\/\/inselreport.eu\/?p=1528"},"modified":"2019-11-22T12:55:50","modified_gmt":"2019-11-22T11:55:50","slug":"insel-ruegen-ruegen-ist-auf-dem-holzweg-update-2","status":"publish","type":"post","link":"https:\/\/inselreport.eu\/?p=1528","title":{"rendered":"R\u00fcgen auf dem Holzweg. Update # 02: Meinungen und Fotos unserer Leser"},"content":{"rendered":"<p>Die ersten beiden Artikel zu diesem Thema (&#8222;Insel R\u00fcgen ist auf dem Holzweg&#8220; und dazu das &#8222;Update # 01&#8220;) schlagen ja richtig Wellen in Deutschland. Die geteilte Version auf Facebock bewegte schon \u00fcber 5000 Menschen.<\/p>\n<p>Danke zun\u00e4chst an Frank Kettwig aus Buchholz f\u00fcr das tolle Titelfoto! (<span style=\"color: #800080;\"><a style=\"color: #800080;\" href=\"http:\/\/www.fotokettwig.de\">http:\/\/www.fotokettwig.de<\/a>,&nbsp;<a style=\"color: #800080;\" href=\"http:\/\/www.kettwig-design.de\">http:\/\/www.kettwig-design.de<\/a><\/span>) das mich mit den Worten erreichte:<\/p>\n<p>&#8222;Moin Herr Jaster,&nbsp;habe Ihnen mal ein Foto zum Thema angeh\u00e4ngt. Bin seit Jahren auf R\u00fcgen als Fotograf unterwegs und muss leider&nbsp;auch die extreme Umweltvernichtung best\u00e4tigen.&#8220;<\/p>\n<figure id=\"attachment_1537\" aria-describedby=\"caption-attachment-1537\" style=\"width: 777px\" class=\"wp-caption alignnone\"><img loading=\"lazy\" decoding=\"async\" width=\"777\" height=\"373\" class=\"wp-image-1537\" alt=\"Uhr\" src=\"http:\/\/inselreport.eu\/wp-content\/uploads\/2017\/04\/Uhr-300x144.jpg\" srcset=\"https:\/\/inselreport.eu\/wp-content\/uploads\/2017\/04\/Uhr-300x144.jpg 300w, https:\/\/inselreport.eu\/wp-content\/uploads\/2017\/04\/Uhr-1024x490.jpg 1024w, https:\/\/inselreport.eu\/wp-content\/uploads\/2017\/04\/Uhr.jpg 1200w\" sizes=\"auto, (max-width: 709px) 85vw, (max-width: 909px) 67vw, (max-width: 984px) 61vw, (max-width: 1362px) 45vw, 600px\" \/><figcaption id=\"caption-attachment-1537\" class=\"wp-caption-text\">Ja, es ist f\u00fcnf vor 12 auf R\u00fcgen! Die Insel selbst, aber auch die &#8222;Butler&#8220; ((Reinigungskr\u00e4fte, Servicekr\u00e4fte in der Gastronomie&#8230;) ersticken an dem hochgez\u00fcchteten Massentourismus mit dem entsprechenden Verkehr (Foto: Marius Jaster)<\/figcaption><\/figure>\n<p>Ja, und in diesem &#8222;Update # 02&#8220; gibt es jetzt Stimmen der Leser, die in den Kommentaren der anderen Artikel erschienen, oder direkt an mich herangetragen wurden\/werden. Und JEDER darf das. Auch DU! Am Besten nat\u00fcrlich FOTOS! Wir k\u00f6nnen nicht \u00fcberall gleichzeitig sein.<\/p>\n<figure id=\"attachment_1513\" aria-describedby=\"caption-attachment-1513\" style=\"width: 618px\" class=\"wp-caption alignnone\"><img loading=\"lazy\" decoding=\"async\" width=\"618\" height=\"412\" class=\"wp-image-1513\" alt=\"Baum_03\" src=\"http:\/\/inselreport.eu\/wp-content\/uploads\/2017\/04\/Baum_03-300x200.jpg\" srcset=\"https:\/\/inselreport.eu\/wp-content\/uploads\/2017\/04\/Baum_03-300x200.jpg 300w, https:\/\/inselreport.eu\/wp-content\/uploads\/2017\/04\/Baum_03-768x512.jpg 768w, https:\/\/inselreport.eu\/wp-content\/uploads\/2017\/04\/Baum_03-1024x683.jpg 1024w, https:\/\/inselreport.eu\/wp-content\/uploads\/2017\/04\/Baum_03.jpg 1200w\" sizes=\"auto, (max-width: 709px) 85vw, (max-width: 909px) 67vw, (max-width: 984px) 61vw, (max-width: 1362px) 45vw, 600px\" \/><figcaption id=\"caption-attachment-1513\" class=\"wp-caption-text\">Die Allee zwischen Strissendorf und Moritzdorf auf R\u00fcgen. Bald schon Geschichte, weil die Stra\u00dfe wegen der vielen St\u00f6rtebeker-Besucher und aus anderen Gr\u00fcnden auf 7,50 Meter verbreitert werden muss. Foto: Mario Frost<\/figcaption><\/figure>\n<figure id=\"attachment_1779\" aria-describedby=\"caption-attachment-1779\" style=\"width: 627px\" class=\"wp-caption alignnone\"><img loading=\"lazy\" decoding=\"async\" width=\"627\" height=\"418\" class=\"wp-image-1779\" alt=\"Jasmund\" src=\"http:\/\/inselreport.eu\/wp-content\/uploads\/2017\/04\/Jasmund-300x200.jpg\" srcset=\"https:\/\/inselreport.eu\/wp-content\/uploads\/2017\/04\/Jasmund-300x200.jpg 300w, https:\/\/inselreport.eu\/wp-content\/uploads\/2017\/04\/Jasmund-768x512.jpg 768w, https:\/\/inselreport.eu\/wp-content\/uploads\/2017\/04\/Jasmund-1024x683.jpg 1024w, https:\/\/inselreport.eu\/wp-content\/uploads\/2017\/04\/Jasmund.jpg 1200w\" sizes=\"auto, (max-width: 709px) 85vw, (max-width: 909px) 67vw, (max-width: 984px) 61vw, (max-width: 1362px) 45vw, 600px\" \/><figcaption id=\"caption-attachment-1779\" class=\"wp-caption-text\">Ganz aktuell &#8211; 3. Mai 2017: Der Nationalpark Jasmund &#8211; beim K\u00f6nigsstuhl. Foto: Mario Frost<\/figcaption><\/figure>\n<p>B\u00e4ume von Alleenstra\u00dfen, die noch stehen und bereits wei\u00dfe Kreuze tragen &#8211; z.B. Richtung Ralswiek, oder B\u00e4ume, die mal standen, aber weg sind (Nationalpark Jasmund, Bergen, die Stra\u00dfe zwischen Samtens und Garz, wo wegen der neuen Stra\u00dfe auch die Alleenstra\u00dfe ein St\u00fcck weichen musste)&#8230;. oder oder oder&#8230; Her damit!<\/p>\n<h3>Per Mail an:&nbsp;<span style=\"color: #800080;\"><a style=\"color: #800080;\" href=\"http:\/\/ostseereporter@Gmail.com\">http:\/\/ostseereporter@Gmail.com<\/a><\/span><\/h3>\n<pre>Du bekommst kein Honorar, aber Dein Name steht drunter (oder Pseudonym - wie Du willst). Mit der Zusendung versicherst Du, dass Du der Urheber bist und Rechte Dritter nicht bestehen.<\/pre>\n<h5><span style=\"color: #800080;\">Also: Augen auf, Foto machen und HER DAMIT! DANKE!<\/span><\/h5>\n<p>Und hier dann das, was uns schon erreicht hat:<!--more--><\/p>\n<p>Der &#8222;Rote Milan&#8220; be\u00e4ugt es argw\u00f6hnisch, unter welchen fadenscheinigen menschlichen Ausreden und Erkl\u00e4rungen jetzt auch noch SEIN Lebensraum zerst\u00f6rt wird. Mal abgesehen davon, dass er beim Fliegen IMMER nach unten schaut, wegen seiner Beute und die vielen Windr\u00e4der nicht sieht. Und jetzt hau&#8217;n wir &#8222;nach seinem Kopf&#8220; auch noch SEINE B\u00e4ume ab&#8230;<\/p>\n<figure id=\"attachment_1724\" aria-describedby=\"caption-attachment-1724\" style=\"width: 649px\" class=\"wp-caption alignnone\"><img loading=\"lazy\" decoding=\"async\" width=\"649\" height=\"776\" class=\"wp-image-1724\" alt=\"Milan_BB\" src=\"http:\/\/inselreport.eu\/wp-content\/uploads\/2017\/04\/Milan_BB-251x300.jpg\" srcset=\"https:\/\/inselreport.eu\/wp-content\/uploads\/2017\/04\/Milan_BB-251x300.jpg 251w, https:\/\/inselreport.eu\/wp-content\/uploads\/2017\/04\/Milan_BB.jpg 543w\" sizes=\"auto, (max-width: 709px) 85vw, (max-width: 909px) 67vw, (max-width: 984px) 61vw, (max-width: 1362px) 45vw, 600px\" \/><figcaption id=\"caption-attachment-1724\" class=\"wp-caption-text\">Der Rote Milan (Foto: Werner Pannewig)<\/figcaption><\/figure>\n<p>Ja, hier ist Lernpotential drin:<\/p>\n<p>In Dreschvitz auf R\u00fcgen (zwischen Samtens und Gingst) fallen auch B\u00e4ume. Es ist eins der bevorzugten Reservate des wundersch\u00f6nen Greifvogels, der sich \u201eRoter Milan\u201c nennt. Jens Lippmann vom NABU erkl\u00e4rt, wie das geht:<\/p>\n<p>Die \u201eLandesforst\u201c (als zust\u00e4ndiger Revierleiter Herr Kuithan) planen auf&nbsp;<span style=\"line-height: 1.75;\">der Fl\u00e4che die Anlage eines Nieder- und Mittelwaldbestandes.<\/span><\/p>\n<p>Begr\u00fcndet wird das mit dem Vorbild historischer Waldnutzung, was die Landesforst mit dem&nbsp;Waldbesitzer dort zusammen umsetzen will. In der Konsequenz bedeutet das,&nbsp;dass ein Gro\u00dfteil des bestehenden Baumbestandes \u00fcber den Sommer abgeholzt&nbsp;wird und nur im geplanten Mittelwaldbereich etwa 30% der Altb\u00e4ume stehen&nbsp;bleiben werden. Danach wird sofort wieder aufgeforstet. Es ist erst mal&nbsp;schwer vorstellbar, wie das dann aussehen wird, weil es wirklich an&nbsp;Kahlschlag grenzt.<\/p>\n<p>Rechtlich gesehen ist diese Vorgehensweise aber leider&nbsp;<span style=\"line-height: 1.75;\">nicht anzufechten, denn es ist Wald, laut Landeswaldgesetz also zul\u00e4ssig.<\/span><\/p>\n<p><span style=\"color: #800080;\"><strong>Dazu geh\u00f6rt leider auch, dass die Brutperiode der V\u00f6gel noch nicht ganz zu&nbsp;Ende sein wird und selbst gesch\u00fctzte H\u00f6hlen- und Horstb\u00e4ume eben nur als&nbsp;Einzelb\u00e4ume unter Schutz stehen.<\/strong><\/span><\/p>\n<p>Dass bei einer Rundumabholzung die betroffenen Tiere dabei trotzdem gest\u00f6rt werden, ist leider legal. Mehr Schutz gibt das Gesetz nicht her. Und andere Beweggr\u00fcnde, ob man vielleicht&nbsp;doch respekt- und r\u00fccksichtsvoller sein sollte, spielen leider keine Rolle&nbsp;und sind auch nicht einklagbar.&nbsp;Begr\u00fcndet wird diese Art des Waldumbaus auch mit einer Erh\u00f6hung der&nbsp;Artenvielfalt. Rechnerisch mag das ja sein, aber in der Realit\u00e4t werden&nbsp;daf\u00fcr einige der jetzt vorhandenen Arten m\u00f6glicherweise verschwinden, da&nbsp;sich f\u00fcr sie die Bedingungen verschlechtern. Das k\u00f6nnte u.a. &nbsp;den Rotmilan&nbsp;betreffen.&nbsp;Geplant ist die Einteilung des Waldgebietes in 20 Teilst\u00fccke \u00e1 0,35 ha, von&nbsp;denen dann jedes Jahr reihum eins komplett abgenommen wird, um es dann&nbsp;wieder neu zu bestocken. Also alle 20 Jahre wird auf der gleichen Fl\u00e4che&nbsp;dann wieder alles abgeholzt, bis auf wenige \u00e4ltere Einzelb\u00e4ume. Allerdings&nbsp;ist das Letztere f\u00fcr mich auch noch nicht ganz klar, wie genau das festgelegt werden soll.<br \/>\nDer Hintergrund dieser Vorgehensweise ist, dass man f\u00fcr die ganze<br \/>\nBaut\u00e4tigkeit im Land kaum noch Fl\u00e4chen f\u00fcr geforderte Ausgleichsma\u00dfnahmen, sowie&nbsp;Ersatzma\u00dfnahmen findet. Nach der Umsetzung des geplanten Waldumbaus soll&nbsp;der Mittel- und Niederwald n\u00e4mlich in ein \u00d6kokonto eingebracht werden, aus&nbsp;dem sich dann jemand bedienen kann, der eine solche Ma\u00dfnahme durchf\u00fchren&nbsp;muss, aber selbst keine Fl\u00e4chen dazu hat. Man kann sich dort eine&nbsp;Ersatzma\u00dfnahme quasi kaufen.<br \/>\nDas Verwerfliche an der Sache ist, und das ist rechtlich leider auch nicht&nbsp;anfechtbar: Der Eingriff in den Wald jetzt wird nicht bewertet. Also der&nbsp;erstmal tats\u00e4chlich entstehende Verlust. Es ist &#8222;geregelte Forstwirtschaft.&#8220;<\/p>\n<p>Der Umbau zum Nieder- und Mittelwald wird aber bewertet,<br \/>\npositiv nat\u00fcrlich. So schafft man aus dem NICHTS&nbsp;\u00d6kopunkte.<br \/>\nUm die Sache noch schmackhaft zu machen, bewirbt die Landesforst diese&nbsp;Ma\u00dfnahme damit, dass dieser Wald dann als &#8222;Gesch\u00fctzter<br \/>\nLandschaftsbestandteil&#8220; einen rechtlich verbindlichen Naturschutzstatus&nbsp;bekommt mit einer Verordnung, an die sich der Waldbesitzer bei der&nbsp;Bewirtschaftung halten muss, was in einem &#8222;normalen&#8220; Wald nicht m\u00f6glich&nbsp;w\u00e4re&#8230;.<\/p>\n<p>Und weitere Reaktionen:<\/p>\n<figure id=\"attachment_1003\" aria-describedby=\"caption-attachment-1003\" style=\"width: 298px\" class=\"wp-caption alignleft\"><a class=\" UFICommentActorName\" href=\"https:\/\/www.facebook.com\/almut.meyer?fref=ufi&amp;rc=p\"><img loading=\"lazy\" decoding=\"async\" width=\"298\" height=\"300\" class=\"wp-image-1003 size-medium\" alt=\"Matthias Ogilvie_A\" src=\"http:\/\/inselreport.eu\/wp-content\/uploads\/2016\/12\/Matthias-Ogilvie_A-298x300.jpg\" srcset=\"https:\/\/inselreport.eu\/wp-content\/uploads\/2016\/12\/Matthias-Ogilvie_A-298x300.jpg 298w, https:\/\/inselreport.eu\/wp-content\/uploads\/2016\/12\/Matthias-Ogilvie_A-150x150.jpg 150w, https:\/\/inselreport.eu\/wp-content\/uploads\/2016\/12\/Matthias-Ogilvie_A-768x773.jpg 768w, https:\/\/inselreport.eu\/wp-content\/uploads\/2016\/12\/Matthias-Ogilvie_A-1018x1024.jpg 1018w, https:\/\/inselreport.eu\/wp-content\/uploads\/2016\/12\/Matthias-Ogilvie_A.jpg 1162w\" sizes=\"auto, (max-width: 298px) 85vw, 298px\" \/><\/a><figcaption id=\"caption-attachment-1003\" class=\"wp-caption-text\">B\u00fcrgermeister von Lohme, Matthias Ogilvie<\/figcaption><\/figure>\n<p>&nbsp;<\/p>\n<p><span style=\"color: #800080;\"><a class=\" UFICommentActorName\" id=\"js_3lz\" style=\"color: #800080;\" dir=\"ltr\" href=\"https:\/\/www.facebook.com\/almut.meyer?fref=ufi&amp;rc=p\" data-hovercard=\"\/ajax\/hovercard\/hovercard.php?id=1564367712&amp;extragetparams=%7B%22is_public%22%3Atrue%2C%22hc_location%22%3A%22ufi_admin%22%7D\" data-ft='{\"tn\":\";\"}'>Almut Meyer<\/a>:<\/span> <span data-ft='{\"tn\":\"K\"}'><span class=\"UFICommentBody\">Hab den B\u00fcrgermeister von Lohme kennengelernt durch Zufall: &#8220; &#8230; die Reichen m\u00fcssen her, die Reichen.&#8220; Sie bekommen High Speed Wlan-alle anderen 900 DSL &#8230;<\/span><\/span><\/p>\n<p>&nbsp;<\/p>\n<p><span style=\"color: #800080;\">Nicola Baum:<\/span>&nbsp;Hey wir waren bis vor 5 Jahren immer wieder gerne auf R\u00fcgen 14&nbsp;mal&nbsp;in ca 12 Jahren. Es war herrlich,&nbsp;bis wir 2012 die Insel nur noch im Stau oder mit Fahrr\u00e4dern am Stau vorbei erlebt haben. Wir haben so sch\u00f6ne Ecken auf der Insel erlebt aber mittlerweile fahre ich lieber nach Borkum wo der Naturschutz noch ernst genommen wird. Die Insel verliert mehr und mehr ihren Charme und platzt doch jetzt schon aus den N\u00e4hten. Und wenn es wirklich jetzt mit Privatstr\u00e4nden losgeht dann kann mich meine Sehnsuchtsinsel mal. Lasst es nicht zu dass solche Spinner Eure Insel kaputt machen&#8230;<\/p>\n<figure id=\"attachment_1609\" aria-describedby=\"caption-attachment-1609\" style=\"width: 694px\" class=\"wp-caption alignnone\"><img loading=\"lazy\" decoding=\"async\" width=\"694\" height=\"391\" class=\"wp-image-1609\" alt=\"Prora_03\" src=\"http:\/\/inselreport.eu\/wp-content\/uploads\/2017\/04\/Prora_03-300x169.jpg\" srcset=\"https:\/\/inselreport.eu\/wp-content\/uploads\/2017\/04\/Prora_03-300x169.jpg 300w, https:\/\/inselreport.eu\/wp-content\/uploads\/2017\/04\/Prora_03-768x432.jpg 768w, https:\/\/inselreport.eu\/wp-content\/uploads\/2017\/04\/Prora_03.jpg 800w\" sizes=\"auto, (max-width: 709px) 85vw, (max-width: 909px) 67vw, (max-width: 984px) 61vw, (max-width: 1362px) 45vw, 600px\" \/><figcaption id=\"caption-attachment-1609\" class=\"wp-caption-text\">Baustelle Prora aktuell. Foto: Sabine Funke<\/figcaption><\/figure>\n<p><span style=\"color: #800080;\">Melanie D\u00e4sler:<\/span> Vielen Dank f\u00fcr diesen tollen Artikel \u2026 leider trifft er erschreckend zu\u2026 auch ich bin einer dieser \u201eTouris\u201c die seit mehr als 20 Jahren auf eure sch\u00f6ne Insel kommen und das mehrmals im Jahr.<br \/>\nMittlerweile ist es so das ich meine Besuche bereits reduziert habe und ich mich anderweitig umschaue.&nbsp;Viele Jahre war ich vor allem in Prora auf dem Campingplatz des Bundeswehrsozialwerks, ich habe die Ruhe und vor allem die Natur geliebt. Tja, nun werden dort die Eigentumswohnungen gebaut und verkauft, Binz versnobt jedes Jahr ein bisschen mehr\u2026das ist nicht mehr meine hei\u00dfgeliebte Insel, das ist vorbei!<br \/>\nMir tut es vor allem f\u00fcr die R\u00fcganer leid, von denen wird keiner gefragt und sie m\u00fcssen mit all dem leben, mit dem Massentourismus und das man ihnen ihre Heimat kaputt macht.<\/p>\n<figure id=\"attachment_1608\" aria-describedby=\"caption-attachment-1608\" style=\"width: 608px\" class=\"wp-caption alignnone\"><img loading=\"lazy\" decoding=\"async\" width=\"608\" height=\"359\" class=\"wp-image-1608\" alt=\"Prora_02\" src=\"http:\/\/inselreport.eu\/wp-content\/uploads\/2017\/04\/Prora_02-300x177.jpg\" srcset=\"https:\/\/inselreport.eu\/wp-content\/uploads\/2017\/04\/Prora_02-300x177.jpg 300w, https:\/\/inselreport.eu\/wp-content\/uploads\/2017\/04\/Prora_02-768x453.jpg 768w, https:\/\/inselreport.eu\/wp-content\/uploads\/2017\/04\/Prora_02.jpg 800w\" sizes=\"auto, (max-width: 709px) 85vw, (max-width: 909px) 67vw, (max-width: 984px) 61vw, (max-width: 1362px) 45vw, 600px\" \/><figcaption id=\"caption-attachment-1608\" class=\"wp-caption-text\">Wahnsinnsprojekt Prora (Foto: Sabine Funke)<\/figcaption><\/figure>\n<figure id=\"attachment_1607\" aria-describedby=\"caption-attachment-1607\" style=\"width: 698px\" class=\"wp-caption alignnone\"><img loading=\"lazy\" decoding=\"async\" width=\"698\" height=\"393\" class=\"wp-image-1607\" alt=\"Prora_01\" src=\"http:\/\/inselreport.eu\/wp-content\/uploads\/2017\/04\/Prora_01-300x169.jpg\" srcset=\"https:\/\/inselreport.eu\/wp-content\/uploads\/2017\/04\/Prora_01-300x169.jpg 300w, https:\/\/inselreport.eu\/wp-content\/uploads\/2017\/04\/Prora_01-768x432.jpg 768w, https:\/\/inselreport.eu\/wp-content\/uploads\/2017\/04\/Prora_01.jpg 800w\" sizes=\"auto, (max-width: 709px) 85vw, (max-width: 909px) 67vw, (max-width: 984px) 61vw, (max-width: 1362px) 45vw, 600px\" \/><figcaption id=\"caption-attachment-1607\" class=\"wp-caption-text\">Die ersten Z\u00e4une und Tore in Prora stehen schon. Und immer wieder fallen B\u00e4ume (Foto: Sabine Funke)<\/figcaption><\/figure>\n<p><span style=\"color: #800080;\">Hannelore Walter:<\/span>&nbsp;\u00c4rgerlich, traurig und sehr schade, dass trotz Protesten und Unterschriftenaktionen gegen das irrsinnige B\u00e4ume f\u00e4llen all das nicht verhindert werden konnte \u2013 immer mehr wird zerst\u00f6rt und den Tieren Lebensraum genommen.<\/p>\n<figure id=\"attachment_1606\" aria-describedby=\"caption-attachment-1606\" style=\"width: 680px\" class=\"wp-caption alignnone\"><img loading=\"lazy\" decoding=\"async\" width=\"680\" height=\"453\" class=\"wp-image-1606\" alt=\"BaumB\" src=\"http:\/\/inselreport.eu\/wp-content\/uploads\/2017\/04\/BaumB-300x200.jpg\" srcset=\"https:\/\/inselreport.eu\/wp-content\/uploads\/2017\/04\/BaumB-300x200.jpg 300w, https:\/\/inselreport.eu\/wp-content\/uploads\/2017\/04\/BaumB-768x511.jpg 768w, https:\/\/inselreport.eu\/wp-content\/uploads\/2017\/04\/BaumB.jpg 800w\" sizes=\"auto, (max-width: 709px) 85vw, (max-width: 909px) 67vw, (max-width: 984px) 61vw, (max-width: 1362px) 45vw, 600px\" \/><figcaption id=\"caption-attachment-1606\" class=\"wp-caption-text\">Immer wieder fallen B\u00e4ume. Der Mensch ist uners\u00e4ttlich in seinen anspr\u00fcchen. (Foto: Sabine Funke)<\/figcaption><\/figure>\n<p><span style=\"color: #800080;\">Steffen:<\/span> Respekt f\u00fcr den Artikel. Ja, ich bin auch einer dieser R\u00fcgen Touristen, aber ich finde es einfach nur noch traurig, was auf der Insel passiert. Ich brauche keine Autobahnen oder asphaltierte Strassen. Die Sch\u00f6nheit der Insel erschlie\u00dft sich nicht bei 120 km\/h.<\/p>\n<figure id=\"attachment_1610\" aria-describedby=\"caption-attachment-1610\" style=\"width: 715px\" class=\"wp-caption alignnone\"><img loading=\"lazy\" decoding=\"async\" width=\"715\" height=\"360\" class=\" wp-image-1610\" alt=\"Foto: Mario Frost\" src=\"http:\/\/inselreport.eu\/wp-content\/uploads\/2017\/04\/Buche-300x151.jpg\" srcset=\"https:\/\/inselreport.eu\/wp-content\/uploads\/2017\/04\/Buche-300x151.jpg 300w, https:\/\/inselreport.eu\/wp-content\/uploads\/2017\/04\/Buche-1024x514.jpg 1024w, https:\/\/inselreport.eu\/wp-content\/uploads\/2017\/04\/Buche.jpg 1200w\" sizes=\"auto, (max-width: 709px) 85vw, (max-width: 909px) 67vw, (max-width: 984px) 61vw, (max-width: 1362px) 45vw, 600px\" \/><figcaption id=\"caption-attachment-1610\" class=\"wp-caption-text\">Es war einmal eine Buche, hier beim Neubau der B 196 bei Sellin (Foto: Mario Frost)<\/figcaption><\/figure>\n<p><span style=\"color: #800080;\">Wolfgang Weber:<\/span> Liebe Freunde der Insel R\u00fcgen, nach getanem Arbeitsleben haben wir uns einen langen Wunsch erf\u00fcllt und sind auf unser Grundst\u00fcck n\u00e4he Sassnitz im Wald gezogen. Schnell mussten wir feststellen, dass der Schutz der Stubnitz nur eine leere Worth\u00fclse ist. Da wir zwischen den B\u00e4umen wohnen, haben wir sehr schnell mitbekommen, wie links und rechts am Weg und im Wald die B\u00e4umen fallen. F\u00fcr jede F\u00e4llaktion hat sich das Nationalparkamt (NP) einen neuen Begriff einfallen lassen. Erst wurden die Fichten entfernt, da sie nicht in den NP geh\u00f6ren, danach st\u00fcrzten die Tannen, die ebenfalls auf der Insel R\u00fcgen vom Umweltsch\u00fctzer nicht geliebt werden. Nun ging man an die Bereinigung der Lerchen. In der diesj\u00e4hrigen F\u00e4llsaison hat man die Verkehrssicherheit gro\u00df geschrieben. Es fallen nunmehr die Buchen. Sie fallen an Stra\u00dfen, an Wegen und im Hochwald.<\/p>\n<figure id=\"attachment_1603\" aria-describedby=\"caption-attachment-1603\" style=\"width: 604px\" class=\"wp-caption alignnone\"><img loading=\"lazy\" decoding=\"async\" width=\"604\" height=\"805\" class=\"wp-image-1603\" alt=\"Stubnitz\" src=\"http:\/\/inselreport.eu\/wp-content\/uploads\/2017\/04\/Stubnitz-225x300.jpg\" srcset=\"https:\/\/inselreport.eu\/wp-content\/uploads\/2017\/04\/Stubnitz-225x300.jpg 225w, https:\/\/inselreport.eu\/wp-content\/uploads\/2017\/04\/Stubnitz-768x1024.jpg 768w, https:\/\/inselreport.eu\/wp-content\/uploads\/2017\/04\/Stubnitz-1200x1600.jpg 1200w, https:\/\/inselreport.eu\/wp-content\/uploads\/2017\/04\/Stubnitz.jpg 1500w\" sizes=\"auto, (max-width: 709px) 85vw, (max-width: 909px) 67vw, (max-width: 984px) 61vw, (max-width: 1362px) 45vw, 600px\" \/><figcaption id=\"caption-attachment-1603\" class=\"wp-caption-text\">F\u00e4llarbeiten in der Stubnitz (Foto: Wolfgang Weber)<\/figcaption><\/figure>\n<p>Kein Wunder der Holzpreis ist im Hoch. Die Holzmafia l\u00e4sst gr\u00fc\u00dfen. Die F\u00e4llaktionen sind bis zum heutigen Tag immer noch nicht abgeschlossen. Es wird im NP gef\u00e4llt und gef\u00e4llt. Die Transporter kommen mit dem Abtransport des Holzes nicht mehr nach. Durch diese Holzf\u00e4llaktionen werden die Wanderwege und Stra\u00dfen zerst\u00f6rt. Im Jahr 2010 haben Anwohner des NP Jasmund den Verein \u201eEinklang von Mensch und Natur e.V.\u201c gegr\u00fcndet. Wir haben uns seit der Gr\u00fcndung f\u00fcr den Erhalt des urspr\u00fcnglichen Waldes eingesetzt. Alle Holzf\u00e4llaktionen haben wir auf unserer Facebookseite dokumentiert.<\/p>\n<figure id=\"attachment_152\" aria-describedby=\"caption-attachment-152\" style=\"width: 607px\" class=\"wp-caption alignnone\"><img loading=\"lazy\" decoding=\"async\" width=\"607\" height=\"409\" class=\"wp-image-152\" alt=\"Bitte nicht gegen die B\u00e4ume fahren\" src=\"http:\/\/inselreport.eu\/wp-content\/uploads\/2016\/03\/Bitte-nicht-gegen-die-B\u00e4ume-fahren-300x202.jpg\" srcset=\"https:\/\/inselreport.eu\/wp-content\/uploads\/2016\/03\/Bitte-nicht-gegen-die-B\u00e4ume-fahren-300x202.jpg 300w, https:\/\/inselreport.eu\/wp-content\/uploads\/2016\/03\/Bitte-nicht-gegen-die-B\u00e4ume-fahren-768x517.jpg 768w, https:\/\/inselreport.eu\/wp-content\/uploads\/2016\/03\/Bitte-nicht-gegen-die-B\u00e4ume-fahren.jpg 1000w\" sizes=\"auto, (max-width: 709px) 85vw, (max-width: 909px) 67vw, (max-width: 984px) 61vw, (max-width: 1362px) 45vw, 600px\" \/><figcaption id=\"caption-attachment-152\" class=\"wp-caption-text\">Foto: Marius Jaster<\/figcaption><\/figure>\n<p><span style=\"color: #800080;\">I. Ortlieb<\/span> \u2026 das Schild \u201c Bitte nicht gegen B\u00e4ume fahren\u201c ist ja wohl der Hit ? \u2026 guter Artikel \u2026 leider sterben diese Giermenschen nie aus \u2026 sie ziehen einfach weiter wenn nix mehr zu verdienen ist und hinterlassen oftmals \u201everbrannte Erde\u201c \u2026 Leidtragende sind meist die Natur und DIE Menschen die dort wohnen und nix dran verdient haben und DIE Menschen die genau wegen der Natur an solche Orte kommen \u2026<\/p>\n<p><span style=\"color: #800080;\">&#8222;Herr Unbenannt&#8220;:<\/span> Moin, lachen, ja ich habe mir mit 57 Jahren angew\u00f6hnt st\u00e4ndig einen gro\u00dfen Lachsack mit zu haben. Sei es auf Beh\u00f6rden und sonstwo.<br \/>\nDeutschland ist so kaputt wie noch nie, da werden B\u00e4ume gef\u00e4llt weil dort ein Haus oder Hotel hin soll, Strassen verbreitert damit auch die Anlieferung der Windr\u00e4der klappt. Ich hatte schon mal ein Bild gepostet\u2026. zwei H\u00e4nde beim Handschlag mit nem Zehner, oder besser einem Stapel Zehner in der Mitte\u2026\u2026. Na Herr Baumann\u2026\u2026 wie sieht es denn mit Bauland aus\u2026.. und vielleicht breiteren Strassen damit wir \u00fcberall an die Windr\u00e4der ran k\u00f6nnen\u2026\u2026 Na mal sehen Herr Giermann was wir da machen k\u00f6nnen\u2026\u2026Ja Herr Baumann ich h\u00e4tte da noch einen 7er BMW zu vergeben\u2026\u2026Ja wir werden sehen\u2026\u2026\u2026<\/p>\n<figure id=\"attachment_1613\" aria-describedby=\"caption-attachment-1613\" style=\"width: 715px\" class=\"wp-caption alignnone\"><img loading=\"lazy\" decoding=\"async\" width=\"715\" height=\"403\" class=\" wp-image-1613\" alt=\"Ela Seliga\" src=\"http:\/\/inselreport.eu\/wp-content\/uploads\/2017\/04\/Baustelle-300x169.jpg\" srcset=\"https:\/\/inselreport.eu\/wp-content\/uploads\/2017\/04\/Baustelle-300x169.jpg 300w, https:\/\/inselreport.eu\/wp-content\/uploads\/2017\/04\/Baustelle-768x432.jpg 768w, https:\/\/inselreport.eu\/wp-content\/uploads\/2017\/04\/Baustelle.jpg 960w\" sizes=\"auto, (max-width: 709px) 85vw, (max-width: 909px) 67vw, (max-width: 984px) 61vw, (max-width: 1362px) 45vw, 600px\" \/><figcaption id=\"caption-attachment-1613\" class=\"wp-caption-text\">Stra\u00dfenbauarbeiten bei Bergen f\u00fcr die Riesen-Abfahrt von der neuen B 96n (Foto:Ela Seliga)<\/figcaption><\/figure>\n<p><span style=\"color: #800080;\">Jan Dwars:<\/span>&nbsp;Ich bin mega w\u00fctend, nicht \u00fcber den Artikel, den finde ich sehr Informativ, sondern dar\u00fcber wie ignorant mit der Natur umgegangen wird. Es ist wirklich erschreckend was sich die B\u00fcrger alles bieten lassen m\u00fcssen.<\/p>\n<p><span style=\"color: #800080;\"><a class=\" UFICommentActorName\" id=\"js_1k1\" style=\"color: #800080;\" dir=\"ltr\" href=\"https:\/\/www.facebook.com\/olaf.aufrichter?fref=ufi&amp;rc=p\" data-hovercard=\"\/ajax\/hovercard\/hovercard.php?id=100006541412979&amp;extragetparams=%7B%22is_public%22%3Atrue%2C%22hc_location%22%3A%22ufi_admin%22%7D\" data-ft='{\"tn\":\";\"}'>Olaf Aufrichter<\/a>:<\/span> <span data-ft='{\"tn\":\"K\"}'><span class=\"UFICommentBody\">Ja was machen die nur aus dieser geilen Insel <span class=\"_47e3 _5mfr\"><img loading=\"lazy\" decoding=\"async\" width=\"16\" height=\"16\" class=\"img\" alt=\"\" src=\"https:\/\/www.facebook.com\/images\/emoji.php\/v8\/fec\/1\/16\/1f334.png\"><span class=\"_7oe\">?<\/span><\/span> nur Kohle machen was anderes ist nicht mehr interessant&#8230;<\/span><\/span><\/p>\n<p>Hier f\u00fcnf Fotos zum Baumklau auf R\u00fcgen, die f\u00fcr sich sprechen:<\/p>\n<p><img loading=\"lazy\" decoding=\"async\" width=\"661\" height=\"445\" class=\"wp-image-1623\" alt=\"Bauma_05\" src=\"http:\/\/inselreport.eu\/wp-content\/uploads\/2017\/04\/Bauma_05-300x202.jpg\" srcset=\"https:\/\/inselreport.eu\/wp-content\/uploads\/2017\/04\/Bauma_05-300x202.jpg 300w, https:\/\/inselreport.eu\/wp-content\/uploads\/2017\/04\/Bauma_05.jpg 716w\" sizes=\"auto, (max-width: 709px) 85vw, (max-width: 909px) 67vw, (max-width: 984px) 61vw, (max-width: 1362px) 45vw, 600px\" \/><\/p>\n<figure id=\"attachment_1622\" aria-describedby=\"caption-attachment-1622\" style=\"width: 629px\" class=\"wp-caption alignnone\"><img loading=\"lazy\" decoding=\"async\" width=\"629\" height=\"365\" class=\"wp-image-1622\" alt=\"Bauma_04\" src=\"http:\/\/inselreport.eu\/wp-content\/uploads\/2017\/04\/Bauma_04-300x174.jpg\" srcset=\"https:\/\/inselreport.eu\/wp-content\/uploads\/2017\/04\/Bauma_04-300x174.jpg 300w, https:\/\/inselreport.eu\/wp-content\/uploads\/2017\/04\/Bauma_04.jpg 609w\" sizes=\"auto, (max-width: 709px) 85vw, (max-width: 909px) 67vw, (max-width: 984px) 61vw, (max-width: 1362px) 45vw, 600px\" \/><figcaption id=\"caption-attachment-1622\" class=\"wp-caption-text\">Fotos: Sabine Funke<\/figcaption><\/figure>\n<p><img loading=\"lazy\" decoding=\"async\" width=\"679\" height=\"509\" class=\"alignnone wp-image-1619\" alt=\"Bauma_01\" src=\"http:\/\/inselreport.eu\/wp-content\/uploads\/2017\/04\/Bauma_01-300x225.jpg\" srcset=\"https:\/\/inselreport.eu\/wp-content\/uploads\/2017\/04\/Bauma_01-300x225.jpg 300w, https:\/\/inselreport.eu\/wp-content\/uploads\/2017\/04\/Bauma_01.jpg 720w\" sizes=\"auto, (max-width: 709px) 85vw, (max-width: 909px) 67vw, (max-width: 984px) 61vw, (max-width: 1362px) 45vw, 600px\" \/><\/p>\n<p><img loading=\"lazy\" decoding=\"async\" width=\"729\" height=\"379\" class=\"alignnone wp-image-1620\" alt=\"Bauma_02\" src=\"http:\/\/inselreport.eu\/wp-content\/uploads\/2017\/04\/Bauma_02-300x156.jpg\" srcset=\"https:\/\/inselreport.eu\/wp-content\/uploads\/2017\/04\/Bauma_02-300x156.jpg 300w, https:\/\/inselreport.eu\/wp-content\/uploads\/2017\/04\/Bauma_02.jpg 720w\" sizes=\"auto, (max-width: 709px) 85vw, (max-width: 909px) 67vw, (max-width: 984px) 61vw, (max-width: 1362px) 45vw, 600px\" \/><\/p>\n<p><img loading=\"lazy\" decoding=\"async\" width=\"648\" height=\"350\" class=\"alignnone wp-image-1621\" alt=\"Bauma_03\" src=\"http:\/\/inselreport.eu\/wp-content\/uploads\/2017\/04\/Bauma_03-300x162.jpg\" srcset=\"https:\/\/inselreport.eu\/wp-content\/uploads\/2017\/04\/Bauma_03-300x162.jpg 300w, https:\/\/inselreport.eu\/wp-content\/uploads\/2017\/04\/Bauma_03.jpg 709w\" sizes=\"auto, (max-width: 709px) 85vw, (max-width: 909px) 67vw, (max-width: 984px) 61vw, (max-width: 1362px) 45vw, 600px\" \/><\/p>\n<h3 style=\"text-align: center;\"><span style=\"color: #800080;\">DANKE f\u00fcr Deinen Beitrag!<\/span><\/h3>\n<p><img loading=\"lazy\" decoding=\"async\" width=\"610\" height=\"409\" class=\"alignnone wp-image-3253\" alt=\"DSC_0010-001\" src=\"http:\/\/inselreport.eu\/wp-content\/uploads\/2017\/02\/DSC_0010-001-300x201.jpg\" srcset=\"https:\/\/inselreport.eu\/wp-content\/uploads\/2017\/02\/DSC_0010-001-300x201.jpg 300w, https:\/\/inselreport.eu\/wp-content\/uploads\/2017\/02\/DSC_0010-001-768x515.jpg 768w, https:\/\/inselreport.eu\/wp-content\/uploads\/2017\/02\/DSC_0010-001.jpg 800w\" sizes=\"auto, (max-width: 709px) 85vw, (max-width: 909px) 67vw, (max-width: 984px) 61vw, (max-width: 1362px) 45vw, 600px\" \/><\/p>\n<pre><span style=\"color: #800080;\"><span style=\"color: #ff0000;\">W\u00e4hle den Betrag selbst!<\/span>\nZahlungsempf\u00e4nger:<\/span> <span style=\"color: #0000ff;\">Marius Jaster \n<strong>IBAN: DE 088 50 200 86 000 803 55 12<\/strong><strong> (BIC: HYVEDE MM 496)<\/strong> \n<\/span>Gib bitte den Namen des Artikels mit an. DANKE!<\/pre>\n<h2 style=\"text-align: center;\"><span style=\"color: #800080;\">UND WO IST DEIN FOTO? HER DAMIT an:<\/span><\/h2>\n<h2 style=\"text-align: center;\"><span style=\"color: #800080;\"><a style=\"color: #800080;\" href=\"http:\/\/ostseereporter@Gmail.com\">ostseereporter@Gmail.com<\/a><\/span><\/h2>\n<p style=\"text-align: right;\">DANKE!<\/p>\n<p style=\"text-align: left;\">Vorherige Artikel:<\/p>\n<blockquote data-secret=\"kn17VoOFiV\" class=\"wp-embedded-content\"><p><a href=\"http:\/\/inselreport.eu\/?p=1461\">Insel R\u00fcgen: R\u00dcGEN ist auf dem Holzweg!<\/a><\/p><\/blockquote>\n<p><iframe loading=\"lazy\" class=\"wp-embedded-content\" sandbox=\"allow-scripts\" security=\"restricted\" style=\"display:none;\" src=\"http:\/\/inselreport.eu\/?p=1461&#038;embed=true#?secret=kn17VoOFiV\" data-secret=\"kn17VoOFiV\" width=\"600\" height=\"338\" title=\"Eingebetteter WordPress-Beitrag\" frameborder=\"0\" marginwidth=\"0\" marginheight=\"0\" scrolling=\"no\"><\/iframe><\/p>\n<blockquote data-secret=\"wGMJGU1Dji\" class=\"wp-embedded-content\"><p><a href=\"http:\/\/inselreport.eu\/?p=1496\">Insel R\u00fcgen: R\u00fcgen ist auf dem Holzweg. Update # 01<\/a><\/p><\/blockquote>\n<p><iframe loading=\"lazy\" class=\"wp-embedded-content\" sandbox=\"allow-scripts\" security=\"restricted\" style=\"display:none;\" src=\"http:\/\/inselreport.eu\/?p=1496&#038;embed=true#?secret=wGMJGU1Dji\" data-secret=\"wGMJGU1Dji\" width=\"600\" height=\"338\" title=\"Eingebetteter WordPress-Beitrag\" frameborder=\"0\" marginwidth=\"0\" marginheight=\"0\" scrolling=\"no\"><\/iframe><\/p>\n<p>Nachfolgende Artikel:<\/p>\n<blockquote data-secret=\"PU3xYM05Av\" class=\"wp-embedded-content\"><p><a href=\"http:\/\/inselreport.eu\/?p=1800\">R\u00fcgen ist auf dem Holzweg.    Update # 03 &#8211; Videos<\/a><\/p><\/blockquote>\n<p><iframe loading=\"lazy\" class=\"wp-embedded-content\" sandbox=\"allow-scripts\" security=\"restricted\" style=\"display:none;\" src=\"http:\/\/inselreport.eu\/?p=1800&#038;embed=true#?secret=PU3xYM05Av\" data-secret=\"PU3xYM05Av\" width=\"600\" height=\"338\" title=\"Eingebetteter WordPress-Beitrag\" frameborder=\"0\" marginwidth=\"0\" marginheight=\"0\" scrolling=\"no\"><\/iframe><\/p>\n<p>&nbsp;<\/p>\n<p>&nbsp;<\/p>\n","protected":false},"excerpt":{"rendered":"<p>Die ersten beiden Artikel zu diesem Thema (&#8222;Insel R\u00fcgen ist auf dem Holzweg&#8220; und dazu das &#8222;Update # 01&#8220;) schlagen ja richtig Wellen in Deutschland. Die geteilte Version auf Facebock bewegte schon \u00fcber 5000 Menschen. Danke zun\u00e4chst an Frank Kettwig aus Buchholz f\u00fcr das tolle Titelfoto! (http:\/\/www.fotokettwig.de,&nbsp;http:\/\/www.kettwig-design.de) das mich mit den Worten erreichte: &#8222;Moin Herr &hellip; <a href=\"https:\/\/inselreport.eu\/?p=1528\" class=\"more-link\"><span class=\"screen-reader-text\">\u201eR\u00fcgen auf dem Holzweg. Update # 02: Meinungen und Fotos unserer Leser\u201c<\/span> weiterlesen<\/a><\/p>\n","protected":false},"author":1,"featured_media":1529,"comment_status":"open","ping_status":"open","sticky":false,"template":"","format":"standard","meta":{"om_disable_all_campaigns":false,"_exactmetrics_skip_tracking":false,"_exactmetrics_sitenote_active":false,"_exactmetrics_sitenote_note":"","_exactmetrics_sitenote_category":0,"_uf_show_specific_survey":0,"_uf_disable_surveys":false,"footnotes":""},"categories":[2],"tags":[11,118,137,21,40],"class_list":["post-1528","post","type-post","status-publish","format-standard","has-post-thumbnail","hentry","category-insel-ruegen","tag-insel-ruegen","tag-insel-ruegen-news","tag-inseltypisch","tag-ostsee","tag-ostsee-news"],"aioseo_notices":[],"_links":{"self":[{"href":"https:\/\/inselreport.eu\/index.php?rest_route=\/wp\/v2\/posts\/1528","targetHints":{"allow":["GET"]}}],"collection":[{"href":"https:\/\/inselreport.eu\/index.php?rest_route=\/wp\/v2\/posts"}],"about":[{"href":"https:\/\/inselreport.eu\/index.php?rest_route=\/wp\/v2\/types\/post"}],"author":[{"embeddable":true,"href":"https:\/\/inselreport.eu\/index.php?rest_route=\/wp\/v2\/users\/1"}],"replies":[{"embeddable":true,"href":"https:\/\/inselreport.eu\/index.php?rest_route=%2Fwp%2Fv2%2Fcomments&post=1528"}],"version-history":[{"count":40,"href":"https:\/\/inselreport.eu\/index.php?rest_route=\/wp\/v2\/posts\/1528\/revisions"}],"predecessor-version":[{"id":5122,"href":"https:\/\/inselreport.eu\/index.php?rest_route=\/wp\/v2\/posts\/1528\/revisions\/5122"}],"wp:featuredmedia":[{"embeddable":true,"href":"https:\/\/inselreport.eu\/index.php?rest_route=\/wp\/v2\/media\/1529"}],"wp:attachment":[{"href":"https:\/\/inselreport.eu\/index.php?rest_route=%2Fwp%2Fv2%2Fmedia&parent=1528"}],"wp:term":[{"taxonomy":"category","embeddable":true,"href":"https:\/\/inselreport.eu\/index.php?rest_route=%2Fwp%2Fv2%2Fcategories&post=1528"},{"taxonomy":"post_tag","embeddable":true,"href":"https:\/\/inselreport.eu\/index.php?rest_route=%2Fwp%2Fv2%2Ftags&post=1528"}],"curies":[{"name":"wp","href":"https:\/\/api.w.org\/{rel}","templated":true}]}}