{"id":1800,"date":"2017-05-07T02:50:20","date_gmt":"2017-05-07T00:50:20","guid":{"rendered":"http:\/\/inselreport.eu\/?p=1800"},"modified":"2019-11-22T12:50:05","modified_gmt":"2019-11-22T11:50:05","slug":"ruegen","status":"publish","type":"post","link":"https:\/\/inselreport.eu\/?p=1800","title":{"rendered":"R\u00fcgen ist auf dem Holzweg.    Update # 03 &#8211; Videos"},"content":{"rendered":"<p>Auf Facebook gibt es ja bei einem&nbsp;Video&nbsp;(dort auch bei &#8222;Inselreport.eu&#8220;, und hier dann gleich zu sehen) Kommentare, die sind schon drollig. &#8222;Schei\u00df auf die B\u00e4ume&#8220;&#8230; &nbsp;steht da so geschrieben. Gut, wegen &#8222;diesen paar B\u00e4umen&#8220; wird der Sauerstoff nicht direkt knapp. Und es geht ja auch nicht nur um &#8222;die paar&#8220; B\u00e4ume, sondern um die ganze Insel R\u00fcgen, die langsam aber sicher abgeholzt und zugebaut wird. Das Flair der Insel, also DAS, was sie ausmacht, DAS wird zerst\u00f6rt. Also das, was noch nicht in erschreckender Form schon zerst\u00f6rt wurde!<\/p>\n<p>Es gab Zeiten, da sind wir gefahren durch eine Allee mit B\u00e4umen. Zu St\u00f6rtebeker. Und klar, da darf der Mensch mal paar Minuten warten. An runden 75 Tagen im Jahr, bis alle sich auf die Parkpl\u00e4tze sortiert haben. L\u00e4nger als 30 Minuten hat es NIE gedauert! (Und ich war OFT dort!) Und was ist jetzt daran so schlimm? Ich will da nicht mehr hin. Weil das Flair fehlt &#8211; oder gleich fehlen wird! Und JA, &#8211; manche meinen, dass die B\u00e4ume noch stehen&#8230; ja klar, sonst h\u00e4tte ich sie nicht jetzt filmen k\u00f6nnen! Und es geht ja auch nicht nur um die Besucher, die zu St\u00f6rtebeker fahren, sondern auch um die vielen LKW, die zur F\u00e4hre nach Sassnitz wollen. Zumindest, wenn es nach den Stra\u00dfenbauern, der DEGES geht. Mal abgesehen davon, dass der grobe Teil des F\u00e4hrbetriebes nach Rostock verlegt wurde und es bis jetzt auch mit dieser Stra\u00dfe so ging. Aber sicher finden sich noch mehr Gr\u00fcnde und Ausreden, um mit aller Gewalt diese Stra\u00dfe zu verbreitern&#8230; und wenn es nur &#8222;weil es so geplant&#8220; ist.<\/p>\n<p>Was diese B\u00e4ume betrifft:&nbsp;Ich filme auch &#8211; wenn ich dann gerade im Lande bin -, &nbsp;wie sie alle fallen. Und dann guck ich noch das Holz an, ob es wirklich vom Stra\u00dfensalz &#8222;sowieso kaputt&#8220; ist. So einfach ist das.<\/p>\n<p>Und guck doch mal selbst, WAS in Zukunft <strong><span style=\"color: #ff0000;\">NICHT<\/span><\/strong>&nbsp;sein wird&#8230; Jedes wei\u00dfe Kreuz ist dann weg, samt Baum! 52, wenn ich mich nicht verz\u00e4hlt habe. Und was da f\u00fcr h\u00fcbsche &#8222;Kerlchen&#8220; dabei sind! (Auch wenn rechts hinter dem Radweg schon neue gepflanzt wurden.)<\/p>\n<p><iframe loading=\"lazy\" title=\"R\u00fcgenallee\" width=\"840\" height=\"630\" src=\"https:\/\/www.youtube.com\/embed\/BFV6CElY92Q?feature=oembed\" frameborder=\"0\" allow=\"accelerometer; autoplay; encrypted-media; gyroscope; picture-in-picture\" allowfullscreen><\/iframe><\/p>\n<p><!--more--><\/p>\n<p>Schrieb mir doch eine Frau&nbsp;auf Facebook, dass Staus &#8211; und die Abgase w\u00e4hrend dem Stau &#8211; ja schlimmer sind, als paar B\u00e4ume&#8230; &#8211; Jaaaaaa! Recht hat sie! Ich hab es ja live erlebt. Aber: Das betrifft die Zufahrtsstra\u00dfe nach R\u00fcgen schlechthin \u00fcberhaupt. Wenn da Tausende Autos stundenlang bis hin nach Stralsund im Stau stehen, Kilometerweit, und niemand den Motor abstellt, wegen der Klimaanlage&#8230;, ist das doof. &nbsp;Aber das Problem ist ja gekl\u00e4rt. Mit R\u00fcgenbr\u00fccke und Anschluss-Stra\u00dfe&#8230; Aber: Diese paar Tage, und diese paar Stunden zwischen 17 und 19 Uhr&#8230; zu St\u00f6rtebeker, das h\u00e4lt der Mensch doch aus. Urlauber haben doch Zeit! Und sonst kenne ich keine nennenswerten Staus auf dieser Stra\u00dfe, um die es aktuell geht. Au\u00dfer bei Unf\u00e4llen &#8211; aber da hilft dann die geplante Verbreiterung auch nichts.<\/p>\n<p>Auch bei Bergen, wo riesige Fl\u00e4chen platt gemacht werden f\u00fcr die Abfahrten von der neuen Stra\u00dfe (und die sind ja irgendwo sinnvoll, nur die Stra\u00dfe von Samtens nach Bergen in dieser Form nicht) &#8230; Der Tag ist nah, an dem R\u00fcgen gar nicht mehr&nbsp;wiederzuerkennen ist:<\/p>\n<p><iframe loading=\"lazy\" title=\"Insel R\u00fcgen auf dem Holzweg\" width=\"840\" height=\"630\" src=\"https:\/\/www.youtube.com\/embed\/p5KVTGYGxzI?feature=oembed\" frameborder=\"0\" allow=\"accelerometer; autoplay; encrypted-media; gyroscope; picture-in-picture\" allowfullscreen><\/iframe><\/p>\n<p>Letztlich ist es so: R\u00fcgen wirbt damit, dass G\u00e4ste hier unber\u00fchrte Natur erleben d\u00fcrfen&#8230; seit 25 Jahren. Und JETZT kriegen sie es im Kopp und s\u00e4gen sich den Ast ab, auf dem sie sitzen. JEDEN! Und l\u00fcgen quasi ihre G\u00e4ste vorab schon mal an.<\/p>\n<p>Dass Binz keinen Ostseeflair mehr&nbsp;hat, dass Binz &nbsp;keine Parkpl\u00e4tze mehr aufbringen kann und es jedes Jahr mehr Schickymicky wird, das wissen wir schon. Und dass da kein Quadratmeter Platz mehr ist, wissen wir auch. Da geht nix mehr (au\u00dfer neuerdings historische Villen abzurei\u00dfen und zu ersetzen). Also:<\/p>\n<p><span style=\"color: #000000;\"><strong>&#8222;M\u00fcssen wir mal raus!, schauen was es noch so gibt und auf Krampf jeden noch so idyllischen Ort zu&nbsp;BETTonieren&#8220;. Egal, ob die Insel &#8211; samt Bewohnern &#8211; das verkraftet.<\/strong><\/span><\/p>\n<p><strong>Zum Beispiel Lohme:<\/strong> Mehr Betten als Einwohner sollen da hin. R\u00fcgen streikt. Interessant: Die knapp 500 Einwohner von Lohme sind <strong>nicht<\/strong> die gesamte Zahl der Unterschriften gegen dieses Projekt! Denn&nbsp;da kommen noch weitere Menschen von R\u00fcgen dazu. Die <strong>MASSE aber kommt von DRAUSSEN!<\/strong>&nbsp;\u00dcber 8000&#8230; Also die Menschen, die B\u00fcrgermeister Mr. Ogilvie anziehen will, <strong>die unterschreiben schon vorher<\/strong>, dass sie nicht mehr kommen werden&#8230; Das juckt ihn nicht. Paradox!<\/p>\n<p><span style=\"color: #800080;\"><strong>Wir erreichen mit diesem online-Magazin nicht JEDEN. Aber genug Menschen. Menschen, die auch antworten. Ich lese darin die Gef\u00fchle der Menschen: &#8222;R\u00fcgen ist out&#8220;, &#8222;Nie wieder R\u00fcgen&#8220;, &#8222;Jetzt ist es vorbei&#8220;, &#8222;Wir kommen nie wieder&#8220;, &#8222;Jetzt fahren wir gerade nicht zu St\u00f6rtebeker, k\u00f6nnen wir nicht verantworten&#8220;&#8230;.&#8220; Ja, das Alles nur in diesem kleinen, aber feinen Magazin. DANKE! (Also ich hab es jetzt mal aus dem Kopf heraus zitiert, sinngem\u00e4\u00df. Original k\u00f6nnt Ihr ja selber nachlesen. Hier, oder bei Facebook mit der gleichen Adresse: Inselreport.eu.)<\/strong><\/span><\/p>\n<p>Ist das, was die tun nun Skurril, oder Balla oder doof oder Gier? Ich m\u00f6chte das nicht entscheiden! Aber irgendwas davon ist es &#8211; oder eine Kombination davon!<\/p>\n<p>Die, die mit diesen Ma\u00dfnahmen wegen ihrem Geld hierher&nbsp;gew\u00fcnscht werden, denen ist es eh zu kalt hier. Au\u00dfer vielleicht im Juli und August. Ansonsten:&nbsp;Unten ist die Ostsee. Kalt. Der Weg weit. Steinstrand. Oben: Kalt. Pool da. ABER: Das geht ja paar Flugstunden mehr auch dauerhaft w\u00e4rmer&#8230; Und dann fragen sich die <strong><span style=\"color: #800080;\">EINZIGEN G\u00e4ste, die da Geld f\u00fcr R\u00fcgen ausgeben w\u00fcrden, WEIL SIE ES LIEBEN: &#8222;Was sollen wir dahin gehen, wenn ALLES DAS, was es ausmacht, zerst\u00f6rt ist?&#8220; Gemeint ist die relativ unber\u00fchrte Natur! Also:<\/span><\/strong><\/p>\n<h4 style=\"text-align: center;\"><span style=\"color: #ff0000;\"><strong>DIESE FRAGE STEHT IM RAUM!<\/strong><\/span><\/h4>\n<p style=\"text-align: center;\"><strong><span style=\"color: #800080;\">Ich \u00fcbrigens, nach 13 Jahren Anwesenheit &#8211;&nbsp;ICH BIN SCHON MAL WEG! Im Moment noch gedanklich, aber physisch betrachtet: <\/span><\/strong><\/p>\n<p style=\"text-align: center;\"><strong><span style=\"color: #800080;\">Ich packe schon!<\/span><\/strong><\/p>\n<p>N\u00e4chstes Beispiel: <strong>Dranske<\/strong>, ganz im Norden, der letzte vergessene Zipfel der Insel R\u00fcgen:<\/p>\n<p>Die NVA-\u00dcberlassenschaft, (wird auch gerne als STASI-Rest-Elite bezeichnet) macht da mal, was sie will. Gef\u00e4hrlich&nbsp;ist: Die machen das so wie fr\u00fcher. N\u00e4mlich HEIMLICH, STILL und LEISE. Die sind unter sich und: Die fragen niemanden, die MACHEN einfach. JETZT &nbsp;die Umgebung &#8211; zubauen, die&nbsp;eigentlich der Natur geh\u00f6rt&#8230; das ist aber sooooo weit im Norden, eben der letzte Zipfel, da &#8222;interessiert sich nicht wirklich jemand&nbsp;f\u00fcr&#8220;!<\/p>\n<p>Im <strong>&#8222;Nationalpark Jasmund&#8220;<\/strong> (Unesco-Kulturerbe!!!) werden B\u00e4ume gef\u00e4llt, dass schon die S\u00e4gen gl\u00fchen und die Transporter nicht mehr nachkommen&#8230; (Ich muss wohl mal so einen verfolgen und dann im n\u00e4chsten S\u00e4gewerk weiter Fragen stellen&#8230;) Das Dumme ist: Die haben IMMER Ausreden! Ja, die reden sich raus. Verkehrssicherungspflicht usw. Leserin Michaela hat da mal was geschrieben und sogar eine Antwort bekommen:<\/p>\n<p>&nbsp;<\/p>\n<p><img loading=\"lazy\" decoding=\"async\" width=\"574\" height=\"852\" class=\"alignnone wp-image-1849\" alt=\"Schreiben_01\" src=\"http:\/\/inselreport.eu\/wp-content\/uploads\/2017\/05\/Schreiben_01-202x300.jpg\" srcset=\"https:\/\/inselreport.eu\/wp-content\/uploads\/2017\/05\/Schreiben_01-202x300.jpg 202w, https:\/\/inselreport.eu\/wp-content\/uploads\/2017\/05\/Schreiben_01.jpg 604w\" sizes=\"auto, (max-width: 574px) 85vw, 574px\" \/><\/p>\n<p><img loading=\"lazy\" decoding=\"async\" width=\"852\" height=\"878\" class=\"alignnone wp-image-1844\" alt=\"Schreiben_02\" src=\"http:\/\/inselreport.eu\/wp-content\/uploads\/2017\/05\/Schreiben_02-291x300.jpg\" srcset=\"https:\/\/inselreport.eu\/wp-content\/uploads\/2017\/05\/Schreiben_02-291x300.jpg 291w, https:\/\/inselreport.eu\/wp-content\/uploads\/2017\/05\/Schreiben_02.jpg 567w\" sizes=\"auto, (max-width: 709px) 85vw, (max-width: 909px) 67vw, (max-width: 1362px) 62vw, 840px\" \/><\/p>\n<p>Es ist aber so: Erst war der Baum, weil er \u00e4lter wird&nbsp;als ein&nbsp;Mensch. Dann kommt der Mensch und meint, er m\u00fcsse seine Grundst\u00fccke und Stra\u00dfen an die B\u00e4ume bauen. Und dann kommt wieder der Mensch und meint: Wegen der Verkehrssicherungspflicht m\u00fcssen die B\u00e4ume nun weg. Das Einzige ist: B\u00e4ume stehen da. Friedlich. Sie k\u00f6nnen nicht weglaufen, sie k\u00f6nnen nicht zur\u00fcck schlagen. Sie leben einfach und sind dem Unfug, der drum herum inszeniert wird, schutzlos ausgesetzt. ABER WENN SIE ES K\u00d6NNTEN, diese gro\u00dfen starken B\u00e4ume, mit ihren vielen Armen&#8230;und &#8222;Fingern&#8220; und zur\u00fcck schlagen&#8230; DANN G\u00c4BE ES KEINE Menschen mehr, die hier B\u00e4ume abs\u00e4gen. Hier nicht und auch nicht in den Tropenw\u00e4ldern&#8230; Au\u00dfer, wenn der Baum sagt: &#8222;Ich bin alt genug und m\u00fcde&#8230;&#8220;, aber dann regelt das der Wind.<\/p>\n<p>(Beim Video besser den Ton aus &#8211; es pfeift der Wind!)<\/p>\n<p><iframe loading=\"lazy\" title=\"R\u00fcgen B96n\" width=\"840\" height=\"630\" src=\"https:\/\/www.youtube.com\/embed\/pNlvPH8lRMg?feature=oembed\" frameborder=\"0\" allow=\"accelerometer; autoplay; encrypted-media; gyroscope; picture-in-picture\" allowfullscreen><\/iframe><\/p>\n<p>Diese waren es nicht, die da friedlich standen, bis der Mensch kam und meinte, er m\u00fcsste bei der B 96 neben einer zweispurigen Stra\u00dfe, die vielleicht um eine Spur h\u00e4tte erweitert werden k\u00f6nnen &nbsp;(oder die alte Stra\u00dfe in zwei Spuren wandeln und zwei neue daneben&nbsp;&#8211;&nbsp;das&nbsp;w\u00e4re dann &#8217;ne &#8222;Autobahn&#8220;) &#8230; aber NEE, DREI Spuren neben zwei&#8230; WER DENKT SICH SO WAS AUS?<\/p>\n<p>So sieht das dann eben aus. Momentan. Und es wird noch trister.<\/p>\n<p><span style=\"color: #993366;\"><strong>UND JA! SCHREIBT EURE KOMMENTARE! HIER (unten) oder bei Facebook&#8230; Bei mir gibt es noch Meinungsfreiheit. Es wird nur gel\u00f6scht, bzw. nicht zur Ver\u00f6ffentlichung freigestellt, was mit der Sache gar nichts zu tun hat oder entsprechend des deutschen Presserechts verboten ist. Also mit der Sache gar nichts zu tun haben kann. Alles Andere ist erlaubt. Auch dann, wenn jemand mit mir &#8222;meckert&#8220;. Ich wei\u00df, dass es einem Drittel der Leser gef\u00e4llt, einem anderen Drittel irgendwie nicht in den Hals passt und es einem weiteren Drittel v\u00f6llig Wurscht ist. So ist das Leben eben und IMMER. Egal, was du machst. Ich freue mich &#8211; und mache meine Arbeit &nbsp;f\u00fcr das Erste Drittel zur Freude, f\u00fcr den Rest der Menschen als Information und Denkansto\u00df. Mit Freude, Liebe und Emphatie.<\/strong><\/span><\/p>\n<p style=\"text-align: right;\">Fotos \/ Video: <span style=\"color: #800080;\"><strong>\u00a9<\/strong><\/span> Marius Jaster<\/p>\n<h3 style=\"text-align: center;\"><span style=\"color: #800080;\">DANKE f\u00fcr Deinen Beitrag!<\/span><\/h3>\n<p><img loading=\"lazy\" decoding=\"async\" width=\"610\" height=\"409\" class=\"alignnone wp-image-3253\" alt=\"DSC_0010-001\" src=\"http:\/\/inselreport.eu\/wp-content\/uploads\/2017\/02\/DSC_0010-001-300x201.jpg\" srcset=\"https:\/\/inselreport.eu\/wp-content\/uploads\/2017\/02\/DSC_0010-001-300x201.jpg 300w, https:\/\/inselreport.eu\/wp-content\/uploads\/2017\/02\/DSC_0010-001-768x515.jpg 768w, https:\/\/inselreport.eu\/wp-content\/uploads\/2017\/02\/DSC_0010-001.jpg 800w\" sizes=\"auto, (max-width: 709px) 85vw, (max-width: 909px) 67vw, (max-width: 984px) 61vw, (max-width: 1362px) 45vw, 600px\" \/><\/p>\n<pre><span style=\"color: #800080;\"><span style=\"color: #ff0000;\">W\u00e4hle den Betrag selbst!<\/span>\nZahlungsempf\u00e4nger:<\/span> <span style=\"color: #0000ff;\">Marius Jaster \n<strong>IBAN: DE 088 50 200 86 000 803 55 12<\/strong><strong> (BIC: HYVEDE MM 496)<\/strong> \n<\/span>Gib bitte den Namen des Artikels mit an. DANKE!<\/pre>\n<p style=\"text-align: left;\">Vorherige Beitr\u00e4ge:<\/p>\n<blockquote class=\"wp-embedded-content\" data-secret=\"iiRtRnjcPw\"><p><a href=\"http:\/\/inselreport.eu\/?p=1461\">Insel R\u00fcgen: R\u00dcGEN ist auf dem Holzweg!<\/a><\/p><\/blockquote>\n<p><iframe loading=\"lazy\" title=\"&#8222;Insel R\u00fcgen: R\u00dcGEN ist auf dem Holzweg!&#8220; &#8212; inselreport.eu\" class=\"wp-embedded-content\" sandbox=\"allow-scripts\" security=\"restricted\" style=\"position: absolute; clip: rect(1px, 1px, 1px, 1px);\" src=\"http:\/\/inselreport.eu\/?p=1461&#038;embed=true#?secret=iiRtRnjcPw\" data-secret=\"iiRtRnjcPw\" width=\"600\" height=\"338\" frameborder=\"0\" marginwidth=\"0\" marginheight=\"0\" scrolling=\"no\"><\/iframe><\/p>\n<blockquote class=\"wp-embedded-content\" data-secret=\"xHkxfwv3l3\"><p><a href=\"http:\/\/inselreport.eu\/?p=1496\">Insel R\u00fcgen: R\u00fcgen ist auf dem Holzweg. Update # 01<\/a><\/p><\/blockquote>\n<p><iframe loading=\"lazy\" title=\"&#8222;Insel R\u00fcgen: R\u00fcgen ist auf dem Holzweg. Update # 01&#8220; &#8212; inselreport.eu\" class=\"wp-embedded-content\" sandbox=\"allow-scripts\" security=\"restricted\" style=\"position: absolute; clip: rect(1px, 1px, 1px, 1px);\" src=\"http:\/\/inselreport.eu\/?p=1496&#038;embed=true#?secret=xHkxfwv3l3\" data-secret=\"xHkxfwv3l3\" width=\"600\" height=\"338\" frameborder=\"0\" marginwidth=\"0\" marginheight=\"0\" scrolling=\"no\"><\/iframe><\/p>\n<blockquote class=\"wp-embedded-content\" data-secret=\"DxhRPR4XUL\"><p><a href=\"http:\/\/inselreport.eu\/?p=1528\">R\u00fcgen auf dem Holzweg. Update # 02: Meinungen und Fotos unserer Leser<\/a><\/p><\/blockquote>\n<p><iframe loading=\"lazy\" title=\"&#8222;R\u00fcgen auf dem Holzweg. Update # 02: Meinungen und Fotos unserer Leser&#8220; &#8212; inselreport.eu\" class=\"wp-embedded-content\" sandbox=\"allow-scripts\" security=\"restricted\" style=\"position: absolute; clip: rect(1px, 1px, 1px, 1px);\" src=\"http:\/\/inselreport.eu\/?p=1528&#038;embed=true#?secret=DxhRPR4XUL\" data-secret=\"DxhRPR4XUL\" width=\"600\" height=\"338\" frameborder=\"0\" marginwidth=\"0\" marginheight=\"0\" scrolling=\"no\"><\/iframe><\/p>\n","protected":false},"excerpt":{"rendered":"<p>Auf Facebook gibt es ja bei einem&nbsp;Video&nbsp;(dort auch bei &#8222;Inselreport.eu&#8220;, und hier dann gleich zu sehen) Kommentare, die sind schon drollig. &#8222;Schei\u00df auf die B\u00e4ume&#8220;&#8230; &nbsp;steht da so geschrieben. Gut, wegen &#8222;diesen paar B\u00e4umen&#8220; wird der Sauerstoff nicht direkt knapp. Und es geht ja auch nicht nur um &#8222;die paar&#8220; B\u00e4ume, sondern um die ganze &hellip; <a href=\"https:\/\/inselreport.eu\/?p=1800\" class=\"more-link\"><span class=\"screen-reader-text\">\u201eR\u00fcgen ist auf dem Holzweg.    Update # 03 &#8211; Videos\u201c<\/span> weiterlesen<\/a><\/p>\n","protected":false},"author":1,"featured_media":1809,"comment_status":"open","ping_status":"open","sticky":false,"template":"","format":"standard","meta":{"om_disable_all_campaigns":false,"_exactmetrics_skip_tracking":false,"_exactmetrics_sitenote_active":false,"_exactmetrics_sitenote_note":"","_exactmetrics_sitenote_category":0,"_uf_show_specific_survey":0,"_uf_disable_surveys":false,"footnotes":""},"categories":[2,56],"tags":[205,118,21,40,39,206],"class_list":["post-1800","post","type-post","status-publish","format-standard","has-post-thumbnail","hentry","category-insel-ruegen","category-kolumnen","tag-baumfaellaktionen-auf-ruegen","tag-insel-ruegen-news","tag-ostsee","tag-ostsee-news","tag-ruegen","tag-stasi"],"aioseo_notices":[],"_links":{"self":[{"href":"https:\/\/inselreport.eu\/index.php?rest_route=\/wp\/v2\/posts\/1800","targetHints":{"allow":["GET"]}}],"collection":[{"href":"https:\/\/inselreport.eu\/index.php?rest_route=\/wp\/v2\/posts"}],"about":[{"href":"https:\/\/inselreport.eu\/index.php?rest_route=\/wp\/v2\/types\/post"}],"author":[{"embeddable":true,"href":"https:\/\/inselreport.eu\/index.php?rest_route=\/wp\/v2\/users\/1"}],"replies":[{"embeddable":true,"href":"https:\/\/inselreport.eu\/index.php?rest_route=%2Fwp%2Fv2%2Fcomments&post=1800"}],"version-history":[{"count":34,"href":"https:\/\/inselreport.eu\/index.php?rest_route=\/wp\/v2\/posts\/1800\/revisions"}],"predecessor-version":[{"id":5115,"href":"https:\/\/inselreport.eu\/index.php?rest_route=\/wp\/v2\/posts\/1800\/revisions\/5115"}],"wp:featuredmedia":[{"embeddable":true,"href":"https:\/\/inselreport.eu\/index.php?rest_route=\/wp\/v2\/media\/1809"}],"wp:attachment":[{"href":"https:\/\/inselreport.eu\/index.php?rest_route=%2Fwp%2Fv2%2Fmedia&parent=1800"}],"wp:term":[{"taxonomy":"category","embeddable":true,"href":"https:\/\/inselreport.eu\/index.php?rest_route=%2Fwp%2Fv2%2Fcategories&post=1800"},{"taxonomy":"post_tag","embeddable":true,"href":"https:\/\/inselreport.eu\/index.php?rest_route=%2Fwp%2Fv2%2Ftags&post=1800"}],"curies":[{"name":"wp","href":"https:\/\/api.w.org\/{rel}","templated":true}]}}