{"id":201,"date":"2016-05-23T19:57:51","date_gmt":"2016-05-23T17:57:51","guid":{"rendered":"http:\/\/inselreport.eu\/?p=201"},"modified":"2023-12-15T19:47:20","modified_gmt":"2023-12-15T18:47:20","slug":"diese-strasse-ist-heiss","status":"publish","type":"post","link":"https:\/\/inselreport.eu\/?p=201","title":{"rendered":"Diese Stra\u00dfe ist hei\u00df! Und halb R\u00fcgen &#8222;dreht am Rad&#8220;"},"content":{"rendered":"<h6><span style=\"color: #ff0000;\">25. Juni 2019: Die neue B96 auf R\u00fcgen ist fertig . Angeschlossen an die R\u00fcgenbr\u00fccke f\u00fchrt sie direkt bis nach Bergen. Der Weg f\u00fcr den Massentourismus ist frei.<\/span><\/h6>\n<p><strong><span style=\"color: #800080;\">Ich immer dicht dran. Da sagt mir ein Bauarbeiter: &#8222;Sie k\u00f6nnen hier nicht mit Ihrem Auto auf der neuen Stra\u00dfe stehen!&#8220; &#8211; &#8222;Wieso?&#8220; &#8211; &#8222;Na die geht kaputt, die ist noch hei\u00df, oder was denken Sie, warum wir auf dem Radweg fahren?&#8220; &#8211; &#8222;Okay, das wusste ich nicht, DANKE!&#8220; Und dann war ich aber schnell weg. Hab mehr an meine Reifen gedacht, als an die Stra\u00dfe. Tja, so ist das.<\/span><\/strong><\/p>\n<p>Selten&nbsp;wurde auf der Insel R\u00fcgen so viel diskutiert, wie \u00fcber die neue Bundesstra\u00dfe mit dem Zaubernamen \u201eB 96 n\u201c Ja gut, vorher war da noch das Diskussionsthema \u201eR\u00fcgenbr\u00fccke\u201c, die am 20. Oktober 2007 mit einer riesigen Party er\u00f6ffnet wurde.<\/p>\n<p><img loading=\"lazy\" decoding=\"async\" width=\"637\" height=\"431\" class=\"alignnone wp-image-267\" alt=\"Feuerwerk\" src=\"http:\/\/inselreport.eu\/wp-content\/uploads\/2016\/05\/Feuerwerk-300x203.jpg\" srcset=\"https:\/\/inselreport.eu\/wp-content\/uploads\/2016\/05\/Feuerwerk-300x203.jpg 300w, https:\/\/inselreport.eu\/wp-content\/uploads\/2016\/05\/Feuerwerk-768x520.jpg 768w, https:\/\/inselreport.eu\/wp-content\/uploads\/2016\/05\/Feuerwerk-1024x694.jpg 1024w, https:\/\/inselreport.eu\/wp-content\/uploads\/2016\/05\/Feuerwerk.jpg 1200w\" sizes=\"auto, (max-width: 709px) 85vw, (max-width: 909px) 67vw, (max-width: 984px) 61vw, (max-width: 1362px) 45vw, 600px\" \/><\/p>\n<figure id=\"attachment_205\" aria-describedby=\"caption-attachment-205\" style=\"width: 788px\" class=\"wp-caption alignnone\"><img loading=\"lazy\" decoding=\"async\" width=\"788\" height=\"533\" class=\" wp-image-205\" alt=\"Beleuchtete R\u00fcgenbr\u00fccke am 20. Oktober Foto: Marius Jaster Foto: Marius Jaster\" src=\"http:\/\/inselreport.eu\/wp-content\/uploads\/2016\/05\/R\u00fcgenbr\u00fccke_02-300x203.jpg\" srcset=\"https:\/\/inselreport.eu\/wp-content\/uploads\/2016\/05\/R\u00fcgenbr\u00fccke_02-300x203.jpg 300w, https:\/\/inselreport.eu\/wp-content\/uploads\/2016\/05\/R\u00fcgenbr\u00fccke_02-768x520.jpg 768w, https:\/\/inselreport.eu\/wp-content\/uploads\/2016\/05\/R\u00fcgenbr\u00fccke_02-1024x693.jpg 1024w, https:\/\/inselreport.eu\/wp-content\/uploads\/2016\/05\/R\u00fcgenbr\u00fccke_02-1200x813.jpg 1200w, https:\/\/inselreport.eu\/wp-content\/uploads\/2016\/05\/R\u00fcgenbr\u00fccke_02.jpg 1831w\" sizes=\"auto, (max-width: 709px) 85vw, (max-width: 909px) 67vw, (max-width: 984px) 61vw, (max-width: 1362px) 45vw, 600px\" \/><figcaption id=\"caption-attachment-205\" class=\"wp-caption-text\">beleuchtete R\u00fcgenbr\u00fccke am 20. Oktober 2007<\/p>\n<p><\/figcaption><\/figure>\n<p><!--more--><\/p>\n<p>Und alles sollte schneller gehen. Die Einen wollten es unbedingt, die Anderen str\u00e4ubten sich mit allen Mitteln dagegen. Verz\u00f6gerung gelungen, aber nicht die Verhinderung. Meist wollten die Verhinderung diejenigen, die irgendwo im Gr\u00fcnen wohnen und vom Verkehrschaos nicht direkt tangiert wurden oder werden. Aber NUTZEN und sich dr\u00fcber freuen- das tun sie allemal! Das ist so, wie wenn ich sage: \u201eIch werde niemals eine Frau vergewaltigen\u201c. Dann lass ich das auch. Aber viele Jahre lang irgendwelche notwendigen Bauvorhaben boykottieren \u2013 und sie nach Fertigstellung doch nutzen, das ist wie: \u201eVergewaltige ich doch!\u201c Warum fahren die nicht mit ihren Fahrr\u00e4dern \u00fcber Trampelpfade, oder gehen zu Fu\u00df? Nein, sie nutzen DAS, wogegen sie waren. Das ist in meinen Augen nicht konsequent. Vergewaltigung am Rest der Menschheit ist das. Und sie tun so, als ob die ganze Insel versaut w\u00fcrde. Aus einem Flugzeug, aus ein paar Metern h\u00f6her betrachtet, ist das alles nix! Da schl\u00e4ngeln sich der alte R\u00fcgendamm und die&nbsp;neue Br\u00fccke nebeneinander wie Drahtseile durch die Landschaft. Ich habs ja gesehen.<\/p>\n<p>Also einsteigen bitte.<\/p>\n<p><img loading=\"lazy\" decoding=\"async\" width=\"775\" height=\"514\" class=\"alignnone wp-image-211\" alt=\"Flug_01\" src=\"http:\/\/inselreport.eu\/wp-content\/uploads\/2016\/05\/Flug_01-300x199.jpg\" srcset=\"https:\/\/inselreport.eu\/wp-content\/uploads\/2016\/05\/Flug_01-300x199.jpg 300w, https:\/\/inselreport.eu\/wp-content\/uploads\/2016\/05\/Flug_01.jpg 700w\" sizes=\"auto, (max-width: 709px) 85vw, (max-width: 909px) 67vw, (max-width: 984px) 61vw, (max-width: 1362px) 45vw, 600px\" \/><br \/>\nSo sieht das also aus:<\/p>\n<p>Hiddensee im Ganzen:<\/p>\n<p><img loading=\"lazy\" decoding=\"async\" width=\"1054\" height=\"513\" class=\"alignnone wp-image-213\" alt=\"Hiddensee_01\" src=\"http:\/\/inselreport.eu\/wp-content\/uploads\/2016\/05\/Hiddensee_01-300x146.jpg\" srcset=\"https:\/\/inselreport.eu\/wp-content\/uploads\/2016\/05\/Hiddensee_01-300x146.jpg 300w, https:\/\/inselreport.eu\/wp-content\/uploads\/2016\/05\/Hiddensee_01-768x375.jpg 768w, https:\/\/inselreport.eu\/wp-content\/uploads\/2016\/05\/Hiddensee_01-1024x499.jpg 1024w, https:\/\/inselreport.eu\/wp-content\/uploads\/2016\/05\/Hiddensee_01-1200x585.jpg 1200w\" sizes=\"auto, (max-width: 709px) 85vw, (max-width: 909px) 67vw, (max-width: 1362px) 62vw, 840px\" \/><\/p>\n<p><img loading=\"lazy\" decoding=\"async\" width=\"638\" height=\"425\" class=\"alignnone wp-image-216\" alt=\"Flug_02\" src=\"http:\/\/inselreport.eu\/wp-content\/uploads\/2016\/05\/Flug_02-300x200.jpg\" srcset=\"https:\/\/inselreport.eu\/wp-content\/uploads\/2016\/05\/Flug_02-300x200.jpg 300w, https:\/\/inselreport.eu\/wp-content\/uploads\/2016\/05\/Flug_02.jpg 600w\" sizes=\"auto, (max-width: 709px) 85vw, (max-width: 909px) 67vw, (max-width: 984px) 61vw, (max-width: 1362px) 45vw, 600px\" \/><\/p>\n<p>Na ja, und das ist dann eben die B\u00d6SE GROSSE R\u00fcgenbr\u00fccke. Die anh\u00e4ngende Stra\u00dfe macht die Insel nicht wirklich kaputt. Sie hilft nur, runde 36.000 Stunden (!) Abgase stehender Stauautos PRO TAG zu verhindern. Die sollen ja auch fahren und nicht stehen!<\/p>\n<p>Wie dem auch sei:<\/p>\n<p>Bisher hat die neue Br\u00fccke den Stau der Urlauber (\u00fcber 30.000 Autos pro Tag, die dann bei schlechtem Wetter wieder nach Stralsund reisen, um Museen zu besuchen und wieder zur\u00fcck) nur verschoben.<\/p>\n<figure id=\"attachment_255\" aria-describedby=\"caption-attachment-255\" style=\"width: 691px\" class=\"wp-caption alignnone\"><img loading=\"lazy\" decoding=\"async\" width=\"691\" height=\"488\" class=\" wp-image-255\" alt=\"2006 - die R\u00fcgenbr\u00fccke im Bau - herrschte vor allem in den Smmermonaten chronisches Chaos in Stralsund. Stau, soweit das Auge reicht.\" src=\"http:\/\/inselreport.eu\/wp-content\/uploads\/2016\/05\/Stau-Stralsund-300x212.jpg\" srcset=\"https:\/\/inselreport.eu\/wp-content\/uploads\/2016\/05\/Stau-Stralsund-300x212.jpg 300w, https:\/\/inselreport.eu\/wp-content\/uploads\/2016\/05\/Stau-Stralsund-768x541.jpg 768w, https:\/\/inselreport.eu\/wp-content\/uploads\/2016\/05\/Stau-Stralsund-1024x722.jpg 1024w, https:\/\/inselreport.eu\/wp-content\/uploads\/2016\/05\/Stau-Stralsund.jpg 1200w\" sizes=\"auto, (max-width: 709px) 85vw, (max-width: 909px) 67vw, (max-width: 984px) 61vw, (max-width: 1362px) 45vw, 600px\" \/><figcaption id=\"caption-attachment-255\" class=\"wp-caption-text\">2006 &#8211; die R\u00fcgenbr\u00fccke im Bau &#8211; herrschte vor allem in den Sommermonaten chronisches Chaos in Stralsund. Stau, soweit das Auge reicht.<\/figcaption><\/figure>\n<figure id=\"attachment_256\" aria-describedby=\"caption-attachment-256\" style=\"width: 705px\" class=\"wp-caption alignnone\"><img loading=\"lazy\" decoding=\"async\" width=\"705\" height=\"456\" class=\" wp-image-256\" alt=\"Die Zugbr\u00fccke auf dem R\u00fcgendamm \u00f6ffnet mehrmals t\u00e4glich f\u00fcr 20 Minuten f\u00fcr den Schiffsverkehr. 20 Minuten &quot;Vollsperrung&quot; reichen f\u00fcr einen langen Stau, der sich auch icht gleich wieder aufl\u00f6st.\" src=\"http:\/\/inselreport.eu\/wp-content\/uploads\/2016\/05\/Zugbruecke-Ruegendamm-300x194.jpg\" srcset=\"https:\/\/inselreport.eu\/wp-content\/uploads\/2016\/05\/Zugbruecke-Ruegendamm-300x194.jpg 300w, https:\/\/inselreport.eu\/wp-content\/uploads\/2016\/05\/Zugbruecke-Ruegendamm-768x498.jpg 768w, https:\/\/inselreport.eu\/wp-content\/uploads\/2016\/05\/Zugbruecke-Ruegendamm-1024x663.jpg 1024w, https:\/\/inselreport.eu\/wp-content\/uploads\/2016\/05\/Zugbruecke-Ruegendamm-1200x778.jpg 1200w, https:\/\/inselreport.eu\/wp-content\/uploads\/2016\/05\/Zugbruecke-Ruegendamm.jpg 1920w\" sizes=\"auto, (max-width: 709px) 85vw, (max-width: 909px) 67vw, (max-width: 984px) 61vw, (max-width: 1362px) 45vw, 600px\" \/><figcaption id=\"caption-attachment-256\" class=\"wp-caption-text\">Die Zugbr\u00fccke auf dem R\u00fcgendamm \u00f6ffnet mehrmals t\u00e4glich f\u00fcr 20 Minuten f\u00fcr den Schiffsverkehr. 20 Minuten &#8222;Vollsperrung&#8220; reichten f\u00fcr einen langen Stau, der sich&nbsp;in der Saison den ganzen Tag nicht aufl\u00f6ste.<\/figcaption><\/figure>\n<figure id=\"attachment_257\" aria-describedby=\"caption-attachment-257\" style=\"width: 660px\" class=\"wp-caption alignnone\"><img loading=\"lazy\" decoding=\"async\" width=\"660\" height=\"396\" class=\" wp-image-257\" alt=\"W\u00e4hrend der \u00d6fnnungszeiten der Br\u00fccke bilden sich lange Autoschlangen, daf\u00fcr l\u00f6st sich der Stau der Schiffe auf.\" src=\"http:\/\/inselreport.eu\/wp-content\/uploads\/2016\/05\/Bruecke-Ruegendamm_02-300x180.jpg\" srcset=\"https:\/\/inselreport.eu\/wp-content\/uploads\/2016\/05\/Bruecke-Ruegendamm_02-300x180.jpg 300w, https:\/\/inselreport.eu\/wp-content\/uploads\/2016\/05\/Bruecke-Ruegendamm_02-768x462.jpg 768w, https:\/\/inselreport.eu\/wp-content\/uploads\/2016\/05\/Bruecke-Ruegendamm_02-1024x616.jpg 1024w, https:\/\/inselreport.eu\/wp-content\/uploads\/2016\/05\/Bruecke-Ruegendamm_02-1200x721.jpg 1200w, https:\/\/inselreport.eu\/wp-content\/uploads\/2016\/05\/Bruecke-Ruegendamm_02.jpg 1740w\" sizes=\"auto, (max-width: 709px) 85vw, (max-width: 909px) 67vw, (max-width: 984px) 61vw, (max-width: 1362px) 45vw, 600px\" \/><figcaption id=\"caption-attachment-257\" class=\"wp-caption-text\">W\u00e4hrend der \u00d6ffnungszeiten der Br\u00fccke bildeten sich lange Autoschlangen, daf\u00fcr l\u00f6ste sich der Stau der Schiffe auf.<\/figcaption><\/figure>\n<p><img loading=\"lazy\" decoding=\"async\" width=\"379\" height=\"632\" class=\"wp-image-206 alignleft\" alt=\"Foto Monat_02\" src=\"http:\/\/inselreport.eu\/wp-content\/uploads\/2016\/05\/Foto-Monat_02-180x300.jpg\" srcset=\"https:\/\/inselreport.eu\/wp-content\/uploads\/2016\/05\/Foto-Monat_02-180x300.jpg 180w, https:\/\/inselreport.eu\/wp-content\/uploads\/2016\/05\/Foto-Monat_02.jpg 300w\" sizes=\"auto, (max-width: 379px) 85vw, 379px\" \/><\/p>\n<p>Standen die Autos in Stralsund im Stau, weil ab und zu die Zugbr\u00fccke auf dem R\u00fcgendamm f\u00fcr den Schiffsverkehr \u00f6ffnete, lie\u00dfen sich die staugeplagten Autofahrer von den Staum\u00e4dchen die \u201eR\u00fcgenb\u00fcdl\u201c aush\u00e4ndigen, mit Flyern, Informationen, Produktproben&#8230; Wartezeit verk\u00fcrzt, ertr\u00e4glich gemacht. Aber dann, nach Er\u00f6ffnung der neuen Br\u00fccke, war&nbsp;die n\u00e4chste H\u00fcrde noch nicht weg: Die Ampel in Samtens. St\u00e4ndig hat sie ewig rot, weil die Bahnschranken schlie\u00dfen \u2013 und Dank der R\u00fcgenbr\u00fccke war ja freie Fahrt. Bis dahin. Der Stau hatte sich nur verlagert von Stralsund nach Samtens und reichte nicht selten 5 km bis nach Rambin zur\u00fcck. An absoluten Anreisetagen auch gerne bis weit hinter Stralsund&#8230;<\/p>\n<figure id=\"attachment_258\" aria-describedby=\"caption-attachment-258\" style=\"width: 763px\" class=\"wp-caption alignnone\"><img loading=\"lazy\" decoding=\"async\" width=\"763\" height=\"488\" class=\" wp-image-258\" alt=\"Der &quot;Sabotagebalken&quot; in Samtens. Fast eine Minute haben Alle rot, bevor die rote Bahnampel angeht. Dann dauert es noch fast 2 Minuten, bis die SChranken unten sind. Erst dann ist wenigstens geradeaus wieder freie Fahrt.\" src=\"http:\/\/inselreport.eu\/wp-content\/uploads\/2016\/05\/Ampel_01-300x192.jpg\" srcset=\"https:\/\/inselreport.eu\/wp-content\/uploads\/2016\/05\/Ampel_01-300x192.jpg 300w, https:\/\/inselreport.eu\/wp-content\/uploads\/2016\/05\/Ampel_01-768x492.jpg 768w, https:\/\/inselreport.eu\/wp-content\/uploads\/2016\/05\/Ampel_01-1024x656.jpg 1024w, https:\/\/inselreport.eu\/wp-content\/uploads\/2016\/05\/Ampel_01.jpg 1200w\" sizes=\"auto, (max-width: 709px) 85vw, (max-width: 909px) 67vw, (max-width: 984px) 61vw, (max-width: 1362px) 45vw, 600px\" \/><figcaption id=\"caption-attachment-258\" class=\"wp-caption-text\">Der &#8222;Sabotagebalken&#8220; in Samtens. Fast eine Minute haben Alle rot, bevor die rote Bahnampel angeht. Dann dauert es noch fast 2 Minuten, bis die Schranken unten sind. Erst dann ist wenigstens geradeaus wieder freie Fahrt.<\/figcaption><\/figure>\n<figure id=\"attachment_259\" aria-describedby=\"caption-attachment-259\" style=\"width: 697px\" class=\"wp-caption alignnone\"><img loading=\"lazy\" decoding=\"async\" width=\"697\" height=\"323\" class=\" wp-image-259\" alt=\"Die nervigste Ampel der Insel R\u00fcgen. Halbst\u00fcndlich kommt die Regionalbahn, zwischendurch noch die IC und G\u00fcterz\u00fcge. DIe Kreuzung ist immer minutenlang blockiert.\" src=\"http:\/\/inselreport.eu\/wp-content\/uploads\/2016\/05\/Ampel_02-300x139.jpg\" srcset=\"https:\/\/inselreport.eu\/wp-content\/uploads\/2016\/05\/Ampel_02-300x139.jpg 300w, https:\/\/inselreport.eu\/wp-content\/uploads\/2016\/05\/Ampel_02-768x356.jpg 768w, https:\/\/inselreport.eu\/wp-content\/uploads\/2016\/05\/Ampel_02-1024x474.jpg 1024w, https:\/\/inselreport.eu\/wp-content\/uploads\/2016\/05\/Ampel_02.jpg 1194w\" sizes=\"auto, (max-width: 709px) 85vw, (max-width: 909px) 67vw, (max-width: 984px) 61vw, (max-width: 1362px) 45vw, 600px\" \/><figcaption id=\"caption-attachment-259\" class=\"wp-caption-text\">Die nervigste Ampel der Insel R\u00fcgen in Samtens. Halbst\u00fcndlich kommt die Regionalbahn, zwischendurch noch die IC und G\u00fcterz\u00fcge. Die Kreuzung ist immer minutenlang blockiert.<\/figcaption><\/figure>\n<p><img loading=\"lazy\" decoding=\"async\" width=\"741\" height=\"546\" class=\"alignnone wp-image-218\" alt=\"Titel\" src=\"http:\/\/inselreport.eu\/wp-content\/uploads\/2016\/05\/Titel-300x221.jpg\" srcset=\"https:\/\/inselreport.eu\/wp-content\/uploads\/2016\/05\/Titel-300x221.jpg 300w, https:\/\/inselreport.eu\/wp-content\/uploads\/2016\/05\/Titel-768x565.jpg 768w, https:\/\/inselreport.eu\/wp-content\/uploads\/2016\/05\/Titel-1024x754.jpg 1024w, https:\/\/inselreport.eu\/wp-content\/uploads\/2016\/05\/Titel-1200x884.jpg 1200w\" sizes=\"auto, (max-width: 709px) 85vw, (max-width: 909px) 67vw, (max-width: 984px) 61vw, (max-width: 1362px) 45vw, 600px\" \/><\/p>\n<p>Ja Stau. F\u00fcr Urlauber leider geil. F\u00fcr die, die hier wohnen und arbeiten m\u00fcssen&#8230; leider nicht.<\/p>\n<p>Die neue Stra\u00dfe, die \u201eB 96 n\u201c wurde also von allen Betroffenen sehnlichst erwartet. Und sollte ja zum Gesamtprojekt dazugeh\u00f6ren. Jetzt ist sie fertig. Also die ersten zwei Drittel&nbsp;\u2013 zumindest an der Nerv-Ampel in Samtens vorbei&#8230; und wird irgendwann bis Bergen f\u00fchren.<\/p>\n<p>Jaaaaaa, endlich fertig! Und alle kotzen!<\/p>\n<p><img loading=\"lazy\" decoding=\"async\" width=\"770\" height=\"513\" class=\"alignnone wp-image-207\" alt=\"Rambin\" src=\"http:\/\/inselreport.eu\/wp-content\/uploads\/2016\/05\/Rambin-300x200.jpg\" srcset=\"https:\/\/inselreport.eu\/wp-content\/uploads\/2016\/05\/Rambin-300x200.jpg 300w, https:\/\/inselreport.eu\/wp-content\/uploads\/2016\/05\/Rambin-768x511.jpg 768w, https:\/\/inselreport.eu\/wp-content\/uploads\/2016\/05\/Rambin-1024x681.jpg 1024w, https:\/\/inselreport.eu\/wp-content\/uploads\/2016\/05\/Rambin.jpg 1200w\" sizes=\"auto, (max-width: 709px) 85vw, (max-width: 909px) 67vw, (max-width: 984px) 61vw, (max-width: 1362px) 45vw, 600px\" \/><\/p>\n<p>Am meisten&nbsp;der gesamte Ort Rambin. Der ist da, wo die Kirchturmspitze steht. Und alle fahren dran vorbei. Geht ja nicht anders. Bisher waren nur die direkten Anwohner an der alten B 96 genervt, die direkt durch den Ort f\u00fchrt. Dann, wenn eben all diese Touristenautos, LKW\u2019s &#8230;. (und die ganzen Baulaster w\u00e4hrend der Bauphase) quasi durch das Schlafzimmer fuhren. Die Anwohner mit den H\u00e4usern waren die Schallschutzwand f\u00fcr den Ort. Jetzt ist das anders. Gerecht verteilt. Jetzt fahren (und ich hab das von einer Br\u00fccke aus nachgez\u00e4hlt) von 100 Autos 80 auf der neuen Stra\u00dfe. Und die &#8222;fetzt&#8220;! Die ist auf der H\u00f6he Rambin runde 200 Meter von der alten Stra\u00dfe entfernt. Ansonsten f\u00fchrt sie&nbsp;direkt neben der alten Stra\u00dfe und der Bahnschiene entlang. Und: Da darf man schnell fahren! Okay, es rubbelt ein bisschen. Da f\u00e4llt Dir schon mal die Kaffeetasse vom Armaturenbrett oder die R\u00fcckspiegel beginnen zu vibrieren. Weil: Ausgerechnet kurz vor Rambin endet der Luxus, auf Asphalt zu fahren. Genau hier.<\/p>\n<p><img loading=\"lazy\" decoding=\"async\" width=\"652\" height=\"430\" class=\"alignnone wp-image-209\" alt=\"Neu_01\" src=\"http:\/\/inselreport.eu\/wp-content\/uploads\/2016\/05\/Neu_01-300x198.jpg\" srcset=\"https:\/\/inselreport.eu\/wp-content\/uploads\/2016\/05\/Neu_01-300x198.jpg 300w, https:\/\/inselreport.eu\/wp-content\/uploads\/2016\/05\/Neu_01-768x507.jpg 768w, https:\/\/inselreport.eu\/wp-content\/uploads\/2016\/05\/Neu_01-1024x676.jpg 1024w, https:\/\/inselreport.eu\/wp-content\/uploads\/2016\/05\/Neu_01-1200x792.jpg 1200w\" sizes=\"auto, (max-width: 709px) 85vw, (max-width: 909px) 67vw, (max-width: 984px) 61vw, (max-width: 1362px) 45vw, 600px\" \/><\/p>\n<p>Dann kommt &#8211; ausgerechnet ab dem Punkt, wo Menschen wohnen: Beton! Schnell gemacht. Schlecht gemacht. \u201eBr\u00fcllbeton\u201c hei\u00dft es hier. Und weil die Autos nicht mit 50 kmh da lang fahren, weil sie 100 d\u00fcrfen, fahren sie \u2013 na ja, einer hat das mal versucht &#8211; auf der alten Stra\u00dfe nebenher zu fahren \u2013 bei 137 hat er aufgeh\u00f6rt, wegen seinem F\u00fchrerschein&#8230; die anderen waren schneller! Und die Schallger\u00e4usche&nbsp;br\u00fcllen nun ins ganze Dorf. Die Dezibelgrenze wird chronisch um etwa 100 Prozent \u00fcberschritten. Auch nachts. Alle kotzen! Es ist eine Rauschglocke, die je nach Windrichtung mehr oder weniger \u00fcber dem ganzen Dorf lagert. Selbst am fast 2 km entfernten Bodden ist das Rauschen zu h\u00f6ren. Bei s\u00fcdlichen Winden und Windstille.<\/p>\n<p>F\u00fcr mich ist es besser als vorher. Weil vorher selbst bei geschlossenen Fenstern keine Ruhe war. Und die Vibrationen der LKW waren Tag und Nacht zu sp\u00fcren. Bei offenen Fenstern lie\u00df sich der L\u00e4rm nur mit Ohrsch\u00fctzern ertragen.&nbsp;&nbsp;Jetzt verteilt sich das gleichm\u00e4\u00dfig und f\u00fcr mich ist es leiser. Sehr sch\u00f6n! Sehr gerecht. Bekommen die Anderen auch was ab. Und meckern&#8230;. Ja, da br\u00fcllt das Dorf zur\u00fcck. Pl\u00f6tzlich.<\/p>\n<p><strong>Ach so, bevor ich es vergesse: 100 km\/h ist erlaubt! Knapp 1000 Autofahrer haben schon richtig gel\u00f6hnt, vielleicht gar keinen F\u00fchrerschein mehr&#8230; In diesen paar Tagen seit Anbeginn des Jahres. ACHTUNG! Der Videowagen ist echt aktiv! Versaut Euch den Urlaub nicht und macht nicht mehr L\u00e4rm als n\u00f6tig! Also nur mal zum Spa\u00df auf der wei\u00dfen Riffellinie langfahren, das klingt f\u00fcr Anwohner wie Schlagbohrmaschine&#8230;.<\/strong><\/p>\n<figure id=\"attachment_226\" aria-describedby=\"caption-attachment-226\" style=\"width: 768px\" class=\"wp-caption alignnone\"><img loading=\"lazy\" decoding=\"async\" width=\"768\" height=\"561\" class=\" wp-image-226\" alt=\"Na ja, Gr\u00fcnstreifen waren fr\u00fcher auch noch aus Gras :-)\" src=\"http:\/\/inselreport.eu\/wp-content\/uploads\/2016\/05\/Riffel-300x219.jpg\" srcset=\"https:\/\/inselreport.eu\/wp-content\/uploads\/2016\/05\/Riffel-300x219.jpg 300w, https:\/\/inselreport.eu\/wp-content\/uploads\/2016\/05\/Riffel-768x561.jpg 768w, https:\/\/inselreport.eu\/wp-content\/uploads\/2016\/05\/Riffel-1024x748.jpg 1024w, https:\/\/inselreport.eu\/wp-content\/uploads\/2016\/05\/Riffel.jpg 1200w\" sizes=\"auto, (max-width: 709px) 85vw, (max-width: 909px) 67vw, (max-width: 984px) 61vw, (max-width: 1362px) 45vw, 600px\" \/><figcaption id=\"caption-attachment-226\" class=\"wp-caption-text\">Na ja, Gr\u00fcnstreifen waren fr\u00fcher auch noch aus Gras \ud83d\ude42 aber der darf grunds\u00e4tzlich nicht \u00fcberfahren werden!<\/figcaption><\/figure>\n<p>Eine von vornherein geforderte L\u00e4rmschutzwand gibt es nicht. Fl\u00fcsterasphalt auch nicht. \u201eWir wurden \u00fcbergangen\u201c sagt der B\u00fcrgermeister.<\/p>\n<p>Ach so, an dieser Stelle sei es erw\u00e4hnt, dass es eine Holzschutzwand gibt, die nur daf\u00fcr vorgesehen war, die V\u00f6gel vor der Baustelle zu schonen. Diese Wand reflektiert die Fahrger\u00e4usche zus\u00e4tzlich ins Dorf.<\/p>\n<p>Lustig war allerdings der Blick aus dem Fenster, eines Tages&#8230; ich musste mir erst die Brille aufsetzen, weil ich ja der EINZIGE bin, der aus seinem Bett das so sehen kann:<\/p>\n<p><img loading=\"lazy\" decoding=\"async\" width=\"764\" height=\"593\" class=\"alignnone wp-image-221\" alt=\"Engel_A\" src=\"http:\/\/inselreport.eu\/wp-content\/uploads\/2016\/05\/Engel_A-300x233.jpg\" srcset=\"https:\/\/inselreport.eu\/wp-content\/uploads\/2016\/05\/Engel_A-300x233.jpg 300w, https:\/\/inselreport.eu\/wp-content\/uploads\/2016\/05\/Engel_A-768x597.jpg 768w, https:\/\/inselreport.eu\/wp-content\/uploads\/2016\/05\/Engel_A-1024x795.jpg 1024w, https:\/\/inselreport.eu\/wp-content\/uploads\/2016\/05\/Engel_A-1200x932.jpg 1200w\" sizes=\"auto, (max-width: 709px) 85vw, (max-width: 909px) 67vw, (max-width: 984px) 61vw, (max-width: 1362px) 45vw, 600px\" \/><\/p>\n<p>Danke!<\/p>\n<p>Okay. Schmierfinken nutzten sie auch. Seit 20. M\u00e4rz soll diese &nbsp;Wand weg sein. Wir schreiben heute den 23. Mai. Sie steht&#8230;, obwohl die Baustelle seit 8. Dezember nicht mehr existiert.<\/p>\n<p><img loading=\"lazy\" decoding=\"async\" width=\"300\" height=\"201\" class=\"alignnone size-medium wp-image-3252 alignleft\" alt=\"DSC_0006-002\" src=\"http:\/\/inselreport.eu\/wp-content\/uploads\/2017\/02\/DSC_0006-002-300x201.jpg\" srcset=\"https:\/\/inselreport.eu\/wp-content\/uploads\/2017\/02\/DSC_0006-002-300x201.jpg 300w, https:\/\/inselreport.eu\/wp-content\/uploads\/2017\/02\/DSC_0006-002-768x515.jpg 768w, https:\/\/inselreport.eu\/wp-content\/uploads\/2017\/02\/DSC_0006-002.jpg 800w\" sizes=\"auto, (max-width: 300px) 85vw, 300px\" \/><\/p>\n<p><span style=\"color: #800080;\"><em><strong>Der Hut geht am Ende des Artikels um. Ich hoffe, er gef\u00e4llt Dir.<\/strong><\/em><\/span><\/p>\n<p>&nbsp;<\/p>\n<p>&nbsp;<\/p>\n<p>Also kotzen weiter:<\/p>\n<p>Der ADAC, bzw. ihm angeschlossene Unternehmen aus Stralsund: \u201eWenn auf der neuen Stra\u00dfe einer aus Richtung Samtens bei Rambin eine Panne hat, m\u00fcssen wir erst nach Samtens fahren und wieder zur\u00fcck&#8230;. Die Rambiner Feuerwehr: \u201eWenn jetzt hier auf der neuen Stra\u00dfe ein Unfall ist, \u201eWIE KOMMEN WIR DAHIN?\u201c Die Frage ist berechtigt, weil Rambin keine eigene Abfahrt hat. Es gibt auch keinen einzigen Grund, nach Rambin zu fahren. Und Anwohner kennen den anderen Weg.<\/p>\n<p>Aber es geht weiter: Eine Baustelle jagt die Andere. Nach 25 Jahren wurde auch der Radweg entlang der B 96 (die hei\u00dft jetzt L 296) von Altef\u00e4hr bis Samtens gebaut. Letztlich soll er bis Bergen weiterf\u00fchren. Vorher h\u00e4tten wir ihn dringend gebraucht, jetzt, wo mich der eine Traktor auch nicht umf\u00e4hrt, ist er da. Auch daf\u00fcr wurden B\u00e4ume gef\u00e4llt! Ihr Gr\u00fcnen! Die Stra\u00dfe geht \u00fcbers Feld, der Radweg durch ein W\u00e4ldchen&#8230;. also ein 20 Meter breiter Streifen davon ist&nbsp;mal eben weg.<\/p>\n<p>Gut, im letzten Jahr wurde der Radweg im Ort Rambin auch gebaut. Au\u00dfer in der Mitte des Ortes. Monate lang eine halbseitige Sperrung und Stau ohne Ende. Der mittlere Teil folgt also jetzt, 2016. Wenigstens ist die neue Stra\u00dfe fertig und der meiste Verkehr weg. (Als h\u00e4tte man das nicht gleich alles dieses Jahr machen k\u00f6nnen.)<\/p>\n<p>Aber: Eins haben sie gemacht, und DAS richtig gut! Die Flickschusterei beseitigt. Die alte B 96 wurde abgefr\u00e4st und neu asphaltiert. Sie ist jetzt sch\u00f6n! Und gerade! Die Jungs haben sich richtig M\u00fche gegeben. Und kein Br\u00fcllbeton! Ja, DIESE Stra\u00dfe ist hei\u00df! Da wachsen 2016 am Ortseingang Rambin rechts (aus Samtens kommend) auch noch paar Sonnenblumen zur Begr\u00fc\u00dfung, falls sie keiner klaut oder sinnlos abm\u00e4ht. Und wenn die Zeit eben reif ist. Das hab ich mir erlaubt.<\/p>\n<figure id=\"attachment_280\" aria-describedby=\"caption-attachment-280\" style=\"width: 633px\" class=\"wp-caption alignnone\"><img loading=\"lazy\" decoding=\"async\" width=\"633\" height=\"350\" class=\" wp-image-280\" alt=\"Sonnenblumen zieren den Stra\u00dfenrand wenige Meter vor Rambin\/R\u00fcgen bis zum Ortseingang. Noch sind erst die Knospen zu sehen. Gestaltet von ostseereporter.de\" src=\"http:\/\/inselreport.eu\/wp-content\/uploads\/2016\/05\/Sonnenblumen_A-300x166.jpg\" srcset=\"https:\/\/inselreport.eu\/wp-content\/uploads\/2016\/05\/Sonnenblumen_A-300x166.jpg 300w, https:\/\/inselreport.eu\/wp-content\/uploads\/2016\/05\/Sonnenblumen_A-768x424.jpg 768w, https:\/\/inselreport.eu\/wp-content\/uploads\/2016\/05\/Sonnenblumen_A-1024x565.jpg 1024w, https:\/\/inselreport.eu\/wp-content\/uploads\/2016\/05\/Sonnenblumen_A.jpg 1200w\" sizes=\"auto, (max-width: 709px) 85vw, (max-width: 909px) 67vw, (max-width: 984px) 61vw, (max-width: 1362px) 45vw, 600px\" \/><figcaption id=\"caption-attachment-280\" class=\"wp-caption-text\">Sonnenblumen zieren den Stra\u00dfenrand wenige Meter vor Rambin\/R\u00fcgen bis zum Ortseingang. Noch sind erst die Knospen zu sehen. Gestaltet von ostseereporter.de<\/figcaption><\/figure>\n<pre>Okay, sag ich mal so am 29. Juni: Alle Sonnenblumen sind weg. Eine steht noch, ganz kurz vor dem Schild. Da hat wohl am Siebenschl\u00e4fertag auch der \"Rasenm\u00e4hernazi\" geschlafen. Klar, da standen Sonnenblumen. Von Gras und Wildwuchs nichts zu sehen. Logisch, wenn der Stra\u00dfenrand erst vor paar Wochen neu angelegt wurde.<\/pre>\n<figure id=\"attachment_295\" aria-describedby=\"caption-attachment-295\" style=\"width: 323px\" class=\"wp-caption alignleft\"><img loading=\"lazy\" decoding=\"async\" width=\"323\" height=\"570\" class=\" wp-image-295\" alt=\"# 4522 Sonnenblumen Foto: Marius Jaster\" src=\"http:\/\/inselreport.eu\/wp-content\/uploads\/2016\/05\/Sonnenblumenfeld_A-170x300.jpg\" srcset=\"https:\/\/inselreport.eu\/wp-content\/uploads\/2016\/05\/Sonnenblumenfeld_A-170x300.jpg 170w, https:\/\/inselreport.eu\/wp-content\/uploads\/2016\/05\/Sonnenblumenfeld_A-768x1354.jpg 768w, https:\/\/inselreport.eu\/wp-content\/uploads\/2016\/05\/Sonnenblumenfeld_A-581x1024.jpg 581w, https:\/\/inselreport.eu\/wp-content\/uploads\/2016\/05\/Sonnenblumenfeld_A.jpg 794w\" sizes=\"auto, (max-width: 323px) 85vw, 323px\" \/><figcaption id=\"caption-attachment-295\" class=\"wp-caption-text\"><\/p>\n<p><\/figcaption><\/figure>\n<p>&nbsp;<\/p>\n<p>&nbsp;<\/p>\n<p>(So, oder so \u00e4hnlich h\u00e4tte es ausgesehen zum Schluss)<\/p>\n<p>Und h\u00e4tte ich mich in den Weg gestellt (ich war nur gerade weg), der h\u00e4tte mich glatt mit umgem\u00e4ht. Jedenfalls: Nix Freude an sch\u00f6nen Sonnenblumen f\u00fcr Tausende Touristen und Einheimische&#8230;. Vergebene Liebes-M\u00fche eben. Schade!<\/p>\n<figure id=\"attachment_228\" aria-describedby=\"caption-attachment-228\" style=\"width: 626px\" class=\"wp-caption alignnone\"><img loading=\"lazy\" decoding=\"async\" width=\"626\" height=\"405\" class=\" wp-image-228\" alt=\"Das ist Multi-Logistik, Rechts die neue Stra\u00dfe, daneben die Eisenbahnschienen, links daneben die alte, neu asphaltierte Stra\u00dfe und fast unsichtbar daneben noch der Radweg. Die Hauptschlagader R\u00fcgens.\" src=\"http:\/\/inselreport.eu\/wp-content\/uploads\/2016\/05\/Hauptschlagader-300x194.jpg\" srcset=\"https:\/\/inselreport.eu\/wp-content\/uploads\/2016\/05\/Hauptschlagader-300x194.jpg 300w, https:\/\/inselreport.eu\/wp-content\/uploads\/2016\/05\/Hauptschlagader.jpg 1200w\" sizes=\"auto, (max-width: 709px) 85vw, (max-width: 909px) 67vw, (max-width: 984px) 61vw, (max-width: 1362px) 45vw, 600px\" \/><figcaption id=\"caption-attachment-228\" class=\"wp-caption-text\">Das ist die Hauptschlagader R\u00fcgens:&nbsp;Rechts die neue Stra\u00dfe, daneben die Eisenbahnschienen, links daneben die alte, neu asphaltierte Stra\u00dfe und fast unsichtbar daneben noch der Radweg.<\/figcaption><\/figure>\n<figure id=\"attachment_229\" aria-describedby=\"caption-attachment-229\" style=\"width: 611px\" class=\"wp-caption alignnone\"><img loading=\"lazy\" decoding=\"async\" width=\"611\" height=\"481\" class=\"wp-image-229\" alt=\"Strasse\" src=\"http:\/\/inselreport.eu\/wp-content\/uploads\/2016\/05\/Strasse-300x236.jpg\" srcset=\"https:\/\/inselreport.eu\/wp-content\/uploads\/2016\/05\/Strasse-300x236.jpg 300w, https:\/\/inselreport.eu\/wp-content\/uploads\/2016\/05\/Strasse-768x603.jpg 768w, https:\/\/inselreport.eu\/wp-content\/uploads\/2016\/05\/Strasse-1024x804.jpg 1024w, https:\/\/inselreport.eu\/wp-content\/uploads\/2016\/05\/Strasse-1200x943.jpg 1200w, https:\/\/inselreport.eu\/wp-content\/uploads\/2016\/05\/Strasse.jpg 1488w\" sizes=\"auto, (max-width: 709px) 85vw, (max-width: 909px) 67vw, (max-width: 984px) 61vw, (max-width: 1362px) 45vw, 600px\" \/><figcaption id=\"caption-attachment-229\" class=\"wp-caption-text\">Okay, irgendwie l\u00e4sst sich das bisschen L\u00e4rm schon ertragen \ud83d\ude42<\/figcaption><\/figure>\n<p>Und hier noch paar Impressionen und Fakten:<\/p>\n<figure id=\"attachment_231\" aria-describedby=\"caption-attachment-231\" style=\"width: 826px\" class=\"wp-caption alignnone\"><img loading=\"lazy\" decoding=\"async\" width=\"826\" height=\"482\" class=\" wp-image-231\" alt=\"Eigentlich steht hier eine Br\u00fccke, wo die Autos \u00fcber die Bahn fahren. Irgendwer war dagegen. Und damit sich die V\u00f6gel nicht \u00fcber eine Br\u00fccke \u00e4rgern m\u00fcssen &quot;gehen wir eben unten durch&quot;. Gut, die paar Milli\u00f6nchen extra - und den Zeitverzug... wir nehmen fast alles in Kauf. F\u00e4hrt eben die Bahn dr\u00fcber und die Autos unten durch.\" src=\"http:\/\/inselreport.eu\/wp-content\/uploads\/2016\/05\/01-300x175.jpg\" srcset=\"https:\/\/inselreport.eu\/wp-content\/uploads\/2016\/05\/01-300x175.jpg 300w, https:\/\/inselreport.eu\/wp-content\/uploads\/2016\/05\/01-768x447.jpg 768w, https:\/\/inselreport.eu\/wp-content\/uploads\/2016\/05\/01-1024x596.jpg 1024w\" sizes=\"auto, (max-width: 709px) 85vw, (max-width: 909px) 67vw, (max-width: 984px) 61vw, (max-width: 1362px) 45vw, 600px\" \/><figcaption id=\"caption-attachment-231\" class=\"wp-caption-text\">Eigentlich steht hier eine Br\u00fccke, wo die Autos \u00fcber die Bahn fahren. Irgendwer war dagegen. Und damit sich die V\u00f6gel nicht \u00fcber eine Br\u00fccke \u00e4rgern m\u00fcssen &#8222;gehen wir eben unten durch&#8220;. Gut, die paar Milli\u00f6nchen extra &#8211; und den Zeitverzug&#8230; wir nehmen fast alles in Kauf. F\u00e4hrt eben die Bahn dr\u00fcber und die Autos unten durch. (Die Unterwasserbaggerung und der ganze Trog kosteten allein 17 Millionen Euro. Bahngleise mussten umverlegt werden, bis die Bauarbeiten fertig waren.)<\/figcaption><\/figure>\n<figure id=\"attachment_232\" aria-describedby=\"caption-attachment-232\" style=\"width: 611px\" class=\"wp-caption alignnone\"><img loading=\"lazy\" decoding=\"async\" width=\"611\" height=\"342\" class=\" wp-image-232\" alt=\"Die neue Stra\u00dfe ver\u00e4ndert das Bild von R\u00fcgen. Wo einst Felder waren und weite Sicht, versperren Br\u00fccken und die dazugeh\u00f6rigen Auf- und Abfahrten neuerdings die SIcht.\" src=\"http:\/\/inselreport.eu\/wp-content\/uploads\/2016\/05\/02-300x168.jpg\" srcset=\"https:\/\/inselreport.eu\/wp-content\/uploads\/2016\/05\/02-300x168.jpg 300w, https:\/\/inselreport.eu\/wp-content\/uploads\/2016\/05\/02-768x429.jpg 768w, https:\/\/inselreport.eu\/wp-content\/uploads\/2016\/05\/02-1024x573.jpg 1024w, https:\/\/inselreport.eu\/wp-content\/uploads\/2016\/05\/02.jpg 1200w\" sizes=\"auto, (max-width: 709px) 85vw, (max-width: 909px) 67vw, (max-width: 984px) 61vw, (max-width: 1362px) 45vw, 600px\" \/><figcaption id=\"caption-attachment-232\" class=\"wp-caption-text\">Die neue Stra\u00dfe ver\u00e4ndert das Bild von R\u00fcgen. Wo einst Felder waren und weite Sicht, versperren Br\u00fccken und die dazugeh\u00f6rigen Auf- und Abfahrten neuerdings die Sicht.<\/figcaption><\/figure>\n<figure id=\"attachment_233\" aria-describedby=\"caption-attachment-233\" style=\"width: 807px\" class=\"wp-caption alignnone\"><img loading=\"lazy\" decoding=\"async\" width=\"807\" height=\"538\" class=\" wp-image-233\" alt=\"Noch Feld. Bald Stra\u00dfe\" src=\"http:\/\/inselreport.eu\/wp-content\/uploads\/2016\/05\/03-300x200.jpg\" srcset=\"https:\/\/inselreport.eu\/wp-content\/uploads\/2016\/05\/03-300x200.jpg 300w, https:\/\/inselreport.eu\/wp-content\/uploads\/2016\/05\/03-768x511.jpg 768w, https:\/\/inselreport.eu\/wp-content\/uploads\/2016\/05\/03-1024x681.jpg 1024w, https:\/\/inselreport.eu\/wp-content\/uploads\/2016\/05\/03.jpg 1200w\" sizes=\"auto, (max-width: 709px) 85vw, (max-width: 909px) 67vw, (max-width: 984px) 61vw, (max-width: 1362px) 45vw, 600px\" \/><figcaption id=\"caption-attachment-233\" class=\"wp-caption-text\">Noch Feld. Bald Stra\u00dfe<\/figcaption><\/figure>\n<figure id=\"attachment_234\" aria-describedby=\"caption-attachment-234\" style=\"width: 797px\" class=\"wp-caption alignnone\"><img loading=\"lazy\" decoding=\"async\" width=\"797\" height=\"531\" class=\" wp-image-234\" alt=\"Die JETZT hei\u00dfe Stra\u00dfe von und nach Rambin. Flickschusterei geh\u00f6rt der Vergangenheit an. Links der Radweg (auch schon asphaltiert)... Jaaa, hier l\u00e4sst es sich sch\u00f6n reisen und rasten an der Pommernkate und der Inselbrauerei...\" src=\"http:\/\/inselreport.eu\/wp-content\/uploads\/2016\/05\/04-300x200.jpg\" srcset=\"https:\/\/inselreport.eu\/wp-content\/uploads\/2016\/05\/04-300x200.jpg 300w, https:\/\/inselreport.eu\/wp-content\/uploads\/2016\/05\/04-768x511.jpg 768w, https:\/\/inselreport.eu\/wp-content\/uploads\/2016\/05\/04-1024x681.jpg 1024w, https:\/\/inselreport.eu\/wp-content\/uploads\/2016\/05\/04.jpg 1200w\" sizes=\"auto, (max-width: 709px) 85vw, (max-width: 909px) 67vw, (max-width: 984px) 61vw, (max-width: 1362px) 45vw, 600px\" \/><figcaption id=\"caption-attachment-234\" class=\"wp-caption-text\">Die JETZT hei\u00dfe Stra\u00dfe von und nach Rambin. Flickschusterei geh\u00f6rt der Vergangenheit an. Links der Radweg (inzwischen auch schon asphaltiert)&#8230; Jaaa, hier l\u00e4sst es sich sch\u00f6n reisen &#8211;&nbsp;trotzdem geht es auf der neuen Stra\u00dfe nat\u00fcrlich viel schneller! Frei von Ampeln, Ortschaftsschildern&#8230; und was willste schon in Rambin? Das Wasser ist in Altef\u00e4hr! Und Altef\u00e4hr hat eine Abfahrt.<\/figcaption><\/figure>\n<figure id=\"attachment_235\" aria-describedby=\"caption-attachment-235\" style=\"width: 823px\" class=\"wp-caption alignnone\"><img loading=\"lazy\" decoding=\"async\" width=\"823\" height=\"499\" class=\" wp-image-235\" alt=\"Riesen Baustelle rechts. Jetzt flie\u00dft dort der Gro\u00dfteil des Verkehrs entlang.\" src=\"http:\/\/inselreport.eu\/wp-content\/uploads\/2016\/05\/05-300x182.jpg\" srcset=\"https:\/\/inselreport.eu\/wp-content\/uploads\/2016\/05\/05-300x182.jpg 300w, https:\/\/inselreport.eu\/wp-content\/uploads\/2016\/05\/05-768x467.jpg 768w, https:\/\/inselreport.eu\/wp-content\/uploads\/2016\/05\/05-1024x622.jpg 1024w, https:\/\/inselreport.eu\/wp-content\/uploads\/2016\/05\/05.jpg 1200w\" sizes=\"auto, (max-width: 709px) 85vw, (max-width: 909px) 67vw, (max-width: 984px) 61vw, (max-width: 1362px) 45vw, 600px\" \/><figcaption id=\"caption-attachment-235\" class=\"wp-caption-text\">Riesen Baustelle rechts. Jetzt flie\u00dft dort der Gro\u00dfteil des Verkehrs entlang.<\/figcaption><\/figure>\n<figure id=\"attachment_236\" aria-describedby=\"caption-attachment-236\" style=\"width: 761px\" class=\"wp-caption alignnone\"><img loading=\"lazy\" decoding=\"async\" width=\"761\" height=\"507\" class=\" wp-image-236\" alt=\"LKW f\u00fcr LKW wurden unglaubliche Erdmassen bewegt. Dort, wo Unterf\u00fchrungen gebaut werden mussten raus, dort wo Br\u00fccken gebaut werden mussten hin... In Anbetracht dieser Massen ist so ein LKW NIX!\" src=\"http:\/\/inselreport.eu\/wp-content\/uploads\/2016\/05\/06-300x200.jpg\" srcset=\"https:\/\/inselreport.eu\/wp-content\/uploads\/2016\/05\/06-300x200.jpg 300w, https:\/\/inselreport.eu\/wp-content\/uploads\/2016\/05\/06-768x511.jpg 768w, https:\/\/inselreport.eu\/wp-content\/uploads\/2016\/05\/06-1024x681.jpg 1024w, https:\/\/inselreport.eu\/wp-content\/uploads\/2016\/05\/06.jpg 1200w\" sizes=\"auto, (max-width: 709px) 85vw, (max-width: 909px) 67vw, (max-width: 984px) 61vw, (max-width: 1362px) 45vw, 600px\" \/><figcaption id=\"caption-attachment-236\" class=\"wp-caption-text\">LKW f\u00fcr LKW wurden unglaubliche Erdmassen bewegt. Dort, wo Unterf\u00fchrungen gebaut werden mussten sie raus, dort wo Br\u00fccken gebaut werden mussten sie hin&#8230; In Anbetracht dieser Massen ist so ein LKW NIX!<\/figcaption><\/figure>\n<figure id=\"attachment_237\" aria-describedby=\"caption-attachment-237\" style=\"width: 858px\" class=\"wp-caption alignnone\"><img loading=\"lazy\" decoding=\"async\" width=\"858\" height=\"535\" class=\" wp-image-237\" alt=\"Mal schlammig, mal staubig - abre immer dreckig... jetzt ist fertig und nur noch der Winterdienst dran. Falls ein Winter kommt und der Dienst den nicht gerade verpennt.\" src=\"http:\/\/inselreport.eu\/wp-content\/uploads\/2016\/05\/07-300x187.jpg\" srcset=\"https:\/\/inselreport.eu\/wp-content\/uploads\/2016\/05\/07-300x187.jpg 300w, https:\/\/inselreport.eu\/wp-content\/uploads\/2016\/05\/07-768x479.jpg 768w, https:\/\/inselreport.eu\/wp-content\/uploads\/2016\/05\/07-1024x639.jpg 1024w, https:\/\/inselreport.eu\/wp-content\/uploads\/2016\/05\/07.jpg 1200w\" sizes=\"auto, (max-width: 709px) 85vw, (max-width: 909px) 67vw, (max-width: 1362px) 62vw, 840px\" \/><figcaption id=\"caption-attachment-237\" class=\"wp-caption-text\">Mal schlammig, mal staubig &#8211; aber immer dreckig&#8230; jetzt ist&#8217;s fertig und nur noch der Winterdienst dran. Falls ein Winter kommt und der Dienst den nicht gerade verpennt.<\/figcaption><\/figure>\n<figure id=\"attachment_268\" aria-describedby=\"caption-attachment-268\" style=\"width: 606px\" class=\"wp-caption alignnone\"><img loading=\"lazy\" decoding=\"async\" width=\"606\" height=\"424\" class=\" wp-image-268\" alt=\"# 03095 Ein Feuerwehrmann kommt zu mir und gibt weitere Instruktionen. Hier darf niemand mehr alleine was machen... Foto: Marius Jaster\" src=\"http:\/\/inselreport.eu\/wp-content\/uploads\/2016\/05\/Schneesturm-Ruegen-7-300x210.jpg\" srcset=\"https:\/\/inselreport.eu\/wp-content\/uploads\/2016\/05\/Schneesturm-Ruegen-7-300x210.jpg 300w, https:\/\/inselreport.eu\/wp-content\/uploads\/2016\/05\/Schneesturm-Ruegen-7-768x538.jpg 768w, https:\/\/inselreport.eu\/wp-content\/uploads\/2016\/05\/Schneesturm-Ruegen-7-1024x718.jpg 1024w, https:\/\/inselreport.eu\/wp-content\/uploads\/2016\/05\/Schneesturm-Ruegen-7.jpg 1200w\" sizes=\"auto, (max-width: 709px) 85vw, (max-width: 909px) 67vw, (max-width: 984px) 61vw, (max-width: 1362px) 45vw, 600px\" \/><figcaption id=\"caption-attachment-268\" class=\"wp-caption-text\"><br \/>Das sieht dann n\u00e4mlich so aus: Kommt die Feuerwehr und holt Dich raus. Auch wenn die noch nicht wissen, wie sie dahin kommen, au\u00dfer \u00fcber eingeschneite Umwege.<\/figcaption><\/figure>\n<figure id=\"attachment_238\" aria-describedby=\"caption-attachment-238\" style=\"width: 920px\" class=\"wp-caption alignnone\"><img loading=\"lazy\" decoding=\"async\" width=\"920\" height=\"613\" class=\" wp-image-238\" alt=\"Willkommen an der Ostsee! Kleiner Vorgeschmack auf die Wellen schon bei der Anreise! Sichtbar durch die Abendsonne... immer sch\u00f6n genie\u00dfen! Manche sagen auch &quot;Waschbrett&quot; dazu, andere &quot;Br\u00fcllbeton&quot; ... und wie die GEschichte ausgeht. WErden wir ja sehen. Ich schreib was, wenn es was Neues gibt!\" src=\"http:\/\/inselreport.eu\/wp-content\/uploads\/2016\/05\/09-300x200.jpg\" srcset=\"https:\/\/inselreport.eu\/wp-content\/uploads\/2016\/05\/09-300x200.jpg 300w, https:\/\/inselreport.eu\/wp-content\/uploads\/2016\/05\/09-768x511.jpg 768w, https:\/\/inselreport.eu\/wp-content\/uploads\/2016\/05\/09-1024x681.jpg 1024w, https:\/\/inselreport.eu\/wp-content\/uploads\/2016\/05\/09.jpg 1200w\" sizes=\"auto, (max-width: 709px) 85vw, (max-width: 909px) 67vw, (max-width: 1362px) 62vw, 840px\" \/><figcaption id=\"caption-attachment-238\" class=\"wp-caption-text\">Willkommen an der Ostsee! Kleiner Vorgeschmack auf die Wellen schon bei der Anreise! Sichtbar durch die Abendsonne&#8230; immer sch\u00f6n genie\u00dfen! Manche sagen auch &#8222;Waschbrett&#8220; dazu, andere &#8222;Br\u00fcllbeton&#8220; &#8230; und wie die Geschichte ausgeht. Werden wir ja sehen. Ich schreib was, wenn es was Neues gibt!<\/figcaption><\/figure>\n<p>Eins ist sicher: Die neue Stra\u00dfe soll &#8211; genau wie die R\u00fcgenbr\u00fccke &#8211; runde 100 Jahre Dienst tun. Die Menschen &#8211; und eine gegr\u00fcndete B\u00fcrgerinitiative werden nicht eher ruhen, bis Ruhe ist in Rambin. Das wird jetzt schwierig, nachtr\u00e4glich etwas zu ver\u00e4ndern. &#8222;Aber wenn Ihr nicht wisst, wie Ihr es korrigieren wollt, warum macht Ihr es dann nicht gleich richtig&#8220;, lautet der Vorwurf an die DEGES. Tja, da Spielen Geld und Eile eine wichtige Rolle.<\/p>\n<p>Die neue Stra\u00dfe entlastet aber auch sp\u00fcrbar den Verkehr auf der alten Stra\u00dfe. Da macht Reisen jetzt Freude. Die Staus zu fast jeder Tageszeit sind Geschichte und die damit verbundenen Auffahrunf\u00e4lle hoffentlich auch.<\/p>\n<p><img loading=\"lazy\" decoding=\"async\" width=\"759\" height=\"486\" class=\"alignnone wp-image-244\" alt=\"Radweg_07\" src=\"http:\/\/inselreport.eu\/wp-content\/uploads\/2016\/05\/Radweg_07-300x192.jpg\" srcset=\"https:\/\/inselreport.eu\/wp-content\/uploads\/2016\/05\/Radweg_07-300x192.jpg 300w, https:\/\/inselreport.eu\/wp-content\/uploads\/2016\/05\/Radweg_07-768x492.jpg 768w, https:\/\/inselreport.eu\/wp-content\/uploads\/2016\/05\/Radweg_07-1024x655.jpg 1024w, https:\/\/inselreport.eu\/wp-content\/uploads\/2016\/05\/Radweg_07.jpg 1200w\" sizes=\"auto, (max-width: 709px) 85vw, (max-width: 909px) 67vw, (max-width: 984px) 61vw, (max-width: 1362px) 45vw, 600px\" \/><\/p>\n<p><img loading=\"lazy\" decoding=\"async\" width=\"638\" height=\"385\" class=\"alignnone wp-image-245\" alt=\"Stau Rambin\" src=\"http:\/\/inselreport.eu\/wp-content\/uploads\/2016\/05\/Stau-Rambin-300x181.jpg\" srcset=\"https:\/\/inselreport.eu\/wp-content\/uploads\/2016\/05\/Stau-Rambin-300x181.jpg 300w, https:\/\/inselreport.eu\/wp-content\/uploads\/2016\/05\/Stau-Rambin-768x463.jpg 768w, https:\/\/inselreport.eu\/wp-content\/uploads\/2016\/05\/Stau-Rambin-1024x618.jpg 1024w, https:\/\/inselreport.eu\/wp-content\/uploads\/2016\/05\/Stau-Rambin.jpg 1200w\" sizes=\"auto, (max-width: 709px) 85vw, (max-width: 909px) 67vw, (max-width: 984px) 61vw, (max-width: 1362px) 45vw, 600px\" \/><\/p>\n<p><img loading=\"lazy\" decoding=\"async\" width=\"728\" height=\"490\" class=\"alignnone wp-image-246\" alt=\"Unfall Rambin_01\" src=\"http:\/\/inselreport.eu\/wp-content\/uploads\/2016\/05\/Unfall-Rambin_01-300x202.jpg\" srcset=\"https:\/\/inselreport.eu\/wp-content\/uploads\/2016\/05\/Unfall-Rambin_01-300x202.jpg 300w, https:\/\/inselreport.eu\/wp-content\/uploads\/2016\/05\/Unfall-Rambin_01-768x517.jpg 768w, https:\/\/inselreport.eu\/wp-content\/uploads\/2016\/05\/Unfall-Rambin_01.jpg 962w\" sizes=\"auto, (max-width: 709px) 85vw, (max-width: 909px) 67vw, (max-width: 984px) 61vw, (max-width: 1362px) 45vw, 600px\" \/><\/p>\n<p><img loading=\"lazy\" decoding=\"async\" width=\"735\" height=\"490\" class=\"alignnone wp-image-247\" alt=\"Unfall Rambin\" src=\"http:\/\/inselreport.eu\/wp-content\/uploads\/2016\/05\/Unfall-Rambin-300x200.jpg\" srcset=\"https:\/\/inselreport.eu\/wp-content\/uploads\/2016\/05\/Unfall-Rambin-300x200.jpg 300w, https:\/\/inselreport.eu\/wp-content\/uploads\/2016\/05\/Unfall-Rambin-768x511.jpg 768w, https:\/\/inselreport.eu\/wp-content\/uploads\/2016\/05\/Unfall-Rambin-1024x681.jpg 1024w, https:\/\/inselreport.eu\/wp-content\/uploads\/2016\/05\/Unfall-Rambin.jpg 1200w\" sizes=\"auto, (max-width: 709px) 85vw, (max-width: 909px) 67vw, (max-width: 984px) 61vw, (max-width: 1362px) 45vw, 600px\" \/><\/p>\n<p>Kommen Sie gut an Ihr Ziel!<\/p>\n<figure id=\"attachment_261\" aria-describedby=\"caption-attachment-261\" style=\"width: 687px\" class=\"wp-caption alignnone\"><img loading=\"lazy\" decoding=\"async\" width=\"687\" height=\"387\" class=\" wp-image-261\" alt=\"Die letzten Zentimeterder Sanierung der alten B 96 - hier wird gerade der \u00dcbergang zum Asphalt des Ortes geschaffen.\" src=\"http:\/\/inselreport.eu\/wp-content\/uploads\/2016\/05\/Asphalt-Rambin-300x169.jpg\" srcset=\"https:\/\/inselreport.eu\/wp-content\/uploads\/2016\/05\/Asphalt-Rambin-300x169.jpg 300w, https:\/\/inselreport.eu\/wp-content\/uploads\/2016\/05\/Asphalt-Rambin-768x434.jpg 768w, https:\/\/inselreport.eu\/wp-content\/uploads\/2016\/05\/Asphalt-Rambin-1024x578.jpg 1024w, https:\/\/inselreport.eu\/wp-content\/uploads\/2016\/05\/Asphalt-Rambin.jpg 1117w\" sizes=\"auto, (max-width: 709px) 85vw, (max-width: 909px) 67vw, (max-width: 984px) 61vw, (max-width: 1362px) 45vw, 600px\" \/><figcaption id=\"caption-attachment-261\" class=\"wp-caption-text\">Die letzten Zentimeter der Sanierung der alten B 96 &#8211; hier wird gerade der \u00dcbergang zum Asphalt des Ortes Rambin geschaffen.<\/figcaption><\/figure>\n<p>Zahlen: +++&nbsp;Baubeginn im Juli 2011 +++&nbsp;Er\u00f6ffnung bis Samtens: 8. Dezember 2015 +++&nbsp;urspr\u00fcnglich geplante Gesamtkosten (bis Bergen) etwa 80 Mio Euro, das hat nicht einmal f\u00fcr die zwei Drittel bis Samtens gereicht +++&nbsp;Neu geplante Gesamtkosten: 151,6 Mio Euro, davon f\u00fcr den Radweg 4,1 Mio, f\u00fcr den Grunderwerb 7,7 Mio Euro +++&nbsp;Nach Fertigstellung bis Bergen gibt es drei Anschluss-Stellen, 17 Br\u00fccken, 1 Wildbr\u00fccke, 15 Tierquerungshilfen f\u00fcr Amphibien und Kleintierdurchl\u00e4sse&nbsp;+++<\/p>\n<h3 style=\"text-align: center;\"><span style=\"color: #800080;\">DANKE f\u00fcr Deinen Beitrag!<\/span><\/h3>\n<p><img loading=\"lazy\" decoding=\"async\" width=\"610\" height=\"409\" class=\"alignnone wp-image-3253\" alt=\"DSC_0010-001\" src=\"http:\/\/inselreport.eu\/wp-content\/uploads\/2017\/02\/DSC_0010-001-300x201.jpg\" srcset=\"https:\/\/inselreport.eu\/wp-content\/uploads\/2017\/02\/DSC_0010-001-300x201.jpg 300w, https:\/\/inselreport.eu\/wp-content\/uploads\/2017\/02\/DSC_0010-001-768x515.jpg 768w, https:\/\/inselreport.eu\/wp-content\/uploads\/2017\/02\/DSC_0010-001.jpg 800w\" sizes=\"auto, (max-width: 709px) 85vw, (max-width: 909px) 67vw, (max-width: 984px) 61vw, (max-width: 1362px) 45vw, 600px\" \/><\/p>\n<pre><span style=\"color: #800080;\"><span style=\"color: #ff0000;\">W\u00e4hle den Betrag selbst!<\/span>\nZahlungsempf\u00e4nger:<\/span> <span style=\"color: #0000ff;\">Marius Jaster \n<strong>IBAN: DE 088 50 200 86 000 803 55 12<\/strong><strong> (BIC: HYVEDE MM 496)<\/strong> \n<\/span>Gib bitte den Namen des Artikels mit an. DANKE!<\/pre>\n<p>Postscriptum:<\/p>\n<p>\u2666 04. Juni 2016: Nach den heftigen Beschwerden der Anwohner steht jetzt, nicht mal ein halbes Jahr nach Er\u00f6ffnung, fest, dass der Beton jetzt eine Asphaltschicht bekommt, die L\u00e4rm mindernd sein soll. Das soll im Herbst geschehen.<\/p>\n<p>\u2666 17. Juli 2016: Bundeskanzlerin Angela Merkel setzt den symbolischen Spatenstich f\u00fcr den zweiten Bauabschnitt der Schnellstra\u00dfe B 96n auf R\u00fcgen. Die 7 km lange&nbsp;Strecke soll 56 Millionen Euro kosten, f\u00fchrt von Samtens nach Bergen und soll Mitte 2019 fertig sein.<\/p>\n<p>\u2666 Sommer 2016: Die nervige Holzwand entlang der Stra\u00dfe ist inzwischen verschwunden<\/p>\n<p>\u2666 18. Oktober: Nix Asphalt im Herbst, wie angek\u00fcndigt. Im Jahr 2016 passiert NICHTS mehr mit L\u00e4rmschutz, au\u00dfer Geschw\u00e4tz, ob nun Asphalt oder doch lieber eine L\u00e4rmschutzwand&#8230;<\/p>\n<h3 style=\"text-align: center;\"><strong><span style=\"color: #800080;\">\u2666 1. November: Mir reichts! Schreiben kann ich nur in RUHE. Ich bin dann mal weg. Forever! <\/span><\/strong><\/h3>\n<h3 style=\"text-align: center;\"><strong><span style=\"color: #800080;\">Adios, Rambin!<\/span><\/strong><\/h3>\n<p>\u2666 2018 &#8211; das Jahr ist gelaufen, getan hat sich wegen dem L\u00e4rmschutz noch nichts. Kein Fl\u00fcsterasphalt, keine L\u00e4rmschutzwand&#8230; NICHTS.<\/p>\n<p>\u2666 Mai 2019 &#8211; Die Stra\u00dfe ist bis Bergen fertig und wird im Juni offiziell er\u00f6ffnet. Am fehlenden L\u00e4rmschutz bei Rambin hat sich bis heute nichts ge\u00e4ndert.<\/p>\n<p style=\"text-align: right;\">Fotos:&nbsp;<span style=\"color: #ff0000;\">\u00a9<\/span> Marius Jaster<\/p>\n","protected":false},"excerpt":{"rendered":"<p>25. Juni 2019: Die neue B96 auf R\u00fcgen ist fertig . Angeschlossen an die R\u00fcgenbr\u00fccke f\u00fchrt sie direkt bis nach Bergen. Der Weg f\u00fcr den Massentourismus ist frei. Ich immer dicht dran. Da sagt mir ein Bauarbeiter: &#8222;Sie k\u00f6nnen hier nicht mit Ihrem Auto auf der neuen Stra\u00dfe stehen!&#8220; &#8211; &#8222;Wieso?&#8220; &#8211; &#8222;Na die geht &hellip; <a href=\"https:\/\/inselreport.eu\/?p=201\" class=\"more-link\"><span class=\"screen-reader-text\">\u201eDiese Stra\u00dfe ist hei\u00df! Und halb R\u00fcgen &#8222;dreht am Rad&#8220;\u201c<\/span> weiterlesen<\/a><\/p>\n","protected":false},"author":1,"featured_media":202,"comment_status":"open","ping_status":"open","sticky":false,"template":"","format":"standard","meta":{"om_disable_all_campaigns":false,"_exactmetrics_skip_tracking":false,"_exactmetrics_sitenote_active":false,"_exactmetrics_sitenote_note":"","_exactmetrics_sitenote_category":0,"_uf_show_specific_survey":0,"_uf_disable_surveys":false,"footnotes":""},"categories":[2,418,53,17],"tags":[52,55,118,22,21,40,39,50],"class_list":["post-201","post","type-post","status-publish","format-standard","has-post-thumbnail","hentry","category-insel-ruegen","category-ostsee-inseln","category-reportage","category-wissenswertes","tag-b96n","tag-hiddensee","tag-insel-ruegen-news","tag-news","tag-ostsee","tag-ostsee-news","tag-ruegen","tag-ruegenbruecke"],"aioseo_notices":[],"_links":{"self":[{"href":"https:\/\/inselreport.eu\/index.php?rest_route=\/wp\/v2\/posts\/201","targetHints":{"allow":["GET"]}}],"collection":[{"href":"https:\/\/inselreport.eu\/index.php?rest_route=\/wp\/v2\/posts"}],"about":[{"href":"https:\/\/inselreport.eu\/index.php?rest_route=\/wp\/v2\/types\/post"}],"author":[{"embeddable":true,"href":"https:\/\/inselreport.eu\/index.php?rest_route=\/wp\/v2\/users\/1"}],"replies":[{"embeddable":true,"href":"https:\/\/inselreport.eu\/index.php?rest_route=%2Fwp%2Fv2%2Fcomments&post=201"}],"version-history":[{"count":54,"href":"https:\/\/inselreport.eu\/index.php?rest_route=\/wp\/v2\/posts\/201\/revisions"}],"predecessor-version":[{"id":6677,"href":"https:\/\/inselreport.eu\/index.php?rest_route=\/wp\/v2\/posts\/201\/revisions\/6677"}],"wp:featuredmedia":[{"embeddable":true,"href":"https:\/\/inselreport.eu\/index.php?rest_route=\/wp\/v2\/media\/202"}],"wp:attachment":[{"href":"https:\/\/inselreport.eu\/index.php?rest_route=%2Fwp%2Fv2%2Fmedia&parent=201"}],"wp:term":[{"taxonomy":"category","embeddable":true,"href":"https:\/\/inselreport.eu\/index.php?rest_route=%2Fwp%2Fv2%2Fcategories&post=201"},{"taxonomy":"post_tag","embeddable":true,"href":"https:\/\/inselreport.eu\/index.php?rest_route=%2Fwp%2Fv2%2Ftags&post=201"}],"curies":[{"name":"wp","href":"https:\/\/api.w.org\/{rel}","templated":true}]}}