{"id":2515,"date":"2017-11-13T13:38:21","date_gmt":"2017-11-13T12:38:21","guid":{"rendered":"http:\/\/inselreport.eu\/?p=2515"},"modified":"2019-11-22T12:32:08","modified_gmt":"2019-11-22T11:32:08","slug":"la-palma-der-spielplatz-des-kleinen-prinzen-oder-glut-unter-der-asche-das-visionierte-echte-leben-im-hier-und-jetzt","status":"publish","type":"post","link":"https:\/\/inselreport.eu\/?p=2515","title":{"rendered":"La Palma &#8211; der &#8222;Spielplatz des Kleinen Prinzen&#8220; &#8211; oder: &#8222;Glut unter der Asche&#8220;, das visionierte, echte Leben im Hier und Jetzt."},"content":{"rendered":"<p><span style=\"color: #800080;\"><img loading=\"lazy\" decoding=\"async\" width=\"368\" height=\"521\" class=\" wp-image-2542 alignleft\" alt=\"Glut\" src=\"http:\/\/inselreport.eu\/wp-content\/uploads\/2017\/11\/Glut-212x300.jpeg\" srcset=\"https:\/\/inselreport.eu\/wp-content\/uploads\/2017\/11\/Glut-212x300.jpeg 212w, https:\/\/inselreport.eu\/wp-content\/uploads\/2017\/11\/Glut.jpeg 620w\" sizes=\"auto, (max-width: 368px) 85vw, 368px\" \/>Ein &#8222;Mut-Mach-Buch&#8220; sollte es werden. Ein echtes \u201eMut-<em><strong>Lust<\/strong><\/em>-Mach-Buch\u201c ist es geworden: <em><strong>\u201eGlut unter der Asche \u2013 Das La Palma-Prinzip f\u00fcr ein gegl\u00fccktes Leben\u201c<\/strong>.<\/em><\/span><\/p>\n<p>&nbsp;<\/p>\n<p>&nbsp;<\/p>\n<p>&nbsp;<\/p>\n<p>&nbsp;<\/p>\n<p>&nbsp;<\/p>\n<p>&nbsp;<\/p>\n<pre><span style=\"color: #0000ff;\">Eine wichtige Warnung vorab: Es ist nichts f\u00fcr Visions-Resistente Menschen. Sie k\u00f6nnten entt\u00e4uscht werden. Menschen also, die ihren Beruf einzig nach den zu erwartenden Geh\u00e4ltern w\u00e4hlen (oder gew\u00e4hlt haben), um ihn dann auszu\u00fcben, indem sie jeden Morgen an der Pforte des Arbeitgebers ihr Leben abgeben. Bis zum Feierabend, und so das Alter der Rente\/Pension herbeisehnen um dann nicht zu wissen, was sie eigentlich tun sollen. Nicht wenige sterben kurz darauf. Resistent ist allerdings nur der, der darauf <strong>pocht<\/strong>, dass es so einzig richtig ist und bleibt.<\/span><\/pre>\n<p><!--more-->Geh\u00f6rst Du zu diesen Menschen, wird Dich dieses Buch wenigstens spannend unterhalten \u2013 aber dann bist Du ja schon nicht resistent. Denn w\u00e4rst Du es,&nbsp;w\u00fcrdest Du dieses Buch nie in den H\u00e4nden halten.<\/p>\n<p><strong><span style=\"color: #800080;\">Da gibt es dann also doch noch den Funken eines Lebenstraumes, oder eines unabdingbaren Wunsches in Dir. Die Lust, Deine eigenen Spuren zu hinterlassen?<\/span><\/strong><\/p>\n<figure id=\"attachment_1922\" aria-describedby=\"caption-attachment-1922\" style=\"width: 768px\" class=\"wp-caption alignnone\"><img loading=\"lazy\" decoding=\"async\" width=\"768\" height=\"520\" class=\"wp-image-1922\" alt=\"Fuss\" src=\"http:\/\/inselreport.eu\/wp-content\/uploads\/2017\/05\/Fuss-300x203.jpg\" srcset=\"https:\/\/inselreport.eu\/wp-content\/uploads\/2017\/05\/Fuss-300x203.jpg 300w, https:\/\/inselreport.eu\/wp-content\/uploads\/2017\/05\/Fuss-768x520.jpg 768w, https:\/\/inselreport.eu\/wp-content\/uploads\/2017\/05\/Fuss-1024x694.jpg 1024w, https:\/\/inselreport.eu\/wp-content\/uploads\/2017\/05\/Fuss.jpg 1200w\" sizes=\"auto, (max-width: 709px) 85vw, (max-width: 909px) 67vw, (max-width: 984px) 61vw, (max-width: 1362px) 45vw, 600px\" \/><figcaption id=\"caption-attachment-1922\" class=\"wp-caption-text\">Das sind Meine&#8230;<\/figcaption><\/figure>\n<p>In diesem Fall l\u00e4ufst Du echt Gefahr, dass durch dieses Buch die dicke Asche- und Schlackeschicht, in der dieser Funke schlummert, pl\u00f6tzlich durchl\u00e4ssig wird f\u00fcr den Sauerstoff. Und es f\u00e4ngt an in Dir zu lodern und zu brodeln, bis Du selbst \u201eLa Palma\u201c bist \u2013 n\u00e4mlich ein Vulkan aus dem auch immer wieder neue kleine Vulkane ihre&nbsp;Energie preisgeben. Aus einem Wunsch- oder Traumfunken k\u00f6nnte pl\u00f6tzlich eine Vision entstehen&nbsp;&#8211; oder neu erwachen -,&nbsp;reifen und wachsen und Dein ganzes bisheriges Leben auf den Kopf stellen. Risiken und Nebenwirkungen nicht ausgeschlossen. K\u00f6nnte ja sein, der &#8222;Kleine Prinz&#8220; will seine Spiegeleier drauf zubereiten. Da hilft Dir dann aber auch kein Arzt oder Apotheker.<\/p>\n<figure id=\"attachment_1971\" aria-describedby=\"caption-attachment-1971\" style=\"width: 658px\" class=\"wp-caption alignnone\"><img loading=\"lazy\" decoding=\"async\" width=\"658\" height=\"316\" class=\"wp-image-1971\" alt=\"Ocean\" src=\"http:\/\/inselreport.eu\/wp-content\/uploads\/2017\/06\/Ocean-300x144.jpg\" srcset=\"https:\/\/inselreport.eu\/wp-content\/uploads\/2017\/06\/Ocean-300x144.jpg 300w, https:\/\/inselreport.eu\/wp-content\/uploads\/2017\/06\/Ocean-768x368.jpg 768w, https:\/\/inselreport.eu\/wp-content\/uploads\/2017\/06\/Ocean-1024x491.jpg 1024w, https:\/\/inselreport.eu\/wp-content\/uploads\/2017\/06\/Ocean.jpg 1177w\" sizes=\"auto, (max-width: 709px) 85vw, (max-width: 909px) 67vw, (max-width: 984px) 61vw, (max-width: 1362px) 45vw, 600px\" \/><figcaption id=\"caption-attachment-1971\" class=\"wp-caption-text\">Blick aus meinem &#8222;offenen Traumb\u00fcro&#8220; in Puerto Naos. Lalys Bar, von der Terasse&#8230; (Januar 2017) Ja, da l\u00e4sst es sich denken&#8230;. f\u00fchlen, leben, lieben&#8230;. (Foto: Marius Jaster)<\/figcaption><\/figure>\n<p style=\"text-align: right;\"><em><strong><span style=\"color: #800080;\">Es kommt eine Zeit im Leben, da bleibt einem nichts anderes \u00fcbrig, als seinen eigenen Weg zu gehen. <\/span><\/strong><\/em><\/p>\n<p style=\"text-align: right;\"><em><strong><span style=\"color: #800080;\">Eine Zeit, in der man die eigenen Tr\u00e4ume verwirklichen muss. <\/span><\/strong><\/em><\/p>\n<p style=\"text-align: right;\"><em><strong><span style=\"color: #800080;\">Eine Zeit, in der man endlich f\u00fcr die eigenen \u00dcberzeugungen eintreten muss. <\/span><\/strong><span style=\"color: #800080;\">(Sergio Bambaren &#8211; Der tr\u00e4umende Delfin)<\/span><\/em><\/p>\n<h3><strong>Da hilft Dir dann G\u00fcnther Josef Stockinger. Vor 15 Jahren gr\u00fcndete er aus einer Vision heraus seine Visionswerkstatt. Und er sagt:<\/strong><\/h3>\n<pre><span style=\"color: #800080;\"><strong>\"JEDER Mensch hat eine Vision!<\/strong> (...) Unsere Vision ist unser optimales inneres Zukunftsbild. Sie ist unser gro\u00dfer Traum, eine gro\u00dfe Herausforderung und eine gro\u00dfe Wachstumschance zugleich. An ihr k\u00f6nnen wir wachsen und unserem Leben einen neuen Sinn geben. Unsere Vision ist ein tiefer Herzens-Wunsch, nicht blo\u00df eine nebulose Idee, die kurz wie ein Ballon aufsteigt. Die Vision zeigt sich in jenem Moment, da aus uns die Erkenntnis spricht \u2013 \u201eJA \u2013 DAS w\u00e4r\u2019 ein Traum!\u201c Wenn uns dieser Traum bewusst wird, kommen wir in unsere Kraft.\"<\/span><\/pre>\n<p>15 Jahre Visionswerkstatt \u2013 das sind 15 Jahre Seminare, Coaching-Workshops und \u00fcber 1000 Menschen, die dadurch ihren wahren Visionen echtes Leben eingehaucht haben. G\u00fcnther Josef Stockinger bringt es so auf den Punkt:<\/p>\n<h2 style=\"text-align: center;\"><em><span style=\"color: #800080;\">&#8222;Visionswerkstatt &#8211; eine Reise mit einem einzigen Gep\u00e4ckst\u00fcck: LIEBE.&#8220;<\/span><\/em><\/h2>\n<p>15 &#8222;Reisende&#8220; davon kommen in diesem Buch zu Wort \u2013 mit beeindruckenden Texten und ihren eigenen Lebensgeschichten. Und mit Wahrheiten und Erkenntnissen, die &#8211; bei dadurch geweckter &#8211; aufmerksamer Betrachtung des eigenen Lebens G\u00e4nsehaut hervorrufen.<\/p>\n<figure id=\"attachment_989\" aria-describedby=\"caption-attachment-989\" style=\"width: 607px\" class=\"wp-caption alignnone\"><img loading=\"lazy\" decoding=\"async\" width=\"607\" height=\"180\" class=\"wp-image-989\" alt=\"cropped-Header.jpg\" src=\"http:\/\/inselreport.eu\/wp-content\/uploads\/2016\/12\/cropped-Header-300x89.jpg\" srcset=\"https:\/\/inselreport.eu\/wp-content\/uploads\/2016\/12\/cropped-Header-300x89.jpg 300w, https:\/\/inselreport.eu\/wp-content\/uploads\/2016\/12\/cropped-Header-768x228.jpg 768w, https:\/\/inselreport.eu\/wp-content\/uploads\/2016\/12\/cropped-Header-1024x304.jpg 1024w, https:\/\/inselreport.eu\/wp-content\/uploads\/2016\/12\/cropped-Header.jpg 1200w\" sizes=\"auto, (max-width: 709px) 85vw, (max-width: 909px) 67vw, (max-width: 984px) 61vw, (max-width: 1362px) 45vw, 600px\" \/><figcaption id=\"caption-attachment-989\" class=\"wp-caption-text\">Genau hier kam mal eine Welle &#8211; einen Meter h\u00f6her! Gleiche Perspektive! Ich habe sie kommen sehen und dann &nbsp;aber meinen Schatz, der links neben mir lag, schnell auf mich drauf geschnappt und dann sind wir sch\u00f6n auf meinem R\u00fccken in der Welle auf dem Felsen entlang geschlittert. Mein R\u00fccken kann das ab, heilt schnell&#8230; Aber: ALLEINE &#8211; No Chance! Unsere Gemeinsamkeit, das Gewicht dieser Gemeinsamkeit&#8230; hat uns gerettet. Drei Meter weiter ging es abw\u00e4rts. Tief&#8230; Okay, so tief nun auch nicht und unten war Wasser. Aber wie viele Felsspr\u00fcnge auf dem Weg zum Wasser wo der Kopf&#8230; Aua! Also denken wir das Sch\u00f6ne: &#8222;Wenn uns das Leben liebt, dann nur, weil wir es lieben. Und uns.&#8220; So einfach ist das vielleicht erkl\u00e4rt. (Foto: Marius Jaster)<\/figcaption><\/figure>\n<p>La Palma ist immer wieder ein Schl\u00fcsselwort. La Palma, die junge Insel, bei der die Erde wohl ihr Herz selbst ausgesch\u00fcttet hat. So sieht sie auch aus: Wie ein Herz, und sie ist Treffpunkt f\u00fcr Spiritualit\u00e4t, W\u00e4rme und Liebe. Alle &#8222;Kleinen Prinzen&#8220; treffen sich auf La Palma. Das ist schon interessant!<\/p>\n<pre><em><strong><span style=\"color: #800080;\">\"Man sieht nur mit dem Herzen gut. Das Wesentliche ist f\u00fcr die Augen unsichtbar\". (Antoine de Saint-Exupery - Der kleine Prinz)<\/span><\/strong><\/em><\/pre>\n<p>Die UNESCO hat diese Insel &#8211; sie ist ja noch ein Baby &#8211; zur drittsch\u00f6nsten Insel der Welt erkl\u00e4rt. \u00c4ndern wir die &#8222;Bewertungsma\u00dfst\u00e4be&#8220; ist es schon die Sch\u00f6nste, vor allem die Magischste. Jeder Besuch wirkt nach und tr\u00e4gt durch die &#8222;Kleinen Prinzen&#8220; diese Magie in den Rest der Welt. Die Sehnsucht, einmal erwacht, lebt und wartet schon auf den n\u00e4chsten Besuch.<\/p>\n<p><img loading=\"lazy\" decoding=\"async\" width=\"679\" height=\"466\" class=\"alignnone wp-image-1253\" alt=\"La Palma_01\" src=\"http:\/\/inselreport.eu\/wp-content\/uploads\/2017\/02\/La-Palma_01-300x206.png\" srcset=\"https:\/\/inselreport.eu\/wp-content\/uploads\/2017\/02\/La-Palma_01-300x206.png 300w, https:\/\/inselreport.eu\/wp-content\/uploads\/2017\/02\/La-Palma_01-768x527.png 768w, https:\/\/inselreport.eu\/wp-content\/uploads\/2017\/02\/La-Palma_01.png 1022w\" sizes=\"auto, (max-width: 709px) 85vw, (max-width: 909px) 67vw, (max-width: 984px) 61vw, (max-width: 1362px) 45vw, 600px\" \/><\/p>\n<p>Das Leben \u2013 <strong><span style=\"color: #800080;\">in Liebe geborgen, Liebe schenkend \u2013 das Leben im Eins mit Gott, dem Universum, dem h\u00f6heren Sein (nenn\u2019 es wie Du willst) zieht sich wie ein roter Faden durch das Buch,<\/span><\/strong> bei allen Autoren gleicherma\u00dfen. Und bei allen spiegelt sich ein ausgepr\u00e4gtes Gef\u00fchl des restlosen, losgel\u00f6sten Gl\u00fccks wider.<\/p>\n<p>Dieses Buch geh\u00f6rt nicht ins B\u00fccherregal. Es ist ein Buch &#8211; auch mit beeindruckenden Fotos, das es Tag und Nacht in den H\u00e4nden zu halten gilt, bis Deine eigene Vision reale Wirklichkeit ist! Und danach: Zur Erinnerung an den neuen Weg.<\/p>\n<p>Es ist ein &#8222;Mut-Mach-Buch&#8220;, das Dir zus\u00e4tzlich die Kraft, die Inspiration und die Lust gibt und Dir klar macht: &#8222;Gottes Wege sind unergr\u00fcndlich&#8220;.<\/p>\n<p>Und unabh\u00e4ngig von diesem Buch gibt es ja die echte, lebendige Unterst\u00fctzung aus der Visions-Werkstatt. Alles dazu steht nat\u00fcrlich auch detailliert in diesem Buch mit drin. Viele gute Erkenntnisse und Inspirationen!<\/p>\n<h5 style=\"text-align: center;\"><span style=\"color: #800080;\">&#8222;Glut unter der Asche &#8211; Das La Palma-Prinzip f\u00fcr ein gegl\u00fccktes Leben&#8220;<\/span><\/h5>\n<p>Verlag: myMorawa von Morawa Lesezirkel GmbH<\/p>\n<p>ISBN: 978-3-99070-212-3 (Paperback)<br \/>\nISBN: 978-3-99070-213-0 (Hardcover)<br \/>\nISBN: 978-3-99070-214-7 (e-Book)<\/p>\n<h3 style=\"text-align: center;\"><span style=\"color: #800080;\"><a style=\"color: #800080;\" href=\"http:\/\/www.visionswerkstatt.at\">http:\/\/www.visionswerkstatt.at<\/a><\/span><\/h3>\n<p style=\"text-align: left;\">Und unabh\u00e4ngig von Veranstaltungen auf La Palma &#8211; das Buch gibt es \u00fcberall, auch an der Ostsee, der Nordsee&#8230;<\/p>\n<p><em><strong><span style=\"color: #0000ff;\">Bewusste Menschen wissen:<\/span> <span style=\"color: #ff0000;\">&#8222;Ohne Wasser iss nich&#8220;<\/span><\/strong>. <strong><span style=\"color: #0000ff;\">Deswegen kommt oft die Frage: &#8222;Wie ist das mit dem Trinkwasser auf La Palma?&#8220; Hier die Antwort:<\/span><\/strong><\/em><\/p>\n<blockquote class=\"wp-embedded-content\" data-secret=\"rA7EjrJR1a\"><p><a href=\"http:\/\/inselreport.eu\/?p=1140\">Wenn Du das Trinkwasser von La Palma mit Deutschland vergleichst, staunste nicht schlecht<\/a><\/p><\/blockquote>\n<p><iframe loading=\"lazy\" title=\"&#8222;Wenn Du das Trinkwasser von La Palma mit Deutschland vergleichst, staunste nicht schlecht&#8220; &#8212; inselreport.eu\" class=\"wp-embedded-content\" sandbox=\"allow-scripts\" security=\"restricted\" style=\"position: absolute; clip: rect(1px, 1px, 1px, 1px);\" src=\"http:\/\/inselreport.eu\/?p=1140&#038;embed=true#?secret=rA7EjrJR1a\" data-secret=\"rA7EjrJR1a\" width=\"600\" height=\"338\" frameborder=\"0\" marginwidth=\"0\" marginheight=\"0\" scrolling=\"no\"><\/iframe><\/p>\n<h3 style=\"text-align: center;\"><span style=\"color: #800080;\">Danke f\u00fcr Deinen Beitrag als Energie-Ausgleich!<\/span><\/h3>\n<p><img loading=\"lazy\" decoding=\"async\" width=\"610\" height=\"409\" class=\"alignnone wp-image-3253\" alt=\"DSC_0010-001\" src=\"http:\/\/inselreport.eu\/wp-content\/uploads\/2017\/02\/DSC_0010-001-300x201.jpg\" srcset=\"https:\/\/inselreport.eu\/wp-content\/uploads\/2017\/02\/DSC_0010-001-300x201.jpg 300w, https:\/\/inselreport.eu\/wp-content\/uploads\/2017\/02\/DSC_0010-001-768x515.jpg 768w, https:\/\/inselreport.eu\/wp-content\/uploads\/2017\/02\/DSC_0010-001.jpg 800w\" sizes=\"auto, (max-width: 709px) 85vw, (max-width: 909px) 67vw, (max-width: 984px) 61vw, (max-width: 1362px) 45vw, 600px\" \/><\/p>\n<pre><span style=\"color: #800080;\"><span style=\"color: #ff0000;\">W\u00e4hle den Betrag selbst!<\/span>\nZahlungsempf\u00e4nger:<\/span> <span style=\"color: #0000ff;\">Marius Jaster \n<strong>IBAN: DE 088 50 200 86 000 803 55 12<\/strong><strong> (BIC: HYVEDE MM 496)<\/strong> \n<\/span><span style=\"color: #000080;\">Gib bitte den Namen des Artikels mit an. DANKE!<\/span><\/pre>\n<h6><\/h6>\n<p>&nbsp;<\/p>\n<p>&nbsp;<\/p>\n","protected":false},"excerpt":{"rendered":"<p>Ein &#8222;Mut-Mach-Buch&#8220; sollte es werden. Ein echtes \u201eMut-Lust-Mach-Buch\u201c ist es geworden: \u201eGlut unter der Asche \u2013 Das La Palma-Prinzip f\u00fcr ein gegl\u00fccktes Leben\u201c. &nbsp; &nbsp; &nbsp; &nbsp; &nbsp; &nbsp; Eine wichtige Warnung vorab: Es ist nichts f\u00fcr Visions-Resistente Menschen. Sie k\u00f6nnten entt\u00e4uscht werden. Menschen also, die ihren Beruf einzig nach den zu erwartenden Geh\u00e4ltern w\u00e4hlen &hellip; <a href=\"https:\/\/inselreport.eu\/?p=2515\" class=\"more-link\"><span class=\"screen-reader-text\">\u201eLa Palma &#8211; der &#8222;Spielplatz des Kleinen Prinzen&#8220; &#8211; oder: &#8222;Glut unter der Asche&#8220;, das visionierte, echte Leben im Hier und Jetzt.\u201c<\/span> weiterlesen<\/a><\/p>\n","protected":false},"author":1,"featured_media":2525,"comment_status":"open","ping_status":"open","sticky":false,"template":"","format":"standard","meta":{"om_disable_all_campaigns":false,"_exactmetrics_skip_tracking":false,"_exactmetrics_sitenote_active":false,"_exactmetrics_sitenote_note":"","_exactmetrics_sitenote_category":0,"_uf_show_specific_survey":0,"_uf_disable_surveys":false,"footnotes":""},"categories":[1],"tags":[249,248,61,21,40,251],"class_list":["post-2515","post","type-post","status-publish","format-standard","has-post-thumbnail","hentry","category-allgemein","tag-der-kleine-prinz","tag-der-traeumende-delfin","tag-la-palma","tag-ostsee","tag-ostsee-news","tag-trinkwasser-la-palma"],"aioseo_notices":[],"_links":{"self":[{"href":"https:\/\/inselreport.eu\/index.php?rest_route=\/wp\/v2\/posts\/2515","targetHints":{"allow":["GET"]}}],"collection":[{"href":"https:\/\/inselreport.eu\/index.php?rest_route=\/wp\/v2\/posts"}],"about":[{"href":"https:\/\/inselreport.eu\/index.php?rest_route=\/wp\/v2\/types\/post"}],"author":[{"embeddable":true,"href":"https:\/\/inselreport.eu\/index.php?rest_route=\/wp\/v2\/users\/1"}],"replies":[{"embeddable":true,"href":"https:\/\/inselreport.eu\/index.php?rest_route=%2Fwp%2Fv2%2Fcomments&post=2515"}],"version-history":[{"count":35,"href":"https:\/\/inselreport.eu\/index.php?rest_route=\/wp\/v2\/posts\/2515\/revisions"}],"predecessor-version":[{"id":5101,"href":"https:\/\/inselreport.eu\/index.php?rest_route=\/wp\/v2\/posts\/2515\/revisions\/5101"}],"wp:featuredmedia":[{"embeddable":true,"href":"https:\/\/inselreport.eu\/index.php?rest_route=\/wp\/v2\/media\/2525"}],"wp:attachment":[{"href":"https:\/\/inselreport.eu\/index.php?rest_route=%2Fwp%2Fv2%2Fmedia&parent=2515"}],"wp:term":[{"taxonomy":"category","embeddable":true,"href":"https:\/\/inselreport.eu\/index.php?rest_route=%2Fwp%2Fv2%2Fcategories&post=2515"},{"taxonomy":"post_tag","embeddable":true,"href":"https:\/\/inselreport.eu\/index.php?rest_route=%2Fwp%2Fv2%2Ftags&post=2515"}],"curies":[{"name":"wp","href":"https:\/\/api.w.org\/{rel}","templated":true}]}}