{"id":2669,"date":"2017-12-19T22:20:49","date_gmt":"2017-12-19T21:20:49","guid":{"rendered":"http:\/\/inselreport.eu\/?p=2669"},"modified":"2019-11-22T12:23:38","modified_gmt":"2019-11-22T11:23:38","slug":"die-unendliche-lichterkette-des-inneren-friedens-leuchtest-du-mit","status":"publish","type":"post","link":"https:\/\/inselreport.eu\/?p=2669","title":{"rendered":"Die unendliche Lichterkette des inneren Friedens, LEUCHTEST DU MIT?"},"content":{"rendered":"<p><strong><span style=\"color: #800080;\">Ja, jetzt in der Zeit, wo die letzten Stunden des &#8222;alten Lichts&#8220; gez\u00e4hlt sind, also ein paar Stunden, bevor die Tage wieder l\u00e4nger werden und wieder mehr Licht bringen &#8211; vor allem eben auch in der Weihnachtszeit &#8211; noch ein paar sch\u00f6ne Licht-Schreiber-Gedanken.<\/span><br \/>\n<\/strong><\/p>\n<p style=\"text-align: right;\"><span style=\"text-decoration: underline;\">Von Artemis Gabriele Kampschr\u00f6er<\/span><\/p>\n<p>Alle Jahre wieder &#8230; das Fest des Friedens naht. F\u00fcr mich ist das ein hervorragender Augenblick ganz bewusst auf meinen inneren Frieden zu schauen.<\/p>\n<p><img loading=\"lazy\" decoding=\"async\" width=\"550\" height=\"550\" class=\"alignnone wp-image-2670\" alt=\"15326468_1857557457824892_8905407719338955334_n\" src=\"http:\/\/inselreport.eu\/wp-content\/uploads\/2017\/12\/15326468_1857557457824892_8905407719338955334_n-300x300.jpg\" srcset=\"https:\/\/inselreport.eu\/wp-content\/uploads\/2017\/12\/15326468_1857557457824892_8905407719338955334_n-300x300.jpg 300w, https:\/\/inselreport.eu\/wp-content\/uploads\/2017\/12\/15326468_1857557457824892_8905407719338955334_n-150x150.jpg 150w, https:\/\/inselreport.eu\/wp-content\/uploads\/2017\/12\/15326468_1857557457824892_8905407719338955334_n.jpg 768w\" sizes=\"auto, (max-width: 550px) 85vw, 550px\" \/><\/p>\n<p>Inner peace &#8211; ein unbeschreiblich gro\u00dfer Herzenswunsch, der mein st\u00e4ndiges Wachsein und Bewusstsein fordert.<\/p>\n<p><!--more-->Immer mal wieder will scheinbar wichtiges, gro\u00dfes, bedeutendes oder auch unwichtiges, kleines, unbedeutendes diesen inneren Frieden in den Hintergrund dr\u00e4ngen. Doch ich bleibe dran, \u00fcbe weiter bewusst zu sein, mit dem Mut zum Unperfektionismus. Der st\u00e4ndig und \u00fcberm\u00e4\u00dfig aktive Verstand sowie lieblose Gedankenmuster schleichen sich h\u00e4ufig von hinten an und sorgen f\u00fcr Krawall. Es beginnt fast ausschlie\u00dflich &#8222;nur&#8220; mit einem Gedanken. Wie ferngesteuert finde ich mich pl\u00f6tzlich in einem respektlosen Denken wieder, ohne dort wirklich hin zu wollen. Das kann beispielsweise ein hemmendes Gedankenmuster \u00fcber mich selber sein oder auch ein bewertender Gedanke \u00fcber einen Mitmenschen. Und schon ist es mit dem inneren Frieden vorbei.<\/p>\n<p>Kennst du das auch?<\/p>\n<p>Mittlerweile bekomme ich Gott sei Dank mehr und mehr mit, was in der Welt meines Denkens so hin und wieder los ist.<\/p>\n<p>Wer denkt denn da eigentlich?<\/p>\n<p>Was in mir verf\u00fchrt mich Dinge zu denken, die weder mir noch meinen Mitmenschen Frieden schenken?<\/p>\n<p>Welche Dynamik schafft diese unbehaglichen Gef\u00fchle, die dann zwangsweise folgen m\u00fcssen?<\/p>\n<p>Manche Menschen nennen es Ego, andere sprechen vom falschen Ich oder Egoverstand.<\/p>\n<p><em>&#8222;Das Ego ist der \u00abIch\u00bb-Gedanke. Das wahre \u00abIch\u00bb ist das Selbst.&#8220;<\/em><\/p>\n<p style=\"text-align: right;\">(Ramana Maharshi)<\/p>\n<p>F\u00fcr diesen Bericht w\u00e4hle ich die Bezeichnung Egoverstand. Ganz egal wie ich es benenne, dieser Energie m\u00f6chte ich keine Nahrung geben. Die Erkenntnis, dass mein Egoverstand kein Interesse an meinem inneren Frieden hat, motiviert mich sehr, meine Aufmerksamkeit auf das zu richten, was meinen friedlichen Herzenswunsch erf\u00fcllen kann.<\/p>\n<p>Wie tr\u00f6stlich zu wissen, dass ich nicht mein Egoverstand und meine mulmigen Gef\u00fchle bin. Von Herzen Danke an Eckhart Tolle, der mich auf so wundervolle und herzerfrischende Weise daran erinnert, was ich wirklich bin. Tief in mir, hinter der Unruhe, da wo der innere Frieden bereits wohnt, finde ich es. Dort brennt die Flamme des &#8222;peace of mind&#8220;, da leuchtet das Licht in meinem Herzen. Warm, wohltuend, hell, heilsam. Das f\u00fchlt sich nach Wahrheit an. An jenem Ort ist die Kraft zu Hause, die mit Achtsamkeit, Respekt und den Augen der bedingungslosen Liebe in die Welt schaut.<\/p>\n<p>Wie innen so au\u00dfen!<\/p>\n<p>Hier ist es m\u00f6glich zu vergeben und alten Groll gehen zu lassen. In diesem Raum der Stille ist es nicht n\u00f6tig an der Vergangenheit festzuhalten oder sich an die Zukunft zu klammern. Gedanken von gestern oder morgen zu denken. Nein ich m\u00f6chte nicht durch das Verlieren in der Vergangenheit oder das Warten auf die Zukunft das Wunder im Augenblick verpassen.<\/p>\n<p>Wo bist du? Hier!<\/p>\n<p>Wie sp\u00e4t ist es? Jetzt!<\/p>\n<p>Was bist du? Dieser Moment!<\/p>\n<p>Danke f\u00fcr diese klaren Fragen und Antworten aus meinem Lieblingsfilm (Der spirituelle Pfad des friedvollen Kriegers). Sie finden hilfreiche Anwendung in meinem Alltag und bringen es unmissverst\u00e4ndlich auf den Punkt. Schenke ich dem HIER und JETZT meine volle Pr\u00e4senz, bin ich automatisch frei von unfriedlichen Gedanken. Es ist unm\u00f6glich ganz im Augenblick zu sein und gleichzeitig Gedankenkarussell zu fahren. Das ist so genial.<\/p>\n<p>Das schafft Frieden.<\/p>\n<p>Es wirklich und wahrhaftig zu f\u00fchlen ist das sch\u00f6nste (Weihnachts)Geschenk, was ich mir selber machen kann.<\/p>\n<p>Advent, Advent ein Lichtlein brennt oder das Friedenslicht &#8230; JUHUUU es leuchtet in mir!<\/p>\n<p>Ist es in mir, ist es auch in dir!<\/p>\n<p>Was meinst du?<\/p>\n<p>Ist es f\u00fcr dich auch eine Herzensangelegenheit?<\/p>\n<p>Dann lass uns doch die unendliche Lichterkette des inneren Friedens bilden.<\/p>\n<p>\u2764In diesem Moment\u2764<\/p>\n","protected":false},"excerpt":{"rendered":"<p>Ja, jetzt in der Zeit, wo die letzten Stunden des &#8222;alten Lichts&#8220; gez\u00e4hlt sind, also ein paar Stunden, bevor die Tage wieder l\u00e4nger werden und wieder mehr Licht bringen &#8211; vor allem eben auch in der Weihnachtszeit &#8211; noch ein paar sch\u00f6ne Licht-Schreiber-Gedanken. Von Artemis Gabriele Kampschr\u00f6er Alle Jahre wieder &#8230; das Fest des Friedens &hellip; <a href=\"https:\/\/inselreport.eu\/?p=2669\" class=\"more-link\"><span class=\"screen-reader-text\">\u201eDie unendliche Lichterkette des inneren Friedens, LEUCHTEST DU MIT?\u201c<\/span> weiterlesen<\/a><\/p>\n","protected":false},"author":1,"featured_media":2671,"comment_status":"open","ping_status":"open","sticky":false,"template":"","format":"standard","meta":{"om_disable_all_campaigns":false,"_exactmetrics_skip_tracking":false,"_exactmetrics_sitenote_active":false,"_exactmetrics_sitenote_note":"","_exactmetrics_sitenote_category":0,"_uf_show_specific_survey":0,"_uf_disable_surveys":false,"footnotes":""},"categories":[56],"tags":[58,266,267],"class_list":["post-2669","post","type-post","status-publish","format-standard","has-post-thumbnail","hentry","category-kolumnen","tag-insel","tag-licht-schreiber","tag-weihnachten"],"aioseo_notices":[],"_links":{"self":[{"href":"https:\/\/inselreport.eu\/index.php?rest_route=\/wp\/v2\/posts\/2669","targetHints":{"allow":["GET"]}}],"collection":[{"href":"https:\/\/inselreport.eu\/index.php?rest_route=\/wp\/v2\/posts"}],"about":[{"href":"https:\/\/inselreport.eu\/index.php?rest_route=\/wp\/v2\/types\/post"}],"author":[{"embeddable":true,"href":"https:\/\/inselreport.eu\/index.php?rest_route=\/wp\/v2\/users\/1"}],"replies":[{"embeddable":true,"href":"https:\/\/inselreport.eu\/index.php?rest_route=%2Fwp%2Fv2%2Fcomments&post=2669"}],"version-history":[{"count":4,"href":"https:\/\/inselreport.eu\/index.php?rest_route=\/wp\/v2\/posts\/2669\/revisions"}],"predecessor-version":[{"id":5094,"href":"https:\/\/inselreport.eu\/index.php?rest_route=\/wp\/v2\/posts\/2669\/revisions\/5094"}],"wp:featuredmedia":[{"embeddable":true,"href":"https:\/\/inselreport.eu\/index.php?rest_route=\/wp\/v2\/media\/2671"}],"wp:attachment":[{"href":"https:\/\/inselreport.eu\/index.php?rest_route=%2Fwp%2Fv2%2Fmedia&parent=2669"}],"wp:term":[{"taxonomy":"category","embeddable":true,"href":"https:\/\/inselreport.eu\/index.php?rest_route=%2Fwp%2Fv2%2Fcategories&post=2669"},{"taxonomy":"post_tag","embeddable":true,"href":"https:\/\/inselreport.eu\/index.php?rest_route=%2Fwp%2Fv2%2Ftags&post=2669"}],"curies":[{"name":"wp","href":"https:\/\/api.w.org\/{rel}","templated":true}]}}