{"id":273,"date":"2016-06-04T11:15:33","date_gmt":"2016-06-04T09:15:33","guid":{"rendered":"http:\/\/inselreport.eu\/?p=273"},"modified":"2019-11-22T13:55:35","modified_gmt":"2019-11-22T12:55:35","slug":"273","status":"publish","type":"post","link":"https:\/\/inselreport.eu\/?p=273","title":{"rendered":"Im Jahr 2016 macht die Sonneninsel R\u00fcgen ihrem Namen alle Ehre!"},"content":{"rendered":"<p>Zumindest bis JETZT. (Stand 30. Juni: 300 Sonnenstunden im Juni; der Rest des Landes nur 181) W\u00e4hrend im S\u00fcden Deutschlands unglaubliche Wassermassen alles wegsp\u00fclen, egal, ob Autos, H\u00e4user oder Menschenleben, scheint hier auf R\u00fcgen die Sonne. Jeden Tag. Ganz zuverl\u00e4ssig. Der letzte Regen ist gef\u00fchlt 8 Wochen her. Na ja, Ostern war es, wo die Urlauber in schlechtem Wetter hier sein mussten. Als w\u00e4re es f\u00fcr sie gemacht worden. Ja und dann hat es vor 2 Wochen ein bisschen geregnet und in einer Nacht dieser Woche kam noch bisschen was.<\/p>\n<figure id=\"attachment_291\" aria-describedby=\"caption-attachment-291\" style=\"width: 678px\" class=\"wp-caption alignnone\"><img loading=\"lazy\" decoding=\"async\" width=\"678\" height=\"271\" class=\" wp-image-291\" alt=\"Teile der Felder sind schon gelb. Das Getreide w\u00e4chst nur sehr langsam.\" src=\"http:\/\/inselreport.eu\/wp-content\/uploads\/2016\/06\/Getreide-300x120.jpg\" srcset=\"https:\/\/inselreport.eu\/wp-content\/uploads\/2016\/06\/Getreide-300x120.jpg 300w, https:\/\/inselreport.eu\/wp-content\/uploads\/2016\/06\/Getreide-768x307.jpg 768w, https:\/\/inselreport.eu\/wp-content\/uploads\/2016\/06\/Getreide-1024x410.jpg 1024w, https:\/\/inselreport.eu\/wp-content\/uploads\/2016\/06\/Getreide.jpg 1200w\" sizes=\"auto, (max-width: 709px) 85vw, (max-width: 909px) 67vw, (max-width: 984px) 61vw, (max-width: 1362px) 45vw, 600px\" \/><figcaption id=\"caption-attachment-291\" class=\"wp-caption-text\">Teile der Felder sind schon gelb. Das Getreide w\u00e4chst nur sehr langsam.<\/figcaption><\/figure>\n<p>Das hilft nicht den Bauern und auch nicht den Kleing\u00e4rtnern. Jeder Tropfen Wasser wird ersehnt wie der Joint eines Cannabis-Abh\u00e4ngigen, der auf Entzug ist. Die vielen Regentonnen sind leer, machen einen \u00fcberfl\u00fcssigen Eindruck.<\/p>\n<p><!--more--><\/p>\n<p>Und auch heute scheint die Sonne. Was sonst? Sonneninsel eben.Wenn ich fr\u00fch die Augen \u00f6ffne, ist es hell. Die Sonne scheint. Es wird warm. Ich f\u00fchle mich wie auf meiner absoluten Lieblingsinsel La Palma. Auch meine Aloe Vera-Pflanzen, die ich von dort mitgebracht habe, f\u00fchlen sich wie zu Hause.<\/p>\n<figure id=\"attachment_283\" aria-describedby=\"caption-attachment-283\" style=\"width: 647px\" class=\"wp-caption alignnone\"><img loading=\"lazy\" decoding=\"async\" width=\"647\" height=\"382\" class=\" wp-image-283\" alt=\"Auf R\u00fcgen ist das Wetter dauerhaft sonnig wie auf den Kanaren. (Hier Insel La Palma) Teilweise war es hier sogar w\u00e4rmer.\" src=\"http:\/\/inselreport.eu\/wp-content\/uploads\/2016\/06\/La-Palma-300x177.jpg\" srcset=\"https:\/\/inselreport.eu\/wp-content\/uploads\/2016\/06\/La-Palma-300x177.jpg 300w, https:\/\/inselreport.eu\/wp-content\/uploads\/2016\/06\/La-Palma-768x453.jpg 768w, https:\/\/inselreport.eu\/wp-content\/uploads\/2016\/06\/La-Palma-1024x604.jpg 1024w, https:\/\/inselreport.eu\/wp-content\/uploads\/2016\/06\/La-Palma.jpg 1200w\" sizes=\"auto, (max-width: 709px) 85vw, (max-width: 909px) 67vw, (max-width: 984px) 61vw, (max-width: 1362px) 45vw, 600px\" \/><figcaption id=\"caption-attachment-283\" class=\"wp-caption-text\">Auf R\u00fcgen ist das Wetter im Moment dauerhaft sonnig wie auf den Kanaren. (Hier Insel La Palma) Teilweise war es hier sogar w\u00e4rmer.<\/figcaption><\/figure>\n<p>Aber wie geht das weiter? Regnet es erst im Oktober wieder oder schon in den n\u00e4chsten Tagen, und dann so lange, bis der Sommer vorbei ist?<\/p>\n<p>Das wei\u00df niemand und kann auch niemand wirklich beeinflussen, sonst w\u00fcrde es ja auch noch wegen dem Wetter Kriege geben.<\/p>\n<p>Ob das jetzt der Klimawandel ist \u2013 ich w\u00e4re vorsichtig nach so wenigen Wochen. Aber ich kann mich an eine Graphik erinnern, die vor mehr als 10 Jahren in Deutschlands beliebtester Boulevardzeitung abgebildet war. Da war der Nordosten Deutschlands ein D\u00fcrre-Land und der Rest ein Wasserland. Die Grenzlinie zog sich quer von oben links bis unten rechts durch das Deutschland so, wie das Wetter JETZT&nbsp;gerade ist.<\/p>\n<figure id=\"attachment_285\" aria-describedby=\"caption-attachment-285\" style=\"width: 659px\" class=\"wp-caption alignnone\"><img loading=\"lazy\" decoding=\"async\" width=\"659\" height=\"437\" class=\" wp-image-285\" alt=\"West-R\u00fcgen. Flaches Land.\" src=\"http:\/\/inselreport.eu\/wp-content\/uploads\/2016\/06\/Flug_A-300x199.jpg\" srcset=\"https:\/\/inselreport.eu\/wp-content\/uploads\/2016\/06\/Flug_A-300x199.jpg 300w, https:\/\/inselreport.eu\/wp-content\/uploads\/2016\/06\/Flug_A-768x510.jpg 768w, https:\/\/inselreport.eu\/wp-content\/uploads\/2016\/06\/Flug_A-1024x680.jpg 1024w, https:\/\/inselreport.eu\/wp-content\/uploads\/2016\/06\/Flug_A.jpg 1200w\" sizes=\"auto, (max-width: 709px) 85vw, (max-width: 909px) 67vw, (max-width: 984px) 61vw, (max-width: 1362px) 45vw, 600px\" \/><figcaption id=\"caption-attachment-285\" class=\"wp-caption-text\">West-R\u00fcgen. Flaches Land.<\/figcaption><\/figure>\n<p>Der Vorteil: Hier im Norden ist das flache Land. Hier kann es regnen wie es will. Hier gibt es keine Berge, aus denen das Wasser herunterlaufen und sich sammeln kann und zu wilden Sturzb\u00e4chen werden. R\u00fcgen ist eine Insel und von der l\u00e4uft alles in die Ostsee und die l\u00e4uft nicht gleich \u00fcber. Sie wird ja auch jeden Tag kleiner, wenn es nicht regnet. Bis sie so leer ist wie die Regentonnen&#8230; das dauert freilich.<\/p>\n<p>Was bleibt uns Menschen? Eine Biene einfangen, wenn sie sehns\u00fcchtig an der Fensterscheibe \u201eschreit\u201c: \u201eIch will hier raus\u201c. Vier hab ich schon gerettet in diesem Jahr. Ein Glas \u00fcberst\u00fclpen, ein Blatt Papier dazwischenschieben und schon freut sich die Biene, wenn sie an einem offenen Fenster freigelassen wird.<\/p>\n<figure id=\"attachment_287\" aria-describedby=\"caption-attachment-287\" style=\"width: 651px\" class=\"wp-caption alignleft\"><img loading=\"lazy\" decoding=\"async\" width=\"651\" height=\"523\" class=\" wp-image-287\" alt=\"Eine Biene auf einer Sonnenblume\" src=\"http:\/\/inselreport.eu\/wp-content\/uploads\/2016\/06\/Biene-auf-Sonnenblume-300x241.jpg\" srcset=\"https:\/\/inselreport.eu\/wp-content\/uploads\/2016\/06\/Biene-auf-Sonnenblume-300x241.jpg 300w, https:\/\/inselreport.eu\/wp-content\/uploads\/2016\/06\/Biene-auf-Sonnenblume-768x618.jpg 768w, https:\/\/inselreport.eu\/wp-content\/uploads\/2016\/06\/Biene-auf-Sonnenblume-1024x823.jpg 1024w, https:\/\/inselreport.eu\/wp-content\/uploads\/2016\/06\/Biene-auf-Sonnenblume.jpg 1200w\" sizes=\"auto, (max-width: 709px) 85vw, (max-width: 909px) 67vw, (max-width: 984px) 61vw, (max-width: 1362px) 45vw, 600px\" \/><figcaption id=\"caption-attachment-287\" class=\"wp-caption-text\">Eine Biene auf einer Sonnenblume<\/figcaption><\/figure>\n<p>Denn ohne Bienen haben wir nicht nur keinen Honig, sondern auch sonst nichts mehr zu essen. Die best\u00e4uben doch unsere Pflanzen, aus denen unsere Nahrung gemacht wird und das Futter der Tiere, die f\u00fcr uns Milch und Fleisch und Leder sind. Bienen sind so wichtig wie die Sonne. Ohne sie geht NICHTS!<\/p>\n<p>Und was bleibt uns noch? H\u00e4user nicht in Flussbetten bauen; Fl\u00fcsse nicht begradigen&#8230; und nicht verzweifeln, wenn die Sonne erbarmungslos brennt. Wir wollen doch immer Sonne. Oder? Ja, und es kommen die Zeiten, wo wir den Regen lieben, so wie die Dunkelheit, wenn wir m\u00fcde sind und schlafen wollen&#8230;.<\/p>\n<p>Was will ich damit sagen? Ich mach\u2019s kurz: Achten wir auf die Natur, auf unsere Umgebung, auf die Liebe zu jedem Detail \u2013 und wenn es nur eine Biene ist! Und h\u00f6ren wir auf, alles zu zerst\u00f6ren, von dem wir nicht wissen, wie wir es wieder reparieren k\u00f6nnen. Und genie\u00dfen wir das, was uns Sch\u00f6nes geboten wird \u2013 wie hier im Norden den Mohn und die Kornblumen, die immer treu und brav da wachsen, wo eben noch Baustelle war&#8230;.<\/p>\n<p><img loading=\"lazy\" decoding=\"async\" width=\"714\" height=\"381\" class=\"alignnone wp-image-290\" alt=\"Mohn\" src=\"http:\/\/inselreport.eu\/wp-content\/uploads\/2016\/06\/Mohn-300x160.jpg\" srcset=\"https:\/\/inselreport.eu\/wp-content\/uploads\/2016\/06\/Mohn-300x160.jpg 300w, https:\/\/inselreport.eu\/wp-content\/uploads\/2016\/06\/Mohn-768x409.jpg 768w, https:\/\/inselreport.eu\/wp-content\/uploads\/2016\/06\/Mohn-1024x545.jpg 1024w, https:\/\/inselreport.eu\/wp-content\/uploads\/2016\/06\/Mohn.jpg 1200w\" sizes=\"auto, (max-width: 709px) 85vw, (max-width: 909px) 67vw, (max-width: 984px) 61vw, (max-width: 1362px) 45vw, 600px\" \/><\/p>\n<p>Und der S\u00fcden? Da l\u00e4sst sich mancherorts nichts genie\u00dfen \u2013 au\u00dfer das Aufr\u00e4umen, und die Vorstellung, dass danach auch dort die Sonne wieder scheint.<\/p>\n<p>Wir m\u00fcssen das JETZT leben. JETZT. So wie es ist \u2013 und an die Zukunft denken. Denken wir uns Gl\u00fcck, Freude und Liebe. Und lassen den Rest weg. Krieg und Hass und alles das&#8230; Es ist erstaunlich, wie eng die Menschen zusammenr\u00fccken und sich helfen, wenn\u2019s eng wird. Erstaunlich ist das. Aber SCH\u00d6\u00d6\u00d6N!<\/p>\n<p>Achten wir auf die Natur! Sie ist nichts L\u00e4stiges, sondern befindet sich auf diesem Planet Erde und ist das, worin wir leben! Und:<\/p>\n<p><strong>\u201eDie Natur versteht keinen Spa\u00df, sie ist immer wahr, immer ernst, immer strenge; sie hat immer Recht und die Fehler und Irrt\u00fcmer sind immer die des Menschen!&#8220; (Goethe)&nbsp;<\/strong><\/p>\n<p>Und dann kommt ne M\u00fccke und erinnert uns daran. Piecks. Das ist dann eben so. Und wenn ich Gott w\u00e4re, h\u00e4tte ich M\u00fccken zu Vegetariern gemacht. K\u00f6nnen doch die Bl\u00e4tter piksen. Und wenn ich ein Schwein w\u00e4re, oder ein Rindvieh oder ein Vogel (H\u00e4hnchen sind das auch und sehen in den 100 Tagen ihrer Lebenszeit die Sonne nicht eine Stunde!) w\u00fcrde ich mir die Menschen als Vegetarier w\u00fcnschen.<\/p>\n<p><img loading=\"lazy\" decoding=\"async\" width=\"755\" height=\"405\" class=\"alignnone wp-image-292\" alt=\"Katze Drahtseil_A\" src=\"http:\/\/inselreport.eu\/wp-content\/uploads\/2016\/06\/Katze-Drahtseil_A-300x161.jpg\" srcset=\"https:\/\/inselreport.eu\/wp-content\/uploads\/2016\/06\/Katze-Drahtseil_A-300x161.jpg 300w, https:\/\/inselreport.eu\/wp-content\/uploads\/2016\/06\/Katze-Drahtseil_A-768x412.jpg 768w, https:\/\/inselreport.eu\/wp-content\/uploads\/2016\/06\/Katze-Drahtseil_A-1024x550.jpg 1024w, https:\/\/inselreport.eu\/wp-content\/uploads\/2016\/06\/Katze-Drahtseil_A.jpg 1200w\" sizes=\"auto, (max-width: 709px) 85vw, (max-width: 909px) 67vw, (max-width: 984px) 61vw, (max-width: 1362px) 45vw, 600px\" \/><\/p>\n<p>Und klar frisst die Katze die Maus. Und klar d\u00fcrfen wir mal Fleisch essen. Ein Wildschwein, dass den Schuss nicht geh\u00f6rt hat bis es tot ist&#8230; okay. Aber diese &#8211; allein dieses Wort ist schon eklig: &#8222;Fleischproduktion&#8220; Ja, Autos, Handys, Fernseher&#8230;. alles l\u00e4sst sich produzieren bis hin zur Matratze, auf der ich mit meiner Liebsten&#8230; Aber Fleisch? Fleisch ist Leben. Fleischproduktion ist zum Tode verurteiltes Leben!<\/p>\n<p>Also ein Sonntagsbraten, das geht ja mal, wenn er so da ist. Aber jeden Tag ein Schnitzel, drei Burger usw&#8230;. ich wei\u00df nicht, ob das gut ist. F\u00fcr die Figur jedenfalls nicht! Das wei\u00df ich. Deswegen bin ich ja auch ein schlankes Kerlchen \ud83d\ude42<\/p>\n<h3 style=\"text-align: center;\"><span style=\"color: #800080;\">DANKE f\u00fcr Deinen Beitrag!<\/span><\/h3>\n<p><img loading=\"lazy\" decoding=\"async\" width=\"610\" height=\"409\" class=\"alignnone wp-image-3253\" alt=\"DSC_0010-001\" src=\"http:\/\/inselreport.eu\/wp-content\/uploads\/2017\/02\/DSC_0010-001-300x201.jpg\" srcset=\"https:\/\/inselreport.eu\/wp-content\/uploads\/2017\/02\/DSC_0010-001-300x201.jpg 300w, https:\/\/inselreport.eu\/wp-content\/uploads\/2017\/02\/DSC_0010-001-768x515.jpg 768w, https:\/\/inselreport.eu\/wp-content\/uploads\/2017\/02\/DSC_0010-001.jpg 800w\" sizes=\"auto, (max-width: 709px) 85vw, (max-width: 909px) 67vw, (max-width: 984px) 61vw, (max-width: 1362px) 45vw, 600px\" \/><\/p>\n<pre><span style=\"color: #800080;\"><span style=\"color: #ff0000;\">W\u00e4hle den Betrag selbst!<\/span>\nZahlungsempf\u00e4nger:<\/span> <span style=\"color: #0000ff;\">Marius Jaster \n<strong>IBAN: DE 088 50 200 86 000 803 55 12<\/strong><strong> (BIC: HYVEDE MM 496)<\/strong> \n<\/span>Gib bitte den Namen des Artikels mit an. DANKE!<\/pre>\n<p style=\"text-align: right;\">Fotos\/Video:&nbsp;<span style=\"color: #ff0000;\">\u00a9<\/span> Marius Jaster<\/p>\n","protected":false},"excerpt":{"rendered":"<p>Zumindest bis JETZT. (Stand 30. Juni: 300 Sonnenstunden im Juni; der Rest des Landes nur 181) W\u00e4hrend im S\u00fcden Deutschlands unglaubliche Wassermassen alles wegsp\u00fclen, egal, ob Autos, H\u00e4user oder Menschenleben, scheint hier auf R\u00fcgen die Sonne. Jeden Tag. Ganz zuverl\u00e4ssig. Der letzte Regen ist gef\u00fchlt 8 Wochen her. Na ja, Ostern war es, wo die &hellip; <a href=\"https:\/\/inselreport.eu\/?p=273\" class=\"more-link\"><span class=\"screen-reader-text\">\u201eIm Jahr 2016 macht die Sonneninsel R\u00fcgen ihrem Namen alle Ehre!\u201c<\/span> weiterlesen<\/a><\/p>\n","protected":false},"author":1,"featured_media":282,"comment_status":"open","ping_status":"open","sticky":false,"template":"","format":"standard","meta":{"om_disable_all_campaigns":false,"_exactmetrics_skip_tracking":false,"_exactmetrics_sitenote_active":false,"_exactmetrics_sitenote_note":"","_exactmetrics_sitenote_category":0,"_uf_show_specific_survey":0,"_uf_disable_surveys":false,"footnotes":""},"categories":[2],"tags":[57,58,118,59,22,40,39,60,51],"class_list":["post-273","post","type-post","status-publish","format-standard","has-post-thumbnail","hentry","category-insel-ruegen","tag-goethe","tag-insel","tag-insel-ruegen-news","tag-natur","tag-news","tag-ostsee-news","tag-ruegen","tag-unwetter","tag-urlaub"],"aioseo_notices":[],"_links":{"self":[{"href":"https:\/\/inselreport.eu\/index.php?rest_route=\/wp\/v2\/posts\/273","targetHints":{"allow":["GET"]}}],"collection":[{"href":"https:\/\/inselreport.eu\/index.php?rest_route=\/wp\/v2\/posts"}],"about":[{"href":"https:\/\/inselreport.eu\/index.php?rest_route=\/wp\/v2\/types\/post"}],"author":[{"embeddable":true,"href":"https:\/\/inselreport.eu\/index.php?rest_route=\/wp\/v2\/users\/1"}],"replies":[{"embeddable":true,"href":"https:\/\/inselreport.eu\/index.php?rest_route=%2Fwp%2Fv2%2Fcomments&post=273"}],"version-history":[{"count":16,"href":"https:\/\/inselreport.eu\/index.php?rest_route=\/wp\/v2\/posts\/273\/revisions"}],"predecessor-version":[{"id":5150,"href":"https:\/\/inselreport.eu\/index.php?rest_route=\/wp\/v2\/posts\/273\/revisions\/5150"}],"wp:featuredmedia":[{"embeddable":true,"href":"https:\/\/inselreport.eu\/index.php?rest_route=\/wp\/v2\/media\/282"}],"wp:attachment":[{"href":"https:\/\/inselreport.eu\/index.php?rest_route=%2Fwp%2Fv2%2Fmedia&parent=273"}],"wp:term":[{"taxonomy":"category","embeddable":true,"href":"https:\/\/inselreport.eu\/index.php?rest_route=%2Fwp%2Fv2%2Fcategories&post=273"},{"taxonomy":"post_tag","embeddable":true,"href":"https:\/\/inselreport.eu\/index.php?rest_route=%2Fwp%2Fv2%2Ftags&post=273"}],"curies":[{"name":"wp","href":"https:\/\/api.w.org\/{rel}","templated":true}]}}