{"id":2901,"date":"2018-03-31T11:46:31","date_gmt":"2018-03-31T09:46:31","guid":{"rendered":"http:\/\/inselreport.eu\/?p=2901"},"modified":"2019-11-22T12:18:00","modified_gmt":"2019-11-22T11:18:00","slug":"das-wird-ein-dunkles-osterfest-in-diesem-jahr-viele-osterurlauber-geschockt","status":"publish","type":"post","link":"https:\/\/inselreport.eu\/?p=2901","title":{"rendered":"Insel R\u00fcgen: Das dunkle Osterfest in diesem Jahr. Osterfeuermeile in Binz und viele andere Osterfeuer auch: Abgesagt!"},"content":{"rendered":"<p>&nbsp;<\/p>\n<figure id=\"attachment_2907\" aria-describedby=\"caption-attachment-2907\" style=\"width: 624px\" class=\"wp-caption alignnone\"><img loading=\"lazy\" decoding=\"async\" width=\"624\" height=\"468\" class=\"wp-image-2907\" alt=\"Ostern_05\" src=\"http:\/\/inselreport.eu\/wp-content\/uploads\/2018\/03\/Ostern_05-300x225.jpg\" srcset=\"https:\/\/inselreport.eu\/wp-content\/uploads\/2018\/03\/Ostern_05-300x225.jpg 300w, https:\/\/inselreport.eu\/wp-content\/uploads\/2018\/03\/Ostern_05-768x576.jpg 768w, https:\/\/inselreport.eu\/wp-content\/uploads\/2018\/03\/Ostern_05-1024x768.jpg 1024w, https:\/\/inselreport.eu\/wp-content\/uploads\/2018\/03\/Ostern_05-1200x900.jpg 1200w\" sizes=\"auto, (max-width: 709px) 85vw, (max-width: 909px) 67vw, (max-width: 984px) 61vw, (max-width: 1362px) 45vw, 600px\" \/><figcaption id=\"caption-attachment-2907\" class=\"wp-caption-text\">Der L\u00f6we vor dem &#8222;Badehaus Goor&#8220; in Putbus\/Lauterbach versteht die Welt auch nicht mehr.<\/figcaption><\/figure>\n<p><strong><span style=\"color: #800080;\">Ostern ist traditionell der Beginn einer neuen Saison, hier an der Ostsee. Dieses Jahr f\u00e4llt es nicht ins Wasser, sondern direkt in den Schnee. Schon am Gr\u00fcndonnerstag &#8211; dem Hauptanreisetag &#8211; ging Einiges gr\u00fcndlich daneben. Pappschnee fiel vom Himmel. 10 Zentimeter und mehr. Der Wind sorgte f\u00fcr Verwehungen und das Gewicht dieses wei\u00dfen Wassers legte den Verkehr lahm. Umgest\u00fcrzte B\u00e4ume, defekte Stromleitungen, glatte Stra\u00dfen&#8230;<\/span> <\/strong><!--more-->Der regionale Bahnverkehr war stark beeintr\u00e4chtigt, ein Flixbus mit 40 Menschen kollidierte mit einem quer stehenden Transporter der deutschen Post auf der Autobahn; viele weitere Unf\u00e4lle, die dann jenseits des Materialschadens auch mehrere Verletzte forderten, gaben den Rest.<\/p>\n<figure id=\"attachment_2936\" aria-describedby=\"caption-attachment-2936\" style=\"width: 614px\" class=\"wp-caption alignnone\"><img loading=\"lazy\" decoding=\"async\" width=\"614\" height=\"409\" class=\"wp-image-2936\" alt=\"\" src=\"http:\/\/inselreport.eu\/wp-content\/uploads\/2018\/03\/Bus-kollidiert-mit-Baum-Fahrer-verletzt-hoher-Schaden_pdaArticleWide-300x200.jpg\" srcset=\"https:\/\/inselreport.eu\/wp-content\/uploads\/2018\/03\/Bus-kollidiert-mit-Baum-Fahrer-verletzt-hoher-Schaden_pdaArticleWide-300x200.jpg 300w, https:\/\/inselreport.eu\/wp-content\/uploads\/2018\/03\/Bus-kollidiert-mit-Baum-Fahrer-verletzt-hoher-Schaden_pdaArticleWide.jpg 505w\" sizes=\"auto, (max-width: 709px) 85vw, (max-width: 909px) 67vw, (max-width: 984px) 61vw, (max-width: 1362px) 45vw, 600px\" \/><figcaption id=\"caption-attachment-2936\" class=\"wp-caption-text\">Dieser (leere) Bus kollidierte am 29. M\u00e4rz gegen 7:00 Uhr auf der L 301 zwischen Kluiser Dreieck und Ramitz (R\u00fcgen) mit dem Baum. Der Fahrer wurde leicht verletzt. (Quelle: Polizei)<\/figcaption><\/figure>\n<figure id=\"attachment_2905\" aria-describedby=\"caption-attachment-2905\" style=\"width: 671px\" class=\"wp-caption alignnone\"><img loading=\"lazy\" decoding=\"async\" width=\"671\" height=\"503\" class=\"wp-image-2905\" alt=\"Ostern_03\" src=\"http:\/\/inselreport.eu\/wp-content\/uploads\/2018\/03\/Ostern_03-300x225.jpg\" srcset=\"https:\/\/inselreport.eu\/wp-content\/uploads\/2018\/03\/Ostern_03-300x225.jpg 300w, https:\/\/inselreport.eu\/wp-content\/uploads\/2018\/03\/Ostern_03-768x576.jpg 768w, https:\/\/inselreport.eu\/wp-content\/uploads\/2018\/03\/Ostern_03-1024x768.jpg 1024w, https:\/\/inselreport.eu\/wp-content\/uploads\/2018\/03\/Ostern_03-1200x900.jpg 1200w\" sizes=\"auto, (max-width: 709px) 85vw, (max-width: 909px) 67vw, (max-width: 984px) 61vw, (max-width: 1362px) 45vw, 600px\" \/><figcaption id=\"caption-attachment-2905\" class=\"wp-caption-text\">Idyllische Winterlandschaft. Aber es ist Ostern! Und dieses Foto ist ein FARB-Foto! Da ist nichts mit digitaler Bearbeitung in einen Schwarz-Wei\u00df-Modus versetzt. N\u00f6\u00f6: So ist echt! Aber herrliche Formen der Zweige, die die Natur so erschafft. &#8230;<\/figcaption><\/figure>\n<p>Nach vorl\u00e4ufiger Entspannung vom Karfreitag kommt jetzt ein eisiger Wind und bringt Schnee mit. <strong><span style=\"color: #ff0000;\">Die Osterfeuer, vor allem die gr\u00f6\u00dferen Events wie die Feuermeile in Binz mit 24 Feuern am Strand, sind aus Sicherheitsgr\u00fcnden abgesagt.<\/span><\/strong> Graue K\u00e4lte dominiert. W\u00e4re Weihnachten, w\u00e4re das alles sch\u00f6n! Aber: Es ist Ostern und tiefster Winter, wo Fr\u00fchling und Sonne sein sollte.<\/p>\n<figure id=\"attachment_2903\" aria-describedby=\"caption-attachment-2903\" style=\"width: 627px\" class=\"wp-caption alignnone\"><img loading=\"lazy\" decoding=\"async\" width=\"627\" height=\"470\" class=\"wp-image-2903\" alt=\"Ostern_01\" src=\"http:\/\/inselreport.eu\/wp-content\/uploads\/2018\/03\/Ostern_01-300x225.jpg\" srcset=\"https:\/\/inselreport.eu\/wp-content\/uploads\/2018\/03\/Ostern_01-300x225.jpg 300w, https:\/\/inselreport.eu\/wp-content\/uploads\/2018\/03\/Ostern_01-768x576.jpg 768w, https:\/\/inselreport.eu\/wp-content\/uploads\/2018\/03\/Ostern_01-1024x768.jpg 1024w, https:\/\/inselreport.eu\/wp-content\/uploads\/2018\/03\/Ostern_01-1200x900.jpg 1200w\" sizes=\"auto, (max-width: 709px) 85vw, (max-width: 909px) 67vw, (max-width: 984px) 61vw, (max-width: 1362px) 45vw, 600px\" \/><figcaption id=\"caption-attachment-2903\" class=\"wp-caption-text\">Alles ist vorbereitet f\u00fcr ein Osterk\u00e4ffchen im Freien. Aber: Wer setzt sich dahin?<\/figcaption><\/figure>\n<p>Mir tun die Urlauber leid, vor allem aber auch die Hoteliers und Gastronomen, die mit kurzfristigen Stornierungen zu k\u00e4mpfen haben.<\/p>\n<figure id=\"attachment_2909\" aria-describedby=\"caption-attachment-2909\" style=\"width: 596px\" class=\"wp-caption alignnone\"><img loading=\"lazy\" decoding=\"async\" width=\"596\" height=\"447\" class=\"wp-image-2909\" alt=\"Ostern_07\" src=\"http:\/\/inselreport.eu\/wp-content\/uploads\/2018\/03\/Ostern_07-300x225.jpg\" srcset=\"https:\/\/inselreport.eu\/wp-content\/uploads\/2018\/03\/Ostern_07-300x225.jpg 300w, https:\/\/inselreport.eu\/wp-content\/uploads\/2018\/03\/Ostern_07-768x576.jpg 768w, https:\/\/inselreport.eu\/wp-content\/uploads\/2018\/03\/Ostern_07-1024x768.jpg 1024w, https:\/\/inselreport.eu\/wp-content\/uploads\/2018\/03\/Ostern_07-1200x900.jpg 1200w\" sizes=\"auto, (max-width: 596px) 85vw, 596px\" \/><figcaption id=\"caption-attachment-2909\" class=\"wp-caption-text\">Schneeber\u00e4umung (Eher Matschber\u00e4umung) vor dem Bahnhof Putbus. Sonst kein Mensch da.<\/figcaption><\/figure>\n<p>Der so wichtige Auftakt der neuen Saison: Einfach in den Schnee gefallen.<\/p>\n<figure id=\"attachment_2910\" aria-describedby=\"caption-attachment-2910\" style=\"width: 679px\" class=\"wp-caption alignnone\"><img loading=\"lazy\" decoding=\"async\" width=\"679\" height=\"509\" class=\"wp-image-2910\" alt=\"Ostern_08\" src=\"http:\/\/inselreport.eu\/wp-content\/uploads\/2018\/03\/Ostern_08-300x225.jpg\" srcset=\"https:\/\/inselreport.eu\/wp-content\/uploads\/2018\/03\/Ostern_08-300x225.jpg 300w, https:\/\/inselreport.eu\/wp-content\/uploads\/2018\/03\/Ostern_08-768x576.jpg 768w, https:\/\/inselreport.eu\/wp-content\/uploads\/2018\/03\/Ostern_08-1024x768.jpg 1024w, https:\/\/inselreport.eu\/wp-content\/uploads\/2018\/03\/Ostern_08-1200x900.jpg 1200w\" sizes=\"auto, (max-width: 709px) 85vw, (max-width: 909px) 67vw, (max-width: 984px) 61vw, (max-width: 1362px) 45vw, 600px\" \/><figcaption id=\"caption-attachment-2910\" class=\"wp-caption-text\">Bahnhof Putbus. Normalerweise tummeln sich hier Urlauber mit ihren Fotoapparaten und warten auf die schwarze Schnuff-Tuff-Lok, den &#8222;Rasenden Roland&#8220;.<\/figcaption><\/figure>\n<figure id=\"attachment_2904\" aria-describedby=\"caption-attachment-2904\" style=\"width: 811px\" class=\"wp-caption alignnone\"><img loading=\"lazy\" decoding=\"async\" width=\"811\" height=\"608\" class=\"wp-image-2904\" alt=\"DSC03228Ostern_02\" src=\"http:\/\/inselreport.eu\/wp-content\/uploads\/2018\/03\/DSC03228Ostern_02-300x225.jpg\" srcset=\"https:\/\/inselreport.eu\/wp-content\/uploads\/2018\/03\/DSC03228Ostern_02-300x225.jpg 300w, https:\/\/inselreport.eu\/wp-content\/uploads\/2018\/03\/DSC03228Ostern_02-768x576.jpg 768w, https:\/\/inselreport.eu\/wp-content\/uploads\/2018\/03\/DSC03228Ostern_02-1024x768.jpg 1024w, https:\/\/inselreport.eu\/wp-content\/uploads\/2018\/03\/DSC03228Ostern_02-1200x900.jpg 1200w\" sizes=\"auto, (max-width: 709px) 85vw, (max-width: 909px) 67vw, (max-width: 984px) 61vw, (max-width: 1362px) 45vw, 600px\" \/><figcaption id=\"caption-attachment-2904\" class=\"wp-caption-text\">Vorbereitetes Osterfeuer in Lauterbach \/ Putbus. Auch das bleibt heute so kalt wie es da steht. Es wird nicht leuchten am Abend.<\/figcaption><\/figure>\n<p>Und gerade JETZT, in diesem Moment, wo ich diese Zeilen schreibe: Tat\u00fc Tata da drau\u00dfen. Ja, die Feuerwehr hat wohl gerade andere Aufgaben, als sich heute um Osterfeuer zu k\u00fcmmern.<\/p>\n<p><span style=\"color: #800080;\">Eindrucksvolle Fotos \u00fcber die Arbeit der letzten 48 Stunden hat die Binzer Feuerwehr auf ihrer Website gepostet.<\/span><\/p>\n<p style=\"text-align: center;\"><span style=\"color: #0000ff;\"><a style=\"color: #0000ff;\" href=\"http:\/\/feuerwehr-binz.de\/index.html\">http:\/\/feuerwehr-binz.de\/index.html<\/a><\/span><\/p>\n<p style=\"text-align: right;\">Fotos: <span style=\"color: #ff0000;\"><strong>\u00a9<\/strong><\/span> Marius Jaster<\/p>\n<h3 style=\"text-align: center;\"><span style=\"color: #800080;\">Danke f\u00fcr Deinen Beitrag!<\/span><\/h3>\n<p><img loading=\"lazy\" decoding=\"async\" width=\"610\" height=\"409\" class=\"alignnone wp-image-3253\" alt=\"DSC_0010-001\" src=\"http:\/\/inselreport.eu\/wp-content\/uploads\/2017\/02\/DSC_0010-001-300x201.jpg\" srcset=\"https:\/\/inselreport.eu\/wp-content\/uploads\/2017\/02\/DSC_0010-001-300x201.jpg 300w, https:\/\/inselreport.eu\/wp-content\/uploads\/2017\/02\/DSC_0010-001-768x515.jpg 768w, https:\/\/inselreport.eu\/wp-content\/uploads\/2017\/02\/DSC_0010-001.jpg 800w\" sizes=\"auto, (max-width: 709px) 85vw, (max-width: 909px) 67vw, (max-width: 984px) 61vw, (max-width: 1362px) 45vw, 600px\" \/><\/p>\n<pre><span style=\"color: #800080;\"><span style=\"color: #ff0000;\">W\u00e4hle den Betrag selbst!<\/span>\nZahlungsempf\u00e4nger:<\/span> <span style=\"color: #0000ff;\">Marius Jaster \n<strong>IBAN: DE 088 50 200 86 000 803 55 12<\/strong><strong> (BIC: HYVEDE MM 496)<\/strong> \n<\/span>Gib bitte den Namen des Artikels mit an. DANKE!<\/pre>\n<p>&nbsp;<\/p>\n","protected":false},"excerpt":{"rendered":"<p>&nbsp; Ostern ist traditionell der Beginn einer neuen Saison, hier an der Ostsee. Dieses Jahr f\u00e4llt es nicht ins Wasser, sondern direkt in den Schnee. Schon am Gr\u00fcndonnerstag &#8211; dem Hauptanreisetag &#8211; ging Einiges gr\u00fcndlich daneben. Pappschnee fiel vom Himmel. 10 Zentimeter und mehr. Der Wind sorgte f\u00fcr Verwehungen und das Gewicht dieses wei\u00dfen Wassers &hellip; <a href=\"https:\/\/inselreport.eu\/?p=2901\" class=\"more-link\"><span class=\"screen-reader-text\">\u201eInsel R\u00fcgen: Das dunkle Osterfest in diesem Jahr. Osterfeuermeile in Binz und viele andere Osterfeuer auch: Abgesagt!\u201c<\/span> weiterlesen<\/a><\/p>\n","protected":false},"author":1,"featured_media":799,"comment_status":"open","ping_status":"open","sticky":false,"template":"","format":"standard","meta":{"om_disable_all_campaigns":false,"_exactmetrics_skip_tracking":false,"_exactmetrics_sitenote_active":false,"_exactmetrics_sitenote_note":"","_exactmetrics_sitenote_category":0,"_uf_show_specific_survey":0,"_uf_disable_surveys":false,"footnotes":""},"categories":[1],"tags":[289,118,287,40,288],"class_list":["post-2901","post","type-post","status-publish","format-standard","has-post-thumbnail","hentry","category-allgemein","tag-feuermeile-binz","tag-insel-ruegen-news","tag-ostern-2018-insel-ruegen","tag-ostsee-news","tag-winter-an-ostern"],"aioseo_notices":[],"_links":{"self":[{"href":"https:\/\/inselreport.eu\/index.php?rest_route=\/wp\/v2\/posts\/2901","targetHints":{"allow":["GET"]}}],"collection":[{"href":"https:\/\/inselreport.eu\/index.php?rest_route=\/wp\/v2\/posts"}],"about":[{"href":"https:\/\/inselreport.eu\/index.php?rest_route=\/wp\/v2\/types\/post"}],"author":[{"embeddable":true,"href":"https:\/\/inselreport.eu\/index.php?rest_route=\/wp\/v2\/users\/1"}],"replies":[{"embeddable":true,"href":"https:\/\/inselreport.eu\/index.php?rest_route=%2Fwp%2Fv2%2Fcomments&post=2901"}],"version-history":[{"count":15,"href":"https:\/\/inselreport.eu\/index.php?rest_route=\/wp\/v2\/posts\/2901\/revisions"}],"predecessor-version":[{"id":5087,"href":"https:\/\/inselreport.eu\/index.php?rest_route=\/wp\/v2\/posts\/2901\/revisions\/5087"}],"wp:featuredmedia":[{"embeddable":true,"href":"https:\/\/inselreport.eu\/index.php?rest_route=\/wp\/v2\/media\/799"}],"wp:attachment":[{"href":"https:\/\/inselreport.eu\/index.php?rest_route=%2Fwp%2Fv2%2Fmedia&parent=2901"}],"wp:term":[{"taxonomy":"category","embeddable":true,"href":"https:\/\/inselreport.eu\/index.php?rest_route=%2Fwp%2Fv2%2Fcategories&post=2901"},{"taxonomy":"post_tag","embeddable":true,"href":"https:\/\/inselreport.eu\/index.php?rest_route=%2Fwp%2Fv2%2Ftags&post=2901"}],"curies":[{"name":"wp","href":"https:\/\/api.w.org\/{rel}","templated":true}]}}