{"id":2975,"date":"2018-04-02T21:48:00","date_gmt":"2018-04-02T19:48:00","guid":{"rendered":"http:\/\/inselreport.eu\/?p=2975"},"modified":"2019-11-22T12:16:54","modified_gmt":"2019-11-22T11:16:54","slug":"traumhafter-urlaub-im-reetdachhaus-und-zauberhafter-landschaft","status":"publish","type":"post","link":"https:\/\/inselreport.eu\/?p=2975","title":{"rendered":"Traumhafter Urlaub im Reetdachhaus und in zauberhafter Landschaft"},"content":{"rendered":"<p><img loading=\"lazy\" decoding=\"async\" width=\"618\" height=\"348\" class=\"alignnone wp-image-2990\" alt=\"20160518_192308\" src=\"http:\/\/inselreport.eu\/wp-content\/uploads\/2018\/04\/20160518_192308-300x169.jpg\" srcset=\"https:\/\/inselreport.eu\/wp-content\/uploads\/2018\/04\/20160518_192308-300x169.jpg 300w, https:\/\/inselreport.eu\/wp-content\/uploads\/2018\/04\/20160518_192308-768x432.jpg 768w, https:\/\/inselreport.eu\/wp-content\/uploads\/2018\/04\/20160518_192308-1024x576.jpg 1024w, https:\/\/inselreport.eu\/wp-content\/uploads\/2018\/04\/20160518_192308-1200x675.jpg 1200w\" sizes=\"auto, (max-width: 709px) 85vw, (max-width: 909px) 67vw, (max-width: 984px) 61vw, (max-width: 1362px) 45vw, 600px\" \/><\/p>\n<p><span style=\"color: #800080;\"><strong>Zwischen dem Wieker Boddenufer und dem sch\u00f6nen Ostseestrand, auf&nbsp; dem wildromantischen Windland der Insel R\u00fcgen, begegnet Ihnen&nbsp;sch\u00f6nste Landschaft, mit ruhigen, lauschigen Ecken und wunderbaren&nbsp;Str\u00e4nden. In dieser zauberhaften Gegend in einem Reetdachhaus wohnen ist ein Traum vieler Menschen. Erf\u00fcllen Sie sich diesen Traum in Ihrer Urlaubszeit!<\/strong><\/span><!--more--><\/p>\n<p>Hier k\u00f6nnen Sie entspannt und jenseits jeden Trubels Rad fahren oder wandern, Ausfl\u00fcge machen oder am Strand liegen, auf\u00b4s Wasser fahren oder Strandgut sammeln, die Sehensw\u00fcrdigkeiten der Insel bestaunen oder einfach nur Seemannsgarn f\u00fcr sich und Ihre Familie spinnen&#8230; Sie werden sich auf alle F\u00e4lle auf der sch\u00f6nen Insel R\u00fcgen gut erholen und mit vielen neuen Eindr\u00fccken und unvergesslichen Erlebnissen wieder zu Hause ankommen.<\/p>\n<p>In 3 Ferienwohnungen in der <strong><span style=\"color: #800080;\">&#8222;Alten Schusterei R\u00fcgen&#8220;<\/span><\/strong> f\u00fcr 1 &#8211; 4 Personen sind Sie gut umsorgt&nbsp;und f\u00fcr einen sch\u00f6nen Urlaub an der Ostsee mit Ihrer Familie bestens untergebracht!<\/p>\n<p><strong><span style=\"color: #800080;\">Hier geht es zu den Details und Beschreibungen der einzelnen Ferienwohnungen mit Fotos:<\/span><\/strong><\/p>\n<p>Die 3 Ferienwohnungen <strong><span style=\"color: #800080;\">&#8222;Backbord&#8220;<\/span><\/strong>, <strong><span style=\"color: #800080;\">&#8222;Storchennest&#8220;<\/span><\/strong> und<strong><span style=\"color: #800080;\"> &#8222;Kaj\u00fcte&#8220;<\/span><\/strong> verf\u00fcgen jeweils \u00fcber eine komplett ausgestattete Wohnk\u00fcche (4-Platten-Cerankochfeld, Backofen, K\u00fchlschrank mit Gefrierfach, Filter-Kaffeemaschine, Toaster, Wasserkocher, Besteck, T\u00f6pfe und ausreichend Geschirr).<\/p>\n<p>Im Wohnbereich sind B\u00fccher, TV, CD-Player, Spiele und gem\u00fctliche Esspl\u00e4tze vorhanden.<\/p>\n<p><strong><span style=\"color: #800080;\">Kostenloses WLAN f\u00fcr jeweils 3 Ger\u00e4te steht zur Verf\u00fcgung.<\/span><\/strong><\/p>\n<p>Die Duschb\u00e4der sind mit einer Dusche (80 x 80 cm) Waschbecken und Toilette ausgestattet.<\/p>\n<p>Die einzelnen Wohnungen mit ihren Schlafm\u00f6glichkeiten:<\/p>\n<figure id=\"attachment_2996\" aria-describedby=\"caption-attachment-2996\" style=\"width: 681px\" class=\"wp-caption alignnone\"><img loading=\"lazy\" decoding=\"async\" width=\"681\" height=\"511\" class=\"wp-image-2996\" alt=\"SitzplatzGarten (2)_\" src=\"http:\/\/inselreport.eu\/wp-content\/uploads\/2018\/04\/SitzplatzGarten-2_-300x225.jpg\" srcset=\"https:\/\/inselreport.eu\/wp-content\/uploads\/2018\/04\/SitzplatzGarten-2_-300x225.jpg 300w, https:\/\/inselreport.eu\/wp-content\/uploads\/2018\/04\/SitzplatzGarten-2_-768x576.jpg 768w, https:\/\/inselreport.eu\/wp-content\/uploads\/2018\/04\/SitzplatzGarten-2_.jpg 1024w\" sizes=\"auto, (max-width: 709px) 85vw, (max-width: 909px) 67vw, (max-width: 984px) 61vw, (max-width: 1362px) 45vw, 600px\" \/><figcaption id=\"caption-attachment-2996\" class=\"wp-caption-text\">Der Sitzplatz drau\u00dfen f\u00fcr die Ferienwohnung &#8222;Backbord&#8220;<\/figcaption><\/figure>\n<p><span style=\"color: #800080;\"><strong>&#8222;Backbord&#8220;<\/strong><\/span>: 2 Schlafr\u00e4ume \/ 1 Doppelbett 1,80 x 2 m \/ 1 Doppelbett 1,60 x 2m \/ ideal geeignet f\u00fcr 4 Personen \/ Sitzplatz f\u00fcr 4 Personen auf der Terrasse mit Sonnenschirm \/ au\u00dferdem steht eine kleine Veranda f\u00fcr W\u00e4schest\u00e4nder oder mitgebrachte Fahrr\u00e4der zur Verf\u00fcgung.<\/p>\n<figure id=\"attachment_2997\" aria-describedby=\"caption-attachment-2997\" style=\"width: 678px\" class=\"wp-caption alignnone\"><img loading=\"lazy\" decoding=\"async\" width=\"678\" height=\"382\" class=\"wp-image-2997\" alt=\"Wohnk\u00fcche_\" src=\"http:\/\/inselreport.eu\/wp-content\/uploads\/2018\/04\/Wohnk\u00fcche_-300x169.jpg\" srcset=\"https:\/\/inselreport.eu\/wp-content\/uploads\/2018\/04\/Wohnk\u00fcche_-300x169.jpg 300w, https:\/\/inselreport.eu\/wp-content\/uploads\/2018\/04\/Wohnk\u00fcche_-768x432.jpg 768w, https:\/\/inselreport.eu\/wp-content\/uploads\/2018\/04\/Wohnk\u00fcche_-1024x576.jpg 1024w, https:\/\/inselreport.eu\/wp-content\/uploads\/2018\/04\/Wohnk\u00fcche_-1200x675.jpg 1200w, https:\/\/inselreport.eu\/wp-content\/uploads\/2018\/04\/Wohnk\u00fcche_.jpg 1365w\" sizes=\"auto, (max-width: 709px) 85vw, (max-width: 909px) 67vw, (max-width: 984px) 61vw, (max-width: 1362px) 45vw, 600px\" \/><figcaption id=\"caption-attachment-2997\" class=\"wp-caption-text\">Die Wohnk\u00fcche in der Ferienwohnung Backbord<\/figcaption><\/figure>\n<figure id=\"attachment_2994\" aria-describedby=\"caption-attachment-2994\" style=\"width: 659px\" class=\"wp-caption alignnone\"><img loading=\"lazy\" decoding=\"async\" width=\"659\" height=\"371\" class=\"wp-image-2994\" alt=\"Schlafraum1 (3)_\" src=\"http:\/\/inselreport.eu\/wp-content\/uploads\/2018\/04\/Schlafraum1-3_-300x169.jpg\" srcset=\"https:\/\/inselreport.eu\/wp-content\/uploads\/2018\/04\/Schlafraum1-3_-300x169.jpg 300w, https:\/\/inselreport.eu\/wp-content\/uploads\/2018\/04\/Schlafraum1-3_-768x432.jpg 768w, https:\/\/inselreport.eu\/wp-content\/uploads\/2018\/04\/Schlafraum1-3_-1024x576.jpg 1024w, https:\/\/inselreport.eu\/wp-content\/uploads\/2018\/04\/Schlafraum1-3_-1200x675.jpg 1200w, https:\/\/inselreport.eu\/wp-content\/uploads\/2018\/04\/Schlafraum1-3_.jpg 1365w\" sizes=\"auto, (max-width: 709px) 85vw, (max-width: 909px) 67vw, (max-width: 984px) 61vw, (max-width: 1362px) 45vw, 600px\" \/><figcaption id=\"caption-attachment-2994\" class=\"wp-caption-text\">Und so schl\u00e4ft es sich &#8222;Backbord&#8220;<\/figcaption><\/figure>\n<figure id=\"attachment_2999\" aria-describedby=\"caption-attachment-2999\" style=\"width: 664px\" class=\"wp-caption alignnone\"><img loading=\"lazy\" decoding=\"async\" width=\"664\" height=\"498\" class=\"wp-image-2999\" alt=\"Wohnraum_\" src=\"http:\/\/inselreport.eu\/wp-content\/uploads\/2018\/04\/Wohnraum_-300x225.jpg\" srcset=\"https:\/\/inselreport.eu\/wp-content\/uploads\/2018\/04\/Wohnraum_-300x225.jpg 300w, https:\/\/inselreport.eu\/wp-content\/uploads\/2018\/04\/Wohnraum_-768x576.jpg 768w, https:\/\/inselreport.eu\/wp-content\/uploads\/2018\/04\/Wohnraum_.jpg 1024w\" sizes=\"auto, (max-width: 709px) 85vw, (max-width: 909px) 67vw, (max-width: 984px) 61vw, (max-width: 1362px) 45vw, 600px\" \/><figcaption id=\"caption-attachment-2999\" class=\"wp-caption-text\">Der Wohnraum im &#8222;Storchennest&#8220;<\/figcaption><\/figure>\n<p><strong><span style=\"color: #800080;\">&#8222;Storchennest&#8220;<\/span><\/strong>: 3 Zimmer \/ 1 Schlafraum f\u00fcr 2 Personen (Aufstockung f\u00fcr 2 Personen m\u00f6glich) \/ Die Wohnung befindet sich im 1. Stock, etwa 60 Quadratmeter \/ 1 h\u00fcbsche, offene Wohnk\u00fcche \/ 1 gro\u00dfer Wohnraum mit Sofa, Sesseln \/ Balkon mit Sitzpl\u00e4tzen f\u00fcr 4 Personen<\/p>\n<figure id=\"attachment_2993\" aria-describedby=\"caption-attachment-2993\" style=\"width: 811px\" class=\"wp-caption alignnone\"><img loading=\"lazy\" decoding=\"async\" width=\"811\" height=\"608\" class=\"wp-image-2993\" alt=\"Schlafraum_\" src=\"http:\/\/inselreport.eu\/wp-content\/uploads\/2018\/04\/Schlafraum_-300x225.jpg\" srcset=\"https:\/\/inselreport.eu\/wp-content\/uploads\/2018\/04\/Schlafraum_-300x225.jpg 300w, https:\/\/inselreport.eu\/wp-content\/uploads\/2018\/04\/Schlafraum_-768x576.jpg 768w, https:\/\/inselreport.eu\/wp-content\/uploads\/2018\/04\/Schlafraum_.jpg 1024w\" sizes=\"auto, (max-width: 709px) 85vw, (max-width: 909px) 67vw, (max-width: 984px) 61vw, (max-width: 1362px) 45vw, 600px\" \/><figcaption id=\"caption-attachment-2993\" class=\"wp-caption-text\">So schlafen Sie im &#8222;Storchennest&#8220;<\/figcaption><\/figure>\n<figure id=\"attachment_2991\" aria-describedby=\"caption-attachment-2991\" style=\"width: 637px\" class=\"wp-caption alignnone\"><img loading=\"lazy\" decoding=\"async\" width=\"637\" height=\"359\" class=\"wp-image-2991\" alt=\"Balkon (5)_\" src=\"http:\/\/inselreport.eu\/wp-content\/uploads\/2018\/04\/Balkon-5_-300x169.jpg\" srcset=\"https:\/\/inselreport.eu\/wp-content\/uploads\/2018\/04\/Balkon-5_-300x169.jpg 300w, https:\/\/inselreport.eu\/wp-content\/uploads\/2018\/04\/Balkon-5_-768x432.jpg 768w, https:\/\/inselreport.eu\/wp-content\/uploads\/2018\/04\/Balkon-5_-1024x576.jpg 1024w, https:\/\/inselreport.eu\/wp-content\/uploads\/2018\/04\/Balkon-5_-1200x675.jpg 1200w, https:\/\/inselreport.eu\/wp-content\/uploads\/2018\/04\/Balkon-5_.jpg 1365w\" sizes=\"auto, (max-width: 709px) 85vw, (max-width: 909px) 67vw, (max-width: 984px) 61vw, (max-width: 1362px) 45vw, 600px\" \/><figcaption id=\"caption-attachment-2991\" class=\"wp-caption-text\">Das &#8222;Storchennest&#8220; hat auch einen gesch\u00fctzten Balkon<\/figcaption><\/figure>\n<figure id=\"attachment_2995\" aria-describedby=\"caption-attachment-2995\" style=\"width: 612px\" class=\"wp-caption alignnone\"><img loading=\"lazy\" decoding=\"async\" width=\"612\" height=\"345\" class=\"wp-image-2995\" alt=\"Schlafraum1a_\" src=\"http:\/\/inselreport.eu\/wp-content\/uploads\/2018\/04\/Schlafraum1a_-300x169.jpg\" srcset=\"https:\/\/inselreport.eu\/wp-content\/uploads\/2018\/04\/Schlafraum1a_-300x169.jpg 300w, https:\/\/inselreport.eu\/wp-content\/uploads\/2018\/04\/Schlafraum1a_-768x432.jpg 768w, https:\/\/inselreport.eu\/wp-content\/uploads\/2018\/04\/Schlafraum1a_-1024x576.jpg 1024w, https:\/\/inselreport.eu\/wp-content\/uploads\/2018\/04\/Schlafraum1a_-1200x675.jpg 1200w, https:\/\/inselreport.eu\/wp-content\/uploads\/2018\/04\/Schlafraum1a_.jpg 1365w\" sizes=\"auto, (max-width: 709px) 85vw, (max-width: 909px) 67vw, (max-width: 984px) 61vw, (max-width: 1362px) 45vw, 600px\" \/><figcaption id=\"caption-attachment-2995\" class=\"wp-caption-text\">In der &#8222;Kaj\u00fcte&#8220; schlafen Sie so&#8230;<\/figcaption><\/figure>\n<p><strong><span style=\"color: #800080;\">&#8222;Kaj\u00fcte&#8220;<\/span><\/strong>:&nbsp; 2 Schlafr\u00e4ume &#8211; 1 Doppelbett 1,80 x 2m \/ 2 Einzelbetten 0,90 x 2m \/ Sitzplatz im sch\u00f6nen Vorgarten am Brunnen f\u00fcr 4 Personen<\/p>\n<figure id=\"attachment_2992\" aria-describedby=\"caption-attachment-2992\" style=\"width: 615px\" class=\"wp-caption alignnone\"><img loading=\"lazy\" decoding=\"async\" width=\"615\" height=\"283\" class=\"wp-image-2992\" alt=\"GartenKaj\u00fcte (2)_\" src=\"http:\/\/inselreport.eu\/wp-content\/uploads\/2018\/04\/GartenKaj\u00fcte-2_-300x138.jpg\" srcset=\"https:\/\/inselreport.eu\/wp-content\/uploads\/2018\/04\/GartenKaj\u00fcte-2_-300x138.jpg 300w, https:\/\/inselreport.eu\/wp-content\/uploads\/2018\/04\/GartenKaj\u00fcte-2_-768x353.jpg 768w, https:\/\/inselreport.eu\/wp-content\/uploads\/2018\/04\/GartenKaj\u00fcte-2_-1024x471.jpg 1024w, https:\/\/inselreport.eu\/wp-content\/uploads\/2018\/04\/GartenKaj\u00fcte-2_-1200x552.jpg 1200w, https:\/\/inselreport.eu\/wp-content\/uploads\/2018\/04\/GartenKaj\u00fcte-2_.jpg 1671w\" sizes=\"auto, (max-width: 709px) 85vw, (max-width: 909px) 67vw, (max-width: 984px) 61vw, (max-width: 1362px) 45vw, 600px\" \/><figcaption id=\"caption-attachment-2992\" class=\"wp-caption-text\">Dieser sch\u00f6ne Platz im Garten ist f\u00fcr Sie, wenn Sie die &#8222;Kaj\u00fcte&#8220; gebucht haben<\/figcaption><\/figure>\n<figure id=\"attachment_2998\" aria-describedby=\"caption-attachment-2998\" style=\"width: 627px\" class=\"wp-caption alignnone\"><img loading=\"lazy\" decoding=\"async\" width=\"627\" height=\"353\" class=\"wp-image-2998\" alt=\"Wohnk\u00fccheKaj\u00fcte (3)_\" src=\"http:\/\/inselreport.eu\/wp-content\/uploads\/2018\/04\/Wohnk\u00fccheKaj\u00fcte-3_-300x169.jpg\" srcset=\"https:\/\/inselreport.eu\/wp-content\/uploads\/2018\/04\/Wohnk\u00fccheKaj\u00fcte-3_-300x169.jpg 300w, https:\/\/inselreport.eu\/wp-content\/uploads\/2018\/04\/Wohnk\u00fccheKaj\u00fcte-3_-768x432.jpg 768w, https:\/\/inselreport.eu\/wp-content\/uploads\/2018\/04\/Wohnk\u00fccheKaj\u00fcte-3_-1024x576.jpg 1024w, https:\/\/inselreport.eu\/wp-content\/uploads\/2018\/04\/Wohnk\u00fccheKaj\u00fcte-3_-1200x675.jpg 1200w, https:\/\/inselreport.eu\/wp-content\/uploads\/2018\/04\/Wohnk\u00fccheKaj\u00fcte-3_.jpg 1365w\" sizes=\"auto, (max-width: 709px) 85vw, (max-width: 909px) 67vw, (max-width: 984px) 61vw, (max-width: 1362px) 45vw, 600px\" \/><figcaption id=\"caption-attachment-2998\" class=\"wp-caption-text\">Die Wohnk\u00fcche in der &#8222;Kaj\u00fcte&#8220;<\/figcaption><\/figure>\n<p><span style=\"color: #800080;\"><strong>Ein Fahrradverleih befindet sich direkt gegen\u00fcber, unweit der Ferienwohnungen befindet sich der Hafen mit Bootsverleih, ein Surfgebiet am Wieker Bodden. Auch Einkaufsm\u00f6glichkeiten, Post, Bank, Gastronomie, Ausflugsm\u00f6glichkeiten, Busanbindung und ein Arzt befinden sich in n\u00e4chster N\u00e4he.<\/strong><\/span><\/p>\n<p>Weitere Details finden Sie direkt auf der Homepage:<\/p>\n<p><span style=\"color: #ff0000;\"><strong><a style=\"color: #ff0000;\" href=\"http:\/\/www.alte-schusterei-ruegen.de\">http:\/\/www.alte-schusterei-ruegen.de<\/a><\/strong><\/span><\/p>\n<p>Dort haben Sie auch die M\u00f6glichkeit, Ihren Urlaub direkt online zu buchen. Alternativ finden Sie kompetente Partner, bei denen Sie<span style=\"color: #800080;\"> provisionsfrei<\/span> buchen k\u00f6nnen.<\/p>\n<p><span style=\"color: #0000ff;\">Beachten Sie bitte, dass &#8211; auch in Ihrem Interesse &#8211; die Zusammenarbeit mit den gro\u00dfen Buchungsplattformen &#8222;HRS Destination Solutions&#8220; und &#8222;Booking.com&#8220; nicht weiter fortgef\u00fchrt wird. Dazu finden Sie auf der Homepage einen entsprechenden offenen Brief.<\/span><\/p>\n<p><span style=\"color: #800080;\">&#8222;Alte Schusterei R\u00fcgen&#8220; \/ Reetdachhaus Cumpertinentus \/ Robert &amp; Michaela Seliga \/ K\u00fcstermarkt 3 \/ 18556 Wiek, R\u00fcgen<\/span><\/p>\n<p><span style=\"color: #800080;\">Fon: +49 170 &#8211; 21 79 231 \/ 049 (0) 38391 76 47 61<\/span><\/p>\n<p>Mail:&nbsp;<span style=\"color: #ff0000;\"><a style=\"color: #ff0000;\" href=\"http:\/\/info@alte-schusterei-ruegen.de\">http:\/\/info@alte-schusterei-ruegen.de<\/a><\/span><\/p>\n","protected":false},"excerpt":{"rendered":"<p>Zwischen dem Wieker Boddenufer und dem sch\u00f6nen Ostseestrand, auf&nbsp; dem wildromantischen Windland der Insel R\u00fcgen, begegnet Ihnen&nbsp;sch\u00f6nste Landschaft, mit ruhigen, lauschigen Ecken und wunderbaren&nbsp;Str\u00e4nden. In dieser zauberhaften Gegend in einem Reetdachhaus wohnen ist ein Traum vieler Menschen. Erf\u00fcllen Sie sich diesen Traum in Ihrer Urlaubszeit!<\/p>\n","protected":false},"author":1,"featured_media":2983,"comment_status":"open","ping_status":"open","sticky":false,"template":"","format":"standard","meta":{"om_disable_all_campaigns":false,"_exactmetrics_skip_tracking":false,"_exactmetrics_sitenote_active":false,"_exactmetrics_sitenote_note":"","_exactmetrics_sitenote_category":0,"_uf_show_specific_survey":0,"_uf_disable_surveys":false,"footnotes":""},"categories":[2],"tags":[224,21,295,51,296],"class_list":["post-2975","post","type-post","status-publish","format-standard","has-post-thumbnail","hentry","category-insel-ruegen","tag-ferienwohnungen-ruegen","tag-ostsee","tag-reetdachhaus","tag-urlaub","tag-wiek"],"aioseo_notices":[],"_links":{"self":[{"href":"https:\/\/inselreport.eu\/index.php?rest_route=\/wp\/v2\/posts\/2975","targetHints":{"allow":["GET"]}}],"collection":[{"href":"https:\/\/inselreport.eu\/index.php?rest_route=\/wp\/v2\/posts"}],"about":[{"href":"https:\/\/inselreport.eu\/index.php?rest_route=\/wp\/v2\/types\/post"}],"author":[{"embeddable":true,"href":"https:\/\/inselreport.eu\/index.php?rest_route=\/wp\/v2\/users\/1"}],"replies":[{"embeddable":true,"href":"https:\/\/inselreport.eu\/index.php?rest_route=%2Fwp%2Fv2%2Fcomments&post=2975"}],"version-history":[{"count":16,"href":"https:\/\/inselreport.eu\/index.php?rest_route=\/wp\/v2\/posts\/2975\/revisions"}],"predecessor-version":[{"id":5085,"href":"https:\/\/inselreport.eu\/index.php?rest_route=\/wp\/v2\/posts\/2975\/revisions\/5085"}],"wp:featuredmedia":[{"embeddable":true,"href":"https:\/\/inselreport.eu\/index.php?rest_route=\/wp\/v2\/media\/2983"}],"wp:attachment":[{"href":"https:\/\/inselreport.eu\/index.php?rest_route=%2Fwp%2Fv2%2Fmedia&parent=2975"}],"wp:term":[{"taxonomy":"category","embeddable":true,"href":"https:\/\/inselreport.eu\/index.php?rest_route=%2Fwp%2Fv2%2Fcategories&post=2975"},{"taxonomy":"post_tag","embeddable":true,"href":"https:\/\/inselreport.eu\/index.php?rest_route=%2Fwp%2Fv2%2Ftags&post=2975"}],"curies":[{"name":"wp","href":"https:\/\/api.w.org\/{rel}","templated":true}]}}