{"id":3007,"date":"2018-04-06T12:31:59","date_gmt":"2018-04-06T10:31:59","guid":{"rendered":"http:\/\/inselreport.eu\/?p=3007"},"modified":"2019-11-22T12:16:16","modified_gmt":"2019-11-22T11:16:16","slug":"gestrandet-auf-la-palma","status":"publish","type":"post","link":"https:\/\/inselreport.eu\/?p=3007","title":{"rendered":"Gestrandet &#8230;auf La Palma?"},"content":{"rendered":"<p><span style=\"color: #800080;\"><span style=\"color: #000080; text-decoration: underline;\">Von Alexandra Luna Vidal alias Magdalena Almado<\/span>&nbsp;<span style=\"color: #ff0000;\">\u00a9<\/span><\/span><\/p>\n<p><img loading=\"lazy\" decoding=\"async\" width=\"616\" height=\"347\" class=\"alignnone wp-image-3014\" alt=\"Alexandra Geburtstag\" src=\"http:\/\/inselreport.eu\/wp-content\/uploads\/2018\/04\/Alexandra-Geburtstag-300x169.jpg\" srcset=\"https:\/\/inselreport.eu\/wp-content\/uploads\/2018\/04\/Alexandra-Geburtstag-300x169.jpg 300w, https:\/\/inselreport.eu\/wp-content\/uploads\/2018\/04\/Alexandra-Geburtstag-768x432.jpg 768w, https:\/\/inselreport.eu\/wp-content\/uploads\/2018\/04\/Alexandra-Geburtstag-1024x576.jpg 1024w, https:\/\/inselreport.eu\/wp-content\/uploads\/2018\/04\/Alexandra-Geburtstag-1200x675.jpg 1200w, https:\/\/inselreport.eu\/wp-content\/uploads\/2018\/04\/Alexandra-Geburtstag.jpg 1328w\" sizes=\"auto, (max-width: 709px) 85vw, (max-width: 909px) 67vw, (max-width: 984px) 61vw, (max-width: 1362px) 45vw, 600px\" \/><\/p>\n<p><span style=\"color: #800080;\">Marie und Michel sind bereits seit \u00fcber einem Jahr auf hoher See unterwegs. Sie haben sich ihren gro\u00dfen Lebenstraum verwirklicht, drei Jahre auszusteigen und mit ihrem neu restaurierten Segelboot Aurora eine Weltreise \u00fcber die gro\u00dfen Ozeane zu machen, bevor sie zur\u00fcck in ihre Arbeitswelt kehren und eine Familie gr\u00fcnden wollen. Ihre Reise hat in S\u00fcdfrankreich begonnen. Sie haben bereits den Atlantik \u00fcber die Kanarischen Inseln und Azoren von Europa bis Mittel- und S\u00fcdamerika \u00fcberquert und befinden sich nun im Pazifischen Ozean, um Richtung Australien zu segeln. <\/span><!--more--><\/p>\n<p><span style=\"color: #800080;\">Vieles haben sie in diesem letzten Jahr gemeinsam \u00fcberstanden, heftige St\u00fcrme, Todes\u00e4ngste, Sch\u00e4den am Boot \u2013 aber vor allem hat sie diese Reise noch inniger zusammengef\u00fchrt, als sie es jemals erahnen konnten.<\/span><\/p>\n<p><img loading=\"lazy\" decoding=\"async\" width=\"634\" height=\"321\" class=\"alignnone wp-image-3017\" alt=\"LP_03_edited\" src=\"http:\/\/inselreport.eu\/wp-content\/uploads\/2018\/04\/LP_03_edited-300x152.jpg\" srcset=\"https:\/\/inselreport.eu\/wp-content\/uploads\/2018\/04\/LP_03_edited-300x152.jpg 300w, https:\/\/inselreport.eu\/wp-content\/uploads\/2018\/04\/LP_03_edited-768x389.jpg 768w, https:\/\/inselreport.eu\/wp-content\/uploads\/2018\/04\/LP_03_edited-1024x518.jpg 1024w, https:\/\/inselreport.eu\/wp-content\/uploads\/2018\/04\/LP_03_edited-1200x607.jpg 1200w\" sizes=\"auto, (max-width: 709px) 85vw, (max-width: 909px) 67vw, (max-width: 984px) 61vw, (max-width: 1362px) 45vw, 600px\" \/><\/p>\n<p>Sie sind heute genau 444 Tage rund um die Uhr auf engstem Raum beisammen. Sie durchlebten in dieser Zeit alle H\u00f6hen und Tiefen in ihrer Partnerschaft, ohne einander jemals entkommen zu k\u00f6nnen, viele \u00c4ngste und Zweifel, die sie doch immer wieder qu\u00e4lten und konnten letztlich immer tiefer in ein unbeschreibliches Vertrauen eintauchen, dass sie gemeinsam nun alles miteinander durchstehen k\u00f6nnen. Sie haben sich gegenseitig all ihre Schattenseiten gespiegelt und sind dadurch, in der Bereitschaft zu wachsen, in eine gro\u00dfe Klarheit gekommen, offen zu sein f\u00fcr all das, was dieses gemeinsame Leben f\u00fcr sie noch bereithalten mag.<\/p>\n<figure id=\"attachment_745\" aria-describedby=\"caption-attachment-745\" style=\"width: 685px\" class=\"wp-caption alignnone\"><img loading=\"lazy\" decoding=\"async\" width=\"685\" height=\"514\" class=\"wp-image-745\" alt=\"Der Lauterbacher Yachthafen\" src=\"http:\/\/inselreport.eu\/wp-content\/uploads\/2016\/11\/YachtHafen-Lauterbach-1-300x225.jpg\" srcset=\"https:\/\/inselreport.eu\/wp-content\/uploads\/2016\/11\/YachtHafen-Lauterbach-1-300x225.jpg 300w, https:\/\/inselreport.eu\/wp-content\/uploads\/2016\/11\/YachtHafen-Lauterbach-1-768x576.jpg 768w, https:\/\/inselreport.eu\/wp-content\/uploads\/2016\/11\/YachtHafen-Lauterbach-1-1024x768.jpg 1024w, https:\/\/inselreport.eu\/wp-content\/uploads\/2016\/11\/YachtHafen-Lauterbach-1.jpg 1200w\" sizes=\"auto, (max-width: 709px) 85vw, (max-width: 909px) 67vw, (max-width: 984px) 61vw, (max-width: 1362px) 45vw, 600px\" \/><figcaption id=\"caption-attachment-745\" class=\"wp-caption-text\">Ist der sichere Hafen verlassen, gibt es kein Entkommen mehr. Dann &#8222;tobt&#8220; das Leben wie es will&#8230;<\/figcaption><\/figure>\n<p>Wir befinden uns mitten im Ozean, sehen nichts als Wasser um uns und tiefe Schw\u00e4rze am Himmel. Ein Wind unbestimmten Grades treibt unser Boot oftmals in eine vollkommen andere Richtung, als mir lieb ist. Ich sitze am Bordcomputer und sehe seit Stunden nichts als ein Flimmern, w\u00e4hrend Marie wie erstarrt an der Reling steht, immer wieder in die Ferne blickt. Sie erweckt den Eindruck, als w\u00e4re sie nicht mehr wirklich anwesend. Wir beide haben seit heute Morgen ein ganz unbestimmtes Gef\u00fchl, als w\u00fcrde sich um uns eine gewaltige unkontrollierbare Macht erheben. Marie hat vor zwei Stunden angefangen, in fremden Stimmen zu sprechen, die uns mitteilen wollten, dass wir demn\u00e4chst beginnen werden, unser wirklich f\u00fcr uns vorgesehenes Leben zu f\u00fchren. Was sollte das alles bedeuten? Es gibt keinen Kontakt mehr zur Au\u00dfenwelt, so sehr ich mich auch bem\u00fche, die Elektronik wieder in Gang zu bringen.<\/p>\n<p><img loading=\"lazy\" decoding=\"async\" width=\"618\" height=\"136\" class=\"alignnone wp-image-3018\" alt=\"LP_04\" src=\"http:\/\/inselreport.eu\/wp-content\/uploads\/2018\/04\/LP_04-300x66.jpg\" srcset=\"https:\/\/inselreport.eu\/wp-content\/uploads\/2018\/04\/LP_04-300x66.jpg 300w, https:\/\/inselreport.eu\/wp-content\/uploads\/2018\/04\/LP_04-768x169.jpg 768w, https:\/\/inselreport.eu\/wp-content\/uploads\/2018\/04\/LP_04-1024x225.jpg 1024w, https:\/\/inselreport.eu\/wp-content\/uploads\/2018\/04\/LP_04-1200x264.jpg 1200w\" sizes=\"auto, (max-width: 709px) 85vw, (max-width: 909px) 67vw, (max-width: 984px) 61vw, (max-width: 1362px) 45vw, 600px\" \/><\/p>\n<p>Die Fahrt um die Spitze von S\u00fcdamerika hatte uns alle Kr\u00e4fte abverlangt, aber auch mehr und mehr in Innigkeit und gegenseitigem Vertrauen zusammengeschwei\u00dft. Die unbeschreiblich harte Konfrontation mit allen Elementen hat uns zugleich die wertvollste Begegnung mit dem urspr\u00fcnglichen Leben erm\u00f6glicht. Nach dieser Herausforderung, die wir meisterhaft bew\u00e4ltigt hatten, beschlossen wir, uns in warme tropische Gefilde zu begeben und verlie\u00dfen Westpatagonien, um \u00fcber den Pazifik Richtung Galapagos-Inseln und weiter nach Australien zu segeln. Was jetzt? Ein Sturm braut sich zusammen. Marie erscheint mit angsterf\u00fclltem Gesicht vor mir und meint, dass nun unser Ende kommen w\u00fcrde.<\/p>\n<p>Erschrocken blicke ich in ihre Augen, die durch mich hindurch zu blicken scheinen \u2026 doch von einem Moment zum n\u00e4chsten wandelt sich ihr Wesen zu vollkommener Ruhe und Gelassenheit \u2013 im selben Augenblick h\u00f6re ich ein unbeschreibliches Krachen. Ich starte durch, um an Deck zu laufen und zu sehen, was geschehen ist. In dem Moment h\u00e4lt mich Marie zur\u00fcck und meint in unglaublicher Gelassenheit mit ruhiger Stimme: \u201eVertraue, es wird geschehen \u2026\u201c Sie nimmt mich an der Hand, zieht mich auf unsere Liegestatt und mir scheint, als w\u00fcrden wir gemeinsam untergehen \u2026 das Letzte, woran ich mich erinnere, ist ein Donnern der Naturgewalten um uns und danach \u2026<\/p>\n<p><img loading=\"lazy\" decoding=\"async\" width=\"673\" height=\"505\" class=\"alignnone wp-image-3016\" alt=\"LP_02_edited\" src=\"http:\/\/inselreport.eu\/wp-content\/uploads\/2018\/04\/LP_02_edited-300x225.jpg\" srcset=\"https:\/\/inselreport.eu\/wp-content\/uploads\/2018\/04\/LP_02_edited-300x225.jpg 300w, https:\/\/inselreport.eu\/wp-content\/uploads\/2018\/04\/LP_02_edited-768x576.jpg 768w, https:\/\/inselreport.eu\/wp-content\/uploads\/2018\/04\/LP_02_edited-1024x768.jpg 1024w, https:\/\/inselreport.eu\/wp-content\/uploads\/2018\/04\/LP_02_edited-1200x900.jpg 1200w\" sizes=\"auto, (max-width: 709px) 85vw, (max-width: 909px) 67vw, (max-width: 984px) 61vw, (max-width: 1362px) 45vw, 600px\" \/><\/p>\n<p>Ich habe keine Ahnung, was geschehen ist und wie lange wir hier gelegen sind. Als ich erwachte, sp\u00fcrte ich Michel eng um meinen K\u00f6rper geschlungen und sah in sein friedvoll schlafendes Gesicht \u2013 er wirkte vollkommen entspannt. Ich wagte es, vorsichtig um mich zu blicken und sah pures Chaos um uns \u2013 alles bis auf unser Bett schien zerst\u00f6rt zu sein. Dennoch erlebte ich eine unbeschreiblich tiefe Stille in mir. Nichts, was ich sah, konnte mich ersch\u00fcttern. Ruhig blieb ich in unserer innigen Umarmung liegen und dankte, diesen Moment erleben zu d\u00fcrfen.<br \/>\nAchtsam wecke ich nun meinen Geliebten, der mich mit strahlenden Augen anl\u00e4chelt. Beide wissen wir nicht, was uns erwartet, wenn wir nun an Deck gehen. Es ist uns jegliches Zeitgef\u00fchl abhanden gekommen. Die Sonne l\u00e4sst ein paar Strahlen direkt durch unser Bullauge auf uns beide blitzen, die wir immer noch eng umschlungen da liegen, vollkommen ruhig, ohne Worte. Gleichzeitig erheben wir uns, um gemeinsam in langsamen Schritten auf dem friedlich dahinschaukelnden Boot nach oben zu gehen.<\/p>\n<p><img loading=\"lazy\" decoding=\"async\" width=\"169\" height=\"300\" class=\"size-medium wp-image-3013 alignleft\" alt=\"IMG-20180101-WA0001_optimized\" src=\"http:\/\/inselreport.eu\/wp-content\/uploads\/2018\/04\/IMG-20180101-WA0001_optimized-169x300.jpg\" srcset=\"https:\/\/inselreport.eu\/wp-content\/uploads\/2018\/04\/IMG-20180101-WA0001_optimized-169x300.jpg 169w, https:\/\/inselreport.eu\/wp-content\/uploads\/2018\/04\/IMG-20180101-WA0001_optimized-768x1367.jpg 768w, https:\/\/inselreport.eu\/wp-content\/uploads\/2018\/04\/IMG-20180101-WA0001_optimized-575x1024.jpg 575w, https:\/\/inselreport.eu\/wp-content\/uploads\/2018\/04\/IMG-20180101-WA0001_optimized.jpg 899w\" sizes=\"auto, (max-width: 169px) 85vw, 169px\" \/>Was sich uns bietet, ist ein Anblick, der unsere Vorstellungskraft bei weitem \u00fcberbietet. Das Boot ist nicht mehr mit unserer eigenen Kraft in Bewegung zu bringen \u2013 die Masten gebrochen, die Segel liegen zerrissen an Bord und wie von magischer Hand gelenkt, werden wir auf eine sich vor uns erhebende Insel mitten in diesem Ozean getragen. Wir blicken einander an und sind immer noch sprachlos. Befinden wir uns in einem Traum? Sind wir gestorben und in der Anderswelt gelandet? Wir wissen nicht, wohin wir in diesem Moment getragen werden sollen. Nichts mehr ist hier mit unserem Verstand erfassbar und doch sp\u00fcren wir tiefstes Vertrauen, als wir merken, wie unser Boot auf einen Widerstand st\u00f6\u00dft \u2013 ganz nahe bei dieser paradiesisch erscheinenden Insel. Wir suchen unseren Anker, der noch als einziges Gut auf unserem Boot unversehrt zu sein scheint, werfen ihn aus, springen in das tiefblaue klare Wasser und schwimmen gemeinsam an Land.<br \/>\nHand in Hand betreten wir das Festland und wissen nicht, wie lange wir hier verweilen werden und noch weniger, was das Leben nun mit uns beiden vorhat \u2026<\/p>\n<p><img loading=\"lazy\" decoding=\"async\" width=\"200\" height=\"300\" class=\"size-medium wp-image-2652 alignleft\" alt=\"IMG-20171114-WA0008\" src=\"http:\/\/inselreport.eu\/wp-content\/uploads\/2017\/12\/IMG-20171114-WA0008-200x300.jpg\" srcset=\"https:\/\/inselreport.eu\/wp-content\/uploads\/2017\/12\/IMG-20171114-WA0008-200x300.jpg 200w, https:\/\/inselreport.eu\/wp-content\/uploads\/2017\/12\/IMG-20171114-WA0008-768x1155.jpg 768w, https:\/\/inselreport.eu\/wp-content\/uploads\/2017\/12\/IMG-20171114-WA0008-681x1024.jpg 681w, https:\/\/inselreport.eu\/wp-content\/uploads\/2017\/12\/IMG-20171114-WA0008.jpg 1064w\" sizes=\"auto, (max-width: 200px) 85vw, 200px\" \/><\/p>\n<p><span style=\"color: #800080;\">Als ich vor Jahren diese Kurzgeschichte f\u00fcr mein Buch \u201eTrancereisen zu mir selbst, und dar\u00fcber hinaus\u201c schrieb, hatte ich schon lange die gro\u00dfe Sehnsucht in mir, meine Heimatstadt Graz in \u00d6sterreich zu verlassen und auf eine Insel zu ziehen. Am gl\u00fccklichsten war ich immer auf Inseln. Lange Zeit dachte ich, ich w\u00fcrde es erst wagen und schaffen, wenn mir das Schicksal meinen \u201eSeelen-Partner\u201c gebracht hat, weshalb ich darauf hoffte und wartete. Mir erschien es als unerl\u00e4sslich das zu zweit zu machen, da beinahe alle Menschen, die so einen Weg gegangen sind, es nicht alleine verwirklicht haben. Aber das Schicksal wollte mir diesen Gefallen \u2013 bis heute \u2013 nicht tun, weshalb ich genau vor einem Jahr entschied, es alleine zu schaffen, meine Wohnung zu verkaufen, die binnen zwei Wochen verkauft war und auch sonst alles hinter mir zu lassen, um diese Reise in MEIN<\/span> <span style=\"color: #800080;\">LEBEN alleine anzutreten. Alleinsein habe ich in meinem bisherigen Leben am besten gelernt, auch wenn ich zwei wunderbare Kinder auf der Reise in ihr Leben begleiten durfte. Tats\u00e4chlich endg\u00fcltiger Ausl\u00f6ser f\u00fcr diese Entscheidung war der Suizid einer Freundin, die wie ich ihre Tr\u00e4ume und Visionen hatte und nicht gewagt hatte, sie zu verwirklichen, weshalb sie den Weg in den TOD statt den Weg in IHR LEBEN gew\u00e4hlt hat. Es war genau zu jener Zeit als mich La Gomera, meine \u201eSchicksalsinsel\u201c &#8211; auf der ich im Sommer 2008 einen schweren Unfall zwischen den Brechern des Atlantik und den Felsen auf wundersame Weise \u00fcberlebte &#8211; wieder gerufen hatte. Und ich war gerade zwei Tage dort \u2013 im Sommer 2016. Die Nachricht von ihrem Tod hat mich aufger\u00fcttelt, endlich meinem Herzen zu folgen, was ich dann ein Jahr sp\u00e4ter tat. So war es, dass ich mich im Sommer 2017 aufmachte, um letztlich nach sechs Monaten Nomaden-Daseins zwischen La Gomera, Teneriffa und La Palma, <\/span><span style=\"color: #800080;\">zu entscheiden, LA PALMA als MEINE INSEL zu erleben, mich hier niederzulassen und endlich MEINE BERUFUNG zu leben\u2026<\/span><br \/>\n<span style=\"color: #800080;\"> Also bin ich heute vor zwei Monaten endg\u00fcltig auf La Palma \u201egestrandet\u201c \u2013 ALLEINE \u2013 auf der Suche nach meiner CASA ALMA, einem \u201eHaus f\u00fcr Heilung, Begegnung und Bewusstsein\u201c, einem Platz, wo ich meine Behandlungen, meine Workshops, meine Retreat-Wochen und MEIN LEBEN verwirklichen m\u00f6chte\u2026 und wenn es das Schicksal mir noch vorsieht, meinem Herzens- und Seelen-Partner begegnen darf\u2026<\/span><\/p>\n<pre><span style=\"text-decoration: underline;\">\u00dcber die Autorin:\n<\/span>\nwww.luna-vidal.com\nAlexandra Luna Vidal, Juristin, Lebens- und Sozialberaterin&nbsp;mit Schwerpunkt in Paar- und Sexualberatung, Hypnosecoach \u2013 Aufarbeitung in Trance, ganzheitliche Energiebehandlungen, Frauenarbeit, Tanz-, Theater- und Ausdrucksp\u00e4dagogin, Yoga-\u00dcbungsleiterin mit Fortbildung zur Kinderyoga\u00dcbungsleiterin der Yoga Vidya Austria, Qigong-Praktizierende im Qigong der Wuhan Yangsheng Qigong-Meisterschule Wien<\/pre>\n","protected":false},"excerpt":{"rendered":"<p>Von Alexandra Luna Vidal alias Magdalena Almado&nbsp;\u00a9 Marie und Michel sind bereits seit \u00fcber einem Jahr auf hoher See unterwegs. Sie haben sich ihren gro\u00dfen Lebenstraum verwirklicht, drei Jahre auszusteigen und mit ihrem neu restaurierten Segelboot Aurora eine Weltreise \u00fcber die gro\u00dfen Ozeane zu machen, bevor sie zur\u00fcck in ihre Arbeitswelt kehren und eine Familie &hellip; <a href=\"https:\/\/inselreport.eu\/?p=3007\" class=\"more-link\"><span class=\"screen-reader-text\">\u201eGestrandet &#8230;auf La Palma?\u201c<\/span> weiterlesen<\/a><\/p>\n","protected":false},"author":1,"featured_media":3015,"comment_status":"open","ping_status":"open","sticky":false,"template":"","format":"standard","meta":{"om_disable_all_campaigns":false,"_exactmetrics_skip_tracking":false,"_exactmetrics_sitenote_active":false,"_exactmetrics_sitenote_note":"","_exactmetrics_sitenote_category":0,"_uf_show_specific_survey":0,"_uf_disable_surveys":false,"footnotes":""},"categories":[56,10],"tags":[87,86,61,51],"class_list":["post-3007","post","type-post","status-publish","format-standard","has-post-thumbnail","hentry","category-kolumnen","category-la-palma","tag-atlantik","tag-kanaren","tag-la-palma","tag-urlaub"],"aioseo_notices":[],"_links":{"self":[{"href":"https:\/\/inselreport.eu\/index.php?rest_route=\/wp\/v2\/posts\/3007","targetHints":{"allow":["GET"]}}],"collection":[{"href":"https:\/\/inselreport.eu\/index.php?rest_route=\/wp\/v2\/posts"}],"about":[{"href":"https:\/\/inselreport.eu\/index.php?rest_route=\/wp\/v2\/types\/post"}],"author":[{"embeddable":true,"href":"https:\/\/inselreport.eu\/index.php?rest_route=\/wp\/v2\/users\/1"}],"replies":[{"embeddable":true,"href":"https:\/\/inselreport.eu\/index.php?rest_route=%2Fwp%2Fv2%2Fcomments&post=3007"}],"version-history":[{"count":16,"href":"https:\/\/inselreport.eu\/index.php?rest_route=\/wp\/v2\/posts\/3007\/revisions"}],"predecessor-version":[{"id":5084,"href":"https:\/\/inselreport.eu\/index.php?rest_route=\/wp\/v2\/posts\/3007\/revisions\/5084"}],"wp:featuredmedia":[{"embeddable":true,"href":"https:\/\/inselreport.eu\/index.php?rest_route=\/wp\/v2\/media\/3015"}],"wp:attachment":[{"href":"https:\/\/inselreport.eu\/index.php?rest_route=%2Fwp%2Fv2%2Fmedia&parent=3007"}],"wp:term":[{"taxonomy":"category","embeddable":true,"href":"https:\/\/inselreport.eu\/index.php?rest_route=%2Fwp%2Fv2%2Fcategories&post=3007"},{"taxonomy":"post_tag","embeddable":true,"href":"https:\/\/inselreport.eu\/index.php?rest_route=%2Fwp%2Fv2%2Ftags&post=3007"}],"curies":[{"name":"wp","href":"https:\/\/api.w.org\/{rel}","templated":true}]}}