{"id":305,"date":"2016-07-16T20:49:01","date_gmt":"2016-07-16T18:49:01","guid":{"rendered":"http:\/\/inselreport.eu\/?p=305"},"modified":"2019-11-22T13:54:42","modified_gmt":"2019-11-22T12:54:42","slug":"305","status":"publish","type":"post","link":"https:\/\/inselreport.eu\/?p=305","title":{"rendered":"R\u00fcgens Kreidek\u00fcsten-Sch\u00e4tze in magische Kunst verzaubert"},"content":{"rendered":"<p>Immer in der Saison von April bis Ende Oktober ist Matzi M\u00fcller am Kap Arkona im&nbsp;K\u00fcnstlerhaus&nbsp; bei der Arbeit anzutreffen &#8211; direkt zwischen den Leuchtt\u00fcrmen und dem Abstieg an der&nbsp;Steilk\u00fcste.<\/p>\n<p>Au\u00dfer Sonntags &#8211; und wenn es nach kr\u00e4ftigen St\u00fcrmen am steinernen Strand von R\u00fcgen neue Sch\u00e4tze zu&nbsp;bergen gibt. Das sind seine Rohstoffe, aus denen er seine Kunstwerke zaubert. Und dann ist er schon mal weg.<\/p>\n<p><img loading=\"lazy\" decoding=\"async\" width=\"612\" height=\"394\" class=\"wp-image-311 alignleft\" alt=\"Donnerkeil_05\" src=\"http:\/\/inselreport.eu\/wp-content\/uploads\/2016\/07\/Donnerkeil_05-300x193.jpg\" srcset=\"https:\/\/inselreport.eu\/wp-content\/uploads\/2016\/07\/Donnerkeil_05-300x193.jpg 300w, https:\/\/inselreport.eu\/wp-content\/uploads\/2016\/07\/Donnerkeil_05-768x493.jpg 768w, https:\/\/inselreport.eu\/wp-content\/uploads\/2016\/07\/Donnerkeil_05-1024x658.jpg 1024w, https:\/\/inselreport.eu\/wp-content\/uploads\/2016\/07\/Donnerkeil_05.jpg 1200w\" sizes=\"auto, (max-width: 709px) 85vw, (max-width: 909px) 67vw, (max-width: 984px) 61vw, (max-width: 1362px) 45vw, 600px\" \/><\/p>\n<p>Aber er hat eine Telefonnummer und ist nicht aus der Welt:<\/p>\n<p style=\"text-align: center;\"><span style=\"color: #0000ff;\"><strong>0160 \/ 98 75 38 93<\/strong><\/span><\/p>\n<p>In seinem&nbsp;&#8222;Atelier Donnerkeil&#8220;&nbsp;k\u00f6nnen Sie dann seine Werke bestaunen und erwerben &#8211; und die sind einmalig. Aus Donnerkeilen, Feuersteinen und Bernsteinen zaubert er wahre Kunstwerke, die er der &#8222;Kreidek\u00fcste auch wieder zur\u00fcckgibt&#8220;. Denn sie lagern, wie sie sehen in Grotten und im Sand&nbsp;&#8211; als w\u00e4re sein Atelier die Kreidek\u00fcste selbst.<\/p>\n<p><!--more--><\/p>\n<p><img loading=\"lazy\" decoding=\"async\" width=\"340\" height=\"458\" class=\" wp-image-315 alignleft\" alt=\"Donnerkeil_11\" src=\"http:\/\/inselreport.eu\/wp-content\/uploads\/2016\/07\/Donnerkeil_11-223x300.jpg\" srcset=\"https:\/\/inselreport.eu\/wp-content\/uploads\/2016\/07\/Donnerkeil_11-223x300.jpg 223w, https:\/\/inselreport.eu\/wp-content\/uploads\/2016\/07\/Donnerkeil_11-768x1036.jpg 768w, https:\/\/inselreport.eu\/wp-content\/uploads\/2016\/07\/Donnerkeil_11-759x1024.jpg 759w, https:\/\/inselreport.eu\/wp-content\/uploads\/2016\/07\/Donnerkeil_11.jpg 890w\" sizes=\"auto, (max-width: 340px) 85vw, 340px\" \/><\/p>\n<p>Der freischaffende K\u00fcnstler arbeitet als Bildhauer&nbsp;\/ Edelstein-Plastiker und Graveur. Nicht nur mit Donnerkeilen (Belemniten*) und Feuersteinen, sondern auch mit Holz, Edelsteinen&nbsp;und gro\u00dfen Steinen formt er Plastiken, Skulpturen, plastische Bilder und Installationen.<\/p>\n<p>&nbsp;<\/p>\n<p>Besonders beeindruckend sind neben gro\u00dfen, besonderen Fundst\u00fccken, die er m\u00fchsam selbst vom Wasser bis nach oben in sein Atelier schleppt, seine auf Hochglanz polierten Feuersteine.<\/p>\n<p><img loading=\"lazy\" decoding=\"async\" width=\"606\" height=\"327\" class=\"alignnone wp-image-307\" alt=\"Donnerkeil_01\" src=\"http:\/\/inselreport.eu\/wp-content\/uploads\/2016\/07\/Donnerkeil_01-300x162.jpg\" srcset=\"https:\/\/inselreport.eu\/wp-content\/uploads\/2016\/07\/Donnerkeil_01-300x162.jpg 300w, https:\/\/inselreport.eu\/wp-content\/uploads\/2016\/07\/Donnerkeil_01-768x413.jpg 768w, https:\/\/inselreport.eu\/wp-content\/uploads\/2016\/07\/Donnerkeil_01-1024x551.jpg 1024w, https:\/\/inselreport.eu\/wp-content\/uploads\/2016\/07\/Donnerkeil_01.jpg 1200w\" sizes=\"auto, (max-width: 709px) 85vw, (max-width: 909px) 67vw, (max-width: 984px) 61vw, (max-width: 1362px) 45vw, 600px\" \/><\/p>\n<p><img loading=\"lazy\" decoding=\"async\" width=\"623\" height=\"274\" class=\"alignnone wp-image-308\" alt=\"Donnerkeil_02\" src=\"http:\/\/inselreport.eu\/wp-content\/uploads\/2016\/07\/Donnerkeil_02-300x132.jpg\" srcset=\"https:\/\/inselreport.eu\/wp-content\/uploads\/2016\/07\/Donnerkeil_02-300x132.jpg 300w, https:\/\/inselreport.eu\/wp-content\/uploads\/2016\/07\/Donnerkeil_02-768x337.jpg 768w, https:\/\/inselreport.eu\/wp-content\/uploads\/2016\/07\/Donnerkeil_02-1024x450.jpg 1024w, https:\/\/inselreport.eu\/wp-content\/uploads\/2016\/07\/Donnerkeil_02.jpg 1200w\" sizes=\"auto, (max-width: 709px) 85vw, (max-width: 909px) 67vw, (max-width: 984px) 61vw, (max-width: 1362px) 45vw, 600px\" \/><\/p>\n<p>Er verr\u00e4t weder Technik, noch verwendetes Werkzeug, mit dem er aus Feuersteinen mit viel Liebe bezaubernde Einzelst\u00fccke fertigt. Denn das ist schon eine besondere Kunst, weil Feuerstein so extrem hart und spr\u00f6de ist &#8211; auch wenn es zum Schluss aussieht, als w\u00e4re es spielend einfach.<\/p>\n<p>Lassen Sie sich von den nachfolgenden Bildern ein bisschen beeindrucken und nutzen Sie die n\u00e4chste beste Gelegenheit f\u00fcr einen Besuch in seinem Atelier!<\/p>\n<p><img loading=\"lazy\" decoding=\"async\" width=\"344\" height=\"469\" class=\"wp-image-312 alignleft\" alt=\"Donnerkeil_06\" src=\"http:\/\/inselreport.eu\/wp-content\/uploads\/2016\/07\/Donnerkeil_06-220x300.jpg\" srcset=\"https:\/\/inselreport.eu\/wp-content\/uploads\/2016\/07\/Donnerkeil_06-220x300.jpg 220w, https:\/\/inselreport.eu\/wp-content\/uploads\/2016\/07\/Donnerkeil_06-768x1048.jpg 768w, https:\/\/inselreport.eu\/wp-content\/uploads\/2016\/07\/Donnerkeil_06-750x1024.jpg 750w, https:\/\/inselreport.eu\/wp-content\/uploads\/2016\/07\/Donnerkeil_06.jpg 879w\" sizes=\"auto, (max-width: 344px) 85vw, 344px\" \/><\/p>\n<p>Da bekommen Sie die Donnerkeile mit diesen Edelsteinkugeln (Titelbild) auch als attraktiven Anh\u00e4nger, oder andere &#8222;verzauberte&#8220; und einmalige Souveniers aus den echten Materialien, die von der Natur und der Ostsee gegeben &#8211; und von Matzi M\u00fcller gestaltet &#8211; werden.<\/p>\n<p>Die sind nicht nur sch\u00f6n sondern es sind auch grunds\u00e4tzlich hochwertige Unikate!<\/p>\n<p>&nbsp;<\/p>\n<p><img loading=\"lazy\" decoding=\"async\" width=\"397\" height=\"532\" class=\"wp-image-316 aligncenter\" alt=\"Donnerkeil_12\" src=\"http:\/\/inselreport.eu\/wp-content\/uploads\/2016\/07\/Donnerkeil_12-224x300.jpg\" srcset=\"https:\/\/inselreport.eu\/wp-content\/uploads\/2016\/07\/Donnerkeil_12-224x300.jpg 224w, https:\/\/inselreport.eu\/wp-content\/uploads\/2016\/07\/Donnerkeil_12-768x1031.jpg 768w, https:\/\/inselreport.eu\/wp-content\/uploads\/2016\/07\/Donnerkeil_12-763x1024.jpg 763w, https:\/\/inselreport.eu\/wp-content\/uploads\/2016\/07\/Donnerkeil_12.jpg 894w\" sizes=\"auto, (max-width: 397px) 85vw, 397px\" \/><\/p>\n<p><img loading=\"lazy\" decoding=\"async\" width=\"693\" height=\"513\" class=\"alignnone wp-image-314\" alt=\"Donnerkeil_09\" src=\"http:\/\/inselreport.eu\/wp-content\/uploads\/2016\/07\/Donnerkeil_09-300x222.jpg\" srcset=\"https:\/\/inselreport.eu\/wp-content\/uploads\/2016\/07\/Donnerkeil_09-300x222.jpg 300w, https:\/\/inselreport.eu\/wp-content\/uploads\/2016\/07\/Donnerkeil_09-768x567.jpg 768w, https:\/\/inselreport.eu\/wp-content\/uploads\/2016\/07\/Donnerkeil_09-1024x756.jpg 1024w, https:\/\/inselreport.eu\/wp-content\/uploads\/2016\/07\/Donnerkeil_09.jpg 1200w\" sizes=\"auto, (max-width: 709px) 85vw, (max-width: 909px) 67vw, (max-width: 984px) 61vw, (max-width: 1362px) 45vw, 600px\" \/><\/p>\n<p><img loading=\"lazy\" decoding=\"async\" width=\"665\" height=\"401\" class=\"alignnone wp-image-313\" alt=\"Donnerkeil_08\" src=\"http:\/\/inselreport.eu\/wp-content\/uploads\/2016\/07\/Donnerkeil_08-300x181.jpg\" srcset=\"https:\/\/inselreport.eu\/wp-content\/uploads\/2016\/07\/Donnerkeil_08-300x181.jpg 300w, https:\/\/inselreport.eu\/wp-content\/uploads\/2016\/07\/Donnerkeil_08-768x462.jpg 768w, https:\/\/inselreport.eu\/wp-content\/uploads\/2016\/07\/Donnerkeil_08-1024x616.jpg 1024w, https:\/\/inselreport.eu\/wp-content\/uploads\/2016\/07\/Donnerkeil_08.jpg 1200w\" sizes=\"auto, (max-width: 709px) 85vw, (max-width: 909px) 67vw, (max-width: 984px) 61vw, (max-width: 1362px) 45vw, 600px\" \/><\/p>\n<p><img loading=\"lazy\" decoding=\"async\" width=\"481\" height=\"630\" class=\"wp-image-310 aligncenter\" alt=\"Donnerkeil_04\" src=\"http:\/\/inselreport.eu\/wp-content\/uploads\/2016\/07\/Donnerkeil_04-229x300.jpg\" srcset=\"https:\/\/inselreport.eu\/wp-content\/uploads\/2016\/07\/Donnerkeil_04-229x300.jpg 229w, https:\/\/inselreport.eu\/wp-content\/uploads\/2016\/07\/Donnerkeil_04-768x1007.jpg 768w, https:\/\/inselreport.eu\/wp-content\/uploads\/2016\/07\/Donnerkeil_04-781x1024.jpg 781w, https:\/\/inselreport.eu\/wp-content\/uploads\/2016\/07\/Donnerkeil_04.jpg 915w\" sizes=\"auto, (max-width: 481px) 85vw, 481px\" \/><br \/>\n<img loading=\"lazy\" decoding=\"async\" width=\"478\" height=\"720\" class=\"wp-image-309 aligncenter\" alt=\"Donnerkeil_03\" src=\"http:\/\/inselreport.eu\/wp-content\/uploads\/2016\/07\/Donnerkeil_03-199x300.jpg\" srcset=\"https:\/\/inselreport.eu\/wp-content\/uploads\/2016\/07\/Donnerkeil_03-199x300.jpg 199w, https:\/\/inselreport.eu\/wp-content\/uploads\/2016\/07\/Donnerkeil_03.jpg 332w\" sizes=\"auto, (max-width: 478px) 85vw, 478px\" \/><\/p>\n<p><strong>*Belemniten<\/strong>&nbsp;(Belemnoidea), (\u201eDonnerkeile\u201c, \u201eTeufelsfinger\u201c) sind die wichtigste Gruppe fossiler&nbsp;<a href=\"http:\/\/de.wikipedia.org\/wiki\/Kopff%C3%BC%C3%9Fer\">Kopff\u00fc\u00dfer<\/a>&nbsp;(Cephalopoda). Sie reicht vom&nbsp;<a href=\"http:\/\/de.wikipedia.org\/wiki\/Karbon\">Unterkarbon<\/a>&nbsp;(<a href=\"http:\/\/de.wikipedia.org\/wiki\/Mississippium\">Mississippium<\/a>) bis zum Ende der&nbsp;<a href=\"http:\/\/de.wikipedia.org\/wiki\/Kreide_(Geologie)\">Kreidezeit<\/a>, also von etwa 358 bis 65&nbsp;<a href=\"http:\/\/de.wikipedia.org\/wiki\/Mya_(Einheit)\">Mio. Jahren<\/a>.<\/p>\n<p>Die Belemniten \u00e4hnelten im Aussehen den heutigen&nbsp;<a href=\"http:\/\/de.wikipedia.org\/wiki\/Kalmare\">Kalmaren<\/a>, hatten 10 Fangarme und einen Tintenbeutel, besa\u00dfen jedoch keine Saugn\u00e4pfe an den Fangarmen, sondern Haken. Belemniten entwickelten sich wahrscheinlich wie die&nbsp;<a href=\"http:\/\/de.wikipedia.org\/wiki\/Ammoniten\">Ammoniten<\/a>&nbsp;aus den&nbsp;<a href=\"http:\/\/de.wikipedia.org\/wiki\/Bactriten\">Bactriten<\/a>. Sie waren im&nbsp;<a href=\"http:\/\/de.wikipedia.org\/wiki\/Mesozoikum\">Erdmittelalter<\/a>&nbsp;so weit verbreitet, dass sie heute zum Teil als&nbsp;<a href=\"http:\/\/de.wikipedia.org\/wiki\/Leitfossil\">Leitfossilien<\/a>&nbsp;verwendet werden k\u00f6nnen. Die \u201eBelemnitentiere\u201c der verschiedenen Formen glichen einander wahrscheinlich weitgehend. Belemniten lebten wahrscheinlich&nbsp;<a href=\"http:\/\/de.wikipedia.org\/wiki\/Nekton\">nektisch<\/a>&nbsp;in Schw\u00e4rmen im K\u00fcstenbereich der&nbsp;Meere nahe unter der Wasseroberfl\u00e4che. (Quelle Wikipedia)<\/p>\n<h3 style=\"text-align: center;\"><span style=\"color: #800080;\">DANKE f\u00fcr Deinen Beitrag!<\/span><\/h3>\n<p><img loading=\"lazy\" decoding=\"async\" width=\"610\" height=\"409\" class=\"alignnone wp-image-3253\" alt=\"DSC_0010-001\" src=\"http:\/\/inselreport.eu\/wp-content\/uploads\/2017\/02\/DSC_0010-001-300x201.jpg\" srcset=\"https:\/\/inselreport.eu\/wp-content\/uploads\/2017\/02\/DSC_0010-001-300x201.jpg 300w, https:\/\/inselreport.eu\/wp-content\/uploads\/2017\/02\/DSC_0010-001-768x515.jpg 768w, https:\/\/inselreport.eu\/wp-content\/uploads\/2017\/02\/DSC_0010-001.jpg 800w\" sizes=\"auto, (max-width: 709px) 85vw, (max-width: 909px) 67vw, (max-width: 984px) 61vw, (max-width: 1362px) 45vw, 600px\" \/><\/p>\n<pre><span style=\"color: #800080;\"><span style=\"color: #ff0000;\">W\u00e4hle den Betrag selbst!<\/span>\nZahlungsempf\u00e4nger:<\/span> <span style=\"color: #0000ff;\">Marius Jaster \n<strong>IBAN: DE 088 50 200 86 000 803 55 12<\/strong><strong> (BIC: HYVEDE MM 496)<\/strong> \n<\/span>Gib bitte den Namen des Artikels mit an. DANKE!<\/pre>\n<p style=\"text-align: right;\">Fotos: <span style=\"color: #ff0000;\">(C)<\/span> Marius Jaster<\/p>\n<p>&nbsp;<\/p>\n","protected":false},"excerpt":{"rendered":"<p>Immer in der Saison von April bis Ende Oktober ist Matzi M\u00fcller am Kap Arkona im&nbsp;K\u00fcnstlerhaus&nbsp; bei der Arbeit anzutreffen &#8211; direkt zwischen den Leuchtt\u00fcrmen und dem Abstieg an der&nbsp;Steilk\u00fcste. Au\u00dfer Sonntags &#8211; und wenn es nach kr\u00e4ftigen St\u00fcrmen am steinernen Strand von R\u00fcgen neue Sch\u00e4tze zu&nbsp;bergen gibt. Das sind seine Rohstoffe, aus denen er &hellip; <a href=\"https:\/\/inselreport.eu\/?p=305\" class=\"more-link\"><span class=\"screen-reader-text\">\u201eR\u00fcgens Kreidek\u00fcsten-Sch\u00e4tze in magische Kunst verzaubert\u201c<\/span> weiterlesen<\/a><\/p>\n","protected":false},"author":1,"featured_media":306,"comment_status":"open","ping_status":"open","sticky":false,"template":"","format":"standard","meta":{"om_disable_all_campaigns":false,"_exactmetrics_skip_tracking":false,"_exactmetrics_sitenote_active":false,"_exactmetrics_sitenote_note":"","_exactmetrics_sitenote_category":0,"_uf_show_specific_survey":0,"_uf_disable_surveys":false,"footnotes":""},"categories":[2,17],"tags":[12,63,62,11,118,13,64,21,40],"class_list":["post-305","post","type-post","status-publish","format-standard","has-post-thumbnail","hentry","category-insel-ruegen","category-wissenswertes","tag-bernstein","tag-donnerkeile","tag-feuersteine","tag-insel-ruegen","tag-insel-ruegen-news","tag-kap-arkona","tag-kreidekueste","tag-ostsee","tag-ostsee-news"],"aioseo_notices":[],"_links":{"self":[{"href":"https:\/\/inselreport.eu\/index.php?rest_route=\/wp\/v2\/posts\/305","targetHints":{"allow":["GET"]}}],"collection":[{"href":"https:\/\/inselreport.eu\/index.php?rest_route=\/wp\/v2\/posts"}],"about":[{"href":"https:\/\/inselreport.eu\/index.php?rest_route=\/wp\/v2\/types\/post"}],"author":[{"embeddable":true,"href":"https:\/\/inselreport.eu\/index.php?rest_route=\/wp\/v2\/users\/1"}],"replies":[{"embeddable":true,"href":"https:\/\/inselreport.eu\/index.php?rest_route=%2Fwp%2Fv2%2Fcomments&post=305"}],"version-history":[{"count":20,"href":"https:\/\/inselreport.eu\/index.php?rest_route=\/wp\/v2\/posts\/305\/revisions"}],"predecessor-version":[{"id":5149,"href":"https:\/\/inselreport.eu\/index.php?rest_route=\/wp\/v2\/posts\/305\/revisions\/5149"}],"wp:featuredmedia":[{"embeddable":true,"href":"https:\/\/inselreport.eu\/index.php?rest_route=\/wp\/v2\/media\/306"}],"wp:attachment":[{"href":"https:\/\/inselreport.eu\/index.php?rest_route=%2Fwp%2Fv2%2Fmedia&parent=305"}],"wp:term":[{"taxonomy":"category","embeddable":true,"href":"https:\/\/inselreport.eu\/index.php?rest_route=%2Fwp%2Fv2%2Fcategories&post=305"},{"taxonomy":"post_tag","embeddable":true,"href":"https:\/\/inselreport.eu\/index.php?rest_route=%2Fwp%2Fv2%2Ftags&post=305"}],"curies":[{"name":"wp","href":"https:\/\/api.w.org\/{rel}","templated":true}]}}