{"id":3575,"date":"2018-06-23T18:43:21","date_gmt":"2018-06-23T16:43:21","guid":{"rendered":"http:\/\/inselreport.eu\/?p=3575"},"modified":"2019-11-22T12:09:09","modified_gmt":"2019-11-22T11:09:09","slug":"stoerti-2018-schon-gesehen-leider-geil","status":"publish","type":"post","link":"https:\/\/inselreport.eu\/?p=3575","title":{"rendered":"St\u00f6rti 2018. Schon gesehen, leider GEIL!"},"content":{"rendered":"<p><strong><span style=\"color: #800080;\">Samstag, 23. Juni 2018, zwischen 18 und 19 Uhr: Die Menschen machen sich bereit. WM-Fu\u00dfballspiel gegen Schweden gucken &#8211; und die Anderen f\u00fcr die Premiere der neuen St\u00f6rtebeker-Saison auf R\u00fcgen. Steigende Spannung auf allen Ebenen&#8230;<\/span><\/strong><\/p>\n<figure id=\"attachment_3616\" aria-describedby=\"caption-attachment-3616\" style=\"width: 653px\" class=\"wp-caption alignnone\"><img loading=\"lazy\" decoding=\"async\" width=\"653\" height=\"774\" class=\"wp-image-3616\" alt=\"Danke!\" src=\"http:\/\/inselreport.eu\/wp-content\/uploads\/2018\/06\/Danke-253x300.jpg\" srcset=\"https:\/\/inselreport.eu\/wp-content\/uploads\/2018\/06\/Danke-253x300.jpg 253w, https:\/\/inselreport.eu\/wp-content\/uploads\/2018\/06\/Danke-768x911.jpg 768w, https:\/\/inselreport.eu\/wp-content\/uploads\/2018\/06\/Danke-863x1024.jpg 863w, https:\/\/inselreport.eu\/wp-content\/uploads\/2018\/06\/Danke.jpg 898w\" sizes=\"auto, (max-width: 709px) 85vw, (max-width: 909px) 67vw, (max-width: 984px) 61vw, (max-width: 1362px) 45vw, 600px\" \/><figcaption id=\"caption-attachment-3616\" class=\"wp-caption-text\">Ein St\u00f6rtebeker-Feuerwerk aus einer anderen Perspektive. Also direkt HINTER den Kulissen, auf der anderen Seite des Boddens aufgenommen. (Foto: Marius Jaster)<\/figcaption><\/figure>\n<p><!--more--><\/p>\n<p><span style=\"color: #800080;\">Bevor sich &#8222;St\u00f6rti&#8220; in den n\u00e4chsten Jahren&nbsp; pers\u00f6nlich <span style=\"display: inline !important; float: none; background-color: transparent; color: #800080; font-family: Merriweather,Georgia,serif; font-size: 16px; font-style: normal; font-variant: normal; font-weight: 400; letter-spacing: normal; orphans: 2; text-align: left; text-decoration: none; text-indent: 0px; text-transform: none; -webkit-text-stroke-width: 0px; white-space: normal; word-spacing: 0px;\">um die <\/span>Schweden k\u00fcmmert (heute haben die Fu\u00dfballer das ja gerade so geschafft und St\u00f6rtebeker anschlie\u00dfend ein sch\u00f6nes Feuerwerk in den Himmel gezaubert), muss er erst mal selbst ankommen.<\/span><\/p>\n<figure id=\"attachment_3589\" aria-describedby=\"caption-attachment-3589\" style=\"width: 674px\" class=\"wp-caption alignnone\"><img loading=\"lazy\" decoding=\"async\" width=\"674\" height=\"449\" class=\"wp-image-3589\" alt=\"DSC_0072\" src=\"http:\/\/inselreport.eu\/wp-content\/uploads\/2018\/06\/DSC_0072-300x200.jpg\" srcset=\"https:\/\/inselreport.eu\/wp-content\/uploads\/2018\/06\/DSC_0072-300x200.jpg 300w, https:\/\/inselreport.eu\/wp-content\/uploads\/2018\/06\/DSC_0072-768x511.jpg 768w, https:\/\/inselreport.eu\/wp-content\/uploads\/2018\/06\/DSC_0072-1024x681.jpg 1024w, https:\/\/inselreport.eu\/wp-content\/uploads\/2018\/06\/DSC_0072-1200x798.jpg 1200w, https:\/\/inselreport.eu\/wp-content\/uploads\/2018\/06\/DSC_0072.jpg 2048w\" sizes=\"auto, (max-width: 709px) 85vw, (max-width: 909px) 67vw, (max-width: 984px) 61vw, (max-width: 1362px) 45vw, 600px\" \/><figcaption id=\"caption-attachment-3589\" class=\"wp-caption-text\">Alexander Koll ist &#8222;Klaus St\u00f6rtebeker&#8220; f\u00fcr den neuen Zyklus, der bekanntlich alle 5 Jahre neu beginnt&#8230; Und lustig ist er auch. Nach der Probe kam er ins Restaurant &#8222;Zum St\u00f6rti&#8220; und ich sagte zu ihm: &#8222;Dass Du Dich ohne Dein Pferd hier rein traust&#8220;. &#8211; &#8222;Ja, ich hab auch schon \u00fcberlegt, aber die T\u00fcren sind zu niedrig&#8220;, war seine Antwort.<\/figcaption><\/figure>\n<figure id=\"attachment_3592\" aria-describedby=\"caption-attachment-3592\" style=\"width: 731px\" class=\"wp-caption alignnone\"><img loading=\"lazy\" decoding=\"async\" width=\"731\" height=\"487\" class=\"wp-image-3592\" alt=\"DSC_0107\" src=\"http:\/\/inselreport.eu\/wp-content\/uploads\/2018\/06\/DSC_0107-300x200.jpg\" srcset=\"https:\/\/inselreport.eu\/wp-content\/uploads\/2018\/06\/DSC_0107-300x200.jpg 300w, https:\/\/inselreport.eu\/wp-content\/uploads\/2018\/06\/DSC_0107-768x511.jpg 768w, https:\/\/inselreport.eu\/wp-content\/uploads\/2018\/06\/DSC_0107.jpg 800w\" sizes=\"auto, (max-width: 709px) 85vw, (max-width: 909px) 67vw, (max-width: 984px) 61vw, (max-width: 1362px) 45vw, 600px\" \/><figcaption id=\"caption-attachment-3592\" class=\"wp-caption-text\">Der &#8222;Kleene&#8220; Sachse fetzt. Am Anfang schon und immer wieder. Letztes Jahr war er bei den Proben vom Esel gefallen, hatte einen l\u00e4dierten Arm und wurde ersetzt. Dieses Jahr ist ER DA und wird sich wohl mit dem &#8211; ganz sch\u00f6n gro\u00dfen &#8211; Esel inzwischen angefreundet haben. Sieht zumindest so aus. Nur als ihn einer fragt: &#8222;Warum bist DU so klein&#8220;, kommt die prompte Antwort: &#8222;Und warum bist Du so h\u00e4sslich?&#8220; Nicht der erste und nicht der letzte Lacher dieses Abends.<\/figcaption><\/figure>\n<p>&#8222;Ruf der Freiheit&#8220; hei\u00dft das St\u00fcck, das bis 8. September t\u00e4glich (au\u00dfer Sonntags) l\u00e4uft. Egal, was das Wetter macht. Ich sag&#8217;s mal so: Die Mannschaft ist wetterfest. Das Wetter, das in diesem Freilufttheater eine Veranstaltung ausfallen lassen k\u00f6nnte, ist noch nicht erfunden.<\/p>\n<figure id=\"attachment_3590\" aria-describedby=\"caption-attachment-3590\" style=\"width: 815px\" class=\"wp-caption alignnone\"><img loading=\"lazy\" decoding=\"async\" width=\"815\" height=\"543\" class=\"wp-image-3590\" alt=\"DSC_0091\" src=\"http:\/\/inselreport.eu\/wp-content\/uploads\/2018\/06\/DSC_0091-300x200.jpg\" srcset=\"https:\/\/inselreport.eu\/wp-content\/uploads\/2018\/06\/DSC_0091-300x200.jpg 300w, https:\/\/inselreport.eu\/wp-content\/uploads\/2018\/06\/DSC_0091-768x511.jpg 768w, https:\/\/inselreport.eu\/wp-content\/uploads\/2018\/06\/DSC_0091.jpg 800w\" sizes=\"auto, (max-width: 709px) 85vw, (max-width: 909px) 67vw, (max-width: 984px) 61vw, (max-width: 1362px) 45vw, 600px\" \/><figcaption id=\"caption-attachment-3590\" class=\"wp-caption-text\">Aktion mit Mensch und Tier sind den ganzen Abend allgegenw\u00e4rtig<\/figcaption><\/figure>\n<p>Seit 26 Jahren gibt es durch Intendant Peter Hick (+ Familie + alle, die flei\u00dfig mitmachen)&nbsp; die St\u00f6rtebeker-Festspiele in Ralswiek in nie zuvor da gewesener Qualit\u00e4t. Und jedes Jahr ist etwas NEU. Nicht nur im Programm, sondern auch auf der B\u00fchne. Sie ist zu einem echten Schmuckst\u00fcck gereift &#8211; und mal sind es die Toilettenanlagen, mal die Sitzpl\u00e4tze, mal die Technik in den entsprechenden T\u00fcrmen&#8230; in diesem Jahr das Gasthaus &#8222;Zum St\u00f6rti&#8220; neu einger\u00e4umt &#8230; immer wieder etwas Neues!<\/p>\n<p>Nur der Adler scheint immer der gleiche zu sein &#8211; und jedes Jahr ein bisschen gr\u00f6\u00dfer.<\/p>\n<p><img loading=\"lazy\" decoding=\"async\" width=\"728\" height=\"485\" class=\"alignnone wp-image-3588\" alt=\"DSC_0067\" src=\"http:\/\/inselreport.eu\/wp-content\/uploads\/2018\/06\/DSC_0067-300x200.jpg\" srcset=\"https:\/\/inselreport.eu\/wp-content\/uploads\/2018\/06\/DSC_0067-300x200.jpg 300w, https:\/\/inselreport.eu\/wp-content\/uploads\/2018\/06\/DSC_0067-768x511.jpg 768w, https:\/\/inselreport.eu\/wp-content\/uploads\/2018\/06\/DSC_0067.jpg 800w\" sizes=\"auto, (max-width: 709px) 85vw, (max-width: 909px) 67vw, (max-width: 984px) 61vw, (max-width: 1362px) 45vw, 600px\" \/><\/p>\n<p>Ja, da gibt es echt s\u00fc\u00dfe Szenen! Auch andere. Die &#8222;H\u00fcbsche&#8220; mit den langen Locken st\u00fcrzt sich vom Turm, ist tot und dann doch in echt am Tisch beim Abendessen&#8230;&nbsp; Das ist schon putzig alles. Theater eben. Woher sie ihren blauen Fleck am rechten Arm hat? Tja, echte Aktion hinterl\u00e4sst Spuren.<\/p>\n<figure id=\"attachment_3597\" aria-describedby=\"caption-attachment-3597\" style=\"width: 636px\" class=\"wp-caption alignnone\"><img loading=\"lazy\" decoding=\"async\" width=\"636\" height=\"909\" class=\"wp-image-3597\" alt=\"DSC_0367\" src=\"http:\/\/inselreport.eu\/wp-content\/uploads\/2018\/06\/DSC_0367-210x300.jpg\" srcset=\"https:\/\/inselreport.eu\/wp-content\/uploads\/2018\/06\/DSC_0367-210x300.jpg 210w, https:\/\/inselreport.eu\/wp-content\/uploads\/2018\/06\/DSC_0367.jpg 560w\" sizes=\"auto, (max-width: 709px) 85vw, (max-width: 909px) 67vw, (max-width: 984px) 61vw, (max-width: 1362px) 45vw, 600px\" \/><figcaption id=\"caption-attachment-3597\" class=\"wp-caption-text\">Sina Valeska Jung ist neu im St\u00f6rtebeker-Team. Bekannt ist sie schon aus dem Fernsehen &#8211; und JA, es sieht gef\u00e4hrlich aus, aber: &#8222;Sie will doch nur spielen&#8220;. Und DAS macht sie als Selma ganz sch\u00f6n gut! Bis sie tot ist &#8211; aber zwischen tot sein und Abendbrot kann sie ja noch einmal auferstehen und in K\u00f6nigin Margaretes Rolle schl\u00fcpfen. Toll gemacht! Und au\u00dferdem gibt es ja f\u00fcr solche F\u00e4lle Stunt-Doubles<\/figcaption><\/figure>\n<p>Gut. Um was geht&#8217;s? St\u00f6rtebeker ist wieder da. Wie jeden Sommer.<\/p>\n<p><strong><span style=\"color: #0000ff;\">Hier die Kurzbeschreibung des Inhalts:<\/span><\/strong><\/p>\n<p>Die Geschichte um den legendenumwobenen Piraten Klaus St\u00f6rtebeker beginnt um 1395, in der N\u00e4he der Stadt Barth, auf dem Hof seiner Familie Alkun. Von dort ist unser Held Klaus von Alkun vor vielen Jahren in die Welt aufgebrochen, um sich zu bilden und Erfahrungen zu sammeln. Nun kommt er, mit dem auf der Wanderschaft gefundenen Freund Aydan, nach Hause zur\u00fcck.<\/p>\n<p>Klaus \ufb01ndet den Hof seiner Familie abgewirtschaftet vor, die Mutter tot und der Vater zu geschw\u00e4cht, um den Hof allein erfolgreich in die Zukunft zu f\u00fchren. Klaus will zusammen mit seiner Jugendliebe Selma, seinem Freund Aydan, dem Vater und Martha, der guten Seele der Alkuns, das Gut wieder aufbauen und zu neuem Glanz verhelfen, um dann seine gro\u00dfe Liebe, nach der er sich so gesehnt hat, endlich zu heiraten.<br \/>\nDoch in Stralsund arbeiten die Geschwister Dorothea und R\u00fcdiger von Achenbach gegen die Pl\u00e4ne von Klaus St\u00f6rtebeker. Als Kinder sind sie zusammen aufgewachsen. Dorothea war damals in Klaus verliebt, wurde jedoch von ihm abgewiesen. Ihr Bruder R\u00fcdiger hatte es schon immer auf Selma, die Braut von Klaus abgesehen. Jetzt versuchen sie aus Rache f\u00fcr die fr\u00fcheren Verletzungen, den Alkun-Hof mit seinem fruchtbaren Land und seinen wertvollen Lehmvorkommen an sich zu rei\u00dfen und Selma nach Stralsund ins Bett von R\u00fcdiger zu zwingen. Dabei schrecken sie nicht vor Intrigen, Gewalt und Mord zur\u00fcck.<\/p>\n<p>W\u00e4hrend einer festlichen Bischofsweihe in Stralsund lernt Klaus von Alkun Goedeke Michels kennen: Raufbold, Frauenheld und wohl der gef\u00e4hrlichste und k\u00fchnste Seer\u00e4uberhauptmann dieser Zeit. Ausgerechnet mit ihm ger\u00e4t Klaus in Streit, aus dem dann aber eine unzertrennliche M\u00e4nnerfreundschaft w\u00e4chst. Gemeinsam mit dem erfahrenen Krieger Aydan nehmen sie den Kampf gegen die von Achenbachs auf.<br \/>\nImmer noch ist Mecklenburg mit der D\u00e4nenk\u00f6nigin Margarete im Krieg. Der Monarchin geht es vor allem um Stockholm. F\u00fcr diese letzte mecklenburgische Bastion ist die K\u00f6nigin bereit mit dem Mecklenburger Herzog Johann in Stralsund zu verhandeln. Dabei werden beide Zeugen des blutigen Zweikampfes zwischen Klaus von Alkun und seinem Widersacher R\u00fcdiger von Achenbach. Sowohl Johann als auch K\u00f6nigin Margarete sind von Klaus beeindruckt, dass sie ihn gern in ihre Dienste nehmen wollen. Klaus` Herz schl\u00e4gt f\u00fcr Mecklenburg, aber auch das Angebot der K\u00f6nigin ist sehr verlockend. F\u00fcr wenn wird er sich entscheiden?<\/p>\n<p>Mit Goedeke an seiner Seite und einer taufrischen Mannschaft segelt er in neue Abenteuer \u2013 ab jetzt von allen genannt: Klaus St\u00f6rtebeker.<\/p>\n<p>Mehr wird nicht verraten. Au\u00dfer die Tatsache, dass es sich in diesem Jahr wirklich, also WIRKLICH lohnt!<\/p>\n<h3 style=\"text-align: center;\"><span style=\"color: #800080;\">Ticket-Hotline: 038 38 \/ 31 10 &#8211; 0<\/span><\/h3>\n<p style=\"text-align: center;\"><a href=\"http:\/\/www.stoertebeker.de\">http:\/\/www.stoertebeker.de<\/a><\/p>\n<p style=\"text-align: left;\">Und hier einfach ein paar Eindr\u00fccke des Abends. Ein Bild sagt bekanntlich mehr als 1000 Worte&#8230; aber die eigentliche Ansage gibt es eben NUR: Wenn Du live dabei bist!<\/p>\n<div class=\"mceTemp\">\n<figure id=\"attachment_3604\" aria-describedby=\"caption-attachment-3604\" style=\"width: 717px\" class=\"wp-caption alignnone\"><img loading=\"lazy\" decoding=\"async\" width=\"717\" height=\"478\" class=\"wp-image-3604 \" alt=\"DSC_0517\" src=\"http:\/\/inselreport.eu\/wp-content\/uploads\/2018\/06\/DSC_0517-300x200.jpg\" srcset=\"https:\/\/inselreport.eu\/wp-content\/uploads\/2018\/06\/DSC_0517-300x200.jpg 300w, https:\/\/inselreport.eu\/wp-content\/uploads\/2018\/06\/DSC_0517-768x511.jpg 768w, https:\/\/inselreport.eu\/wp-content\/uploads\/2018\/06\/DSC_0517.jpg 800w\" sizes=\"auto, (max-width: 709px) 85vw, (max-width: 909px) 67vw, (max-width: 984px) 61vw, (max-width: 1362px) 45vw, 600px\" \/><figcaption id=\"caption-attachment-3604\" class=\"wp-caption-text\">Wie immer hei\u00df umringt: Wolfgang Lippert, alias &#8222;Lippi&#8220; &#8211; hier nach der ersten Hauptprobe mit dem unverw\u00fcstlichen Wetter-Werner von Antenne MV<\/figcaption><\/figure>\n<p style=\"text-align: left;\"><img loading=\"lazy\" decoding=\"async\" width=\"310\" height=\"465\" class=\"wp-image-3594 alignleft\" alt=\"DSC_0276\" src=\"http:\/\/inselreport.eu\/wp-content\/uploads\/2018\/06\/DSC_0276-200x300.jpg\" srcset=\"https:\/\/inselreport.eu\/wp-content\/uploads\/2018\/06\/DSC_0276-200x300.jpg 200w, https:\/\/inselreport.eu\/wp-content\/uploads\/2018\/06\/DSC_0276.jpg 532w\" sizes=\"auto, (max-width: 310px) 85vw, 310px\" \/> Auch in diesem Sommer beeindruckt &#8222;Lippi&#8220; mit seinen Balladen das Publikum&#8230; und &#8222;Selma&#8220; hat ihre eigenen Sorgen &#8211; hier mit Papa.<\/p>\n<p style=\"text-align: left;\"><img loading=\"lazy\" decoding=\"async\" width=\"200\" height=\"300\" class=\"alignnone size-medium wp-image-3595\" alt=\"DSC_0302\" src=\"http:\/\/inselreport.eu\/wp-content\/uploads\/2018\/06\/DSC_0302-200x300.jpg\" srcset=\"https:\/\/inselreport.eu\/wp-content\/uploads\/2018\/06\/DSC_0302-200x300.jpg 200w, https:\/\/inselreport.eu\/wp-content\/uploads\/2018\/06\/DSC_0302.jpg 532w\" sizes=\"auto, (max-width: 200px) 85vw, 200px\" \/><\/p>\n<div class=\"mceTemp\">\n<figure id=\"attachment_3591\" aria-describedby=\"caption-attachment-3591\" style=\"width: 710px\" class=\"wp-caption alignnone\"><img loading=\"lazy\" decoding=\"async\" width=\"710\" height=\"473\" class=\"wp-image-3591 \" alt=\"DSC_0105\" src=\"http:\/\/inselreport.eu\/wp-content\/uploads\/2018\/06\/DSC_0105-300x200.jpg\" srcset=\"https:\/\/inselreport.eu\/wp-content\/uploads\/2018\/06\/DSC_0105-300x200.jpg 300w, https:\/\/inselreport.eu\/wp-content\/uploads\/2018\/06\/DSC_0105-768x511.jpg 768w, https:\/\/inselreport.eu\/wp-content\/uploads\/2018\/06\/DSC_0105.jpg 800w\" sizes=\"auto, (max-width: 709px) 85vw, (max-width: 909px) 67vw, (max-width: 984px) 61vw, (max-width: 1362px) 45vw, 600px\" \/><figcaption id=\"caption-attachment-3591\" class=\"wp-caption-text\">Oh wie sch\u00f6n ist der Klang von Bratpfannen auf M\u00e4nnerk\u00f6pfen. Hoffentlich schauen sich die Frauen da nicht zu viel ab.<\/figcaption><\/figure>\n<div class=\"mceTemp\">\n<figure id=\"attachment_3587\" aria-describedby=\"caption-attachment-3587\" style=\"width: 686px\" class=\"wp-caption alignnone\"><img loading=\"lazy\" decoding=\"async\" width=\"686\" height=\"457\" class=\"wp-image-3587 \" alt=\"DSC_0064-2\" src=\"http:\/\/inselreport.eu\/wp-content\/uploads\/2018\/06\/DSC_0064-2-300x200.jpg\" srcset=\"https:\/\/inselreport.eu\/wp-content\/uploads\/2018\/06\/DSC_0064-2-300x200.jpg 300w, https:\/\/inselreport.eu\/wp-content\/uploads\/2018\/06\/DSC_0064-2-768x511.jpg 768w, https:\/\/inselreport.eu\/wp-content\/uploads\/2018\/06\/DSC_0064-2.jpg 800w\" sizes=\"auto, (max-width: 709px) 85vw, (max-width: 909px) 67vw, (max-width: 984px) 61vw, (max-width: 1362px) 45vw, 600px\" \/><figcaption id=\"caption-attachment-3587\" class=\"wp-caption-text\">St\u00f6rti mit seiner Selma &#8211; ein Traumpaar<\/figcaption><\/figure>\n<p>&nbsp;<\/p>\n<p style=\"text-align: right;\">Fotos:&nbsp;<span style=\"color: #ff0000;\">\u00a9<\/span> Sabine Funke \/ Marius Jaster<\/p>\n<p>&nbsp;<\/p>\n<\/div>\n<\/div>\n<\/div>\n","protected":false},"excerpt":{"rendered":"<p>Samstag, 23. Juni 2018, zwischen 18 und 19 Uhr: Die Menschen machen sich bereit. WM-Fu\u00dfballspiel gegen Schweden gucken &#8211; und die Anderen f\u00fcr die Premiere der neuen St\u00f6rtebeker-Saison auf R\u00fcgen. Steigende Spannung auf allen Ebenen&#8230;<\/p>\n","protected":false},"author":1,"featured_media":3593,"comment_status":"open","ping_status":"open","sticky":false,"template":"","format":"standard","meta":{"om_disable_all_campaigns":false,"_exactmetrics_skip_tracking":false,"_exactmetrics_sitenote_active":false,"_exactmetrics_sitenote_note":"","_exactmetrics_sitenote_category":0,"_uf_show_specific_survey":0,"_uf_disable_surveys":false,"footnotes":""},"categories":[1],"tags":[336,118,21,335],"class_list":["post-3575","post","type-post","status-publish","format-standard","has-post-thumbnail","hentry","category-allgemein","tag-freilufttheater","tag-insel-ruegen-news","tag-ostsee","tag-stoertebeker"],"aioseo_notices":[],"_links":{"self":[{"href":"https:\/\/inselreport.eu\/index.php?rest_route=\/wp\/v2\/posts\/3575","targetHints":{"allow":["GET"]}}],"collection":[{"href":"https:\/\/inselreport.eu\/index.php?rest_route=\/wp\/v2\/posts"}],"about":[{"href":"https:\/\/inselreport.eu\/index.php?rest_route=\/wp\/v2\/types\/post"}],"author":[{"embeddable":true,"href":"https:\/\/inselreport.eu\/index.php?rest_route=\/wp\/v2\/users\/1"}],"replies":[{"embeddable":true,"href":"https:\/\/inselreport.eu\/index.php?rest_route=%2Fwp%2Fv2%2Fcomments&post=3575"}],"version-history":[{"count":21,"href":"https:\/\/inselreport.eu\/index.php?rest_route=\/wp\/v2\/posts\/3575\/revisions"}],"predecessor-version":[{"id":5075,"href":"https:\/\/inselreport.eu\/index.php?rest_route=\/wp\/v2\/posts\/3575\/revisions\/5075"}],"wp:featuredmedia":[{"embeddable":true,"href":"https:\/\/inselreport.eu\/index.php?rest_route=\/wp\/v2\/media\/3593"}],"wp:attachment":[{"href":"https:\/\/inselreport.eu\/index.php?rest_route=%2Fwp%2Fv2%2Fmedia&parent=3575"}],"wp:term":[{"taxonomy":"category","embeddable":true,"href":"https:\/\/inselreport.eu\/index.php?rest_route=%2Fwp%2Fv2%2Fcategories&post=3575"},{"taxonomy":"post_tag","embeddable":true,"href":"https:\/\/inselreport.eu\/index.php?rest_route=%2Fwp%2Fv2%2Ftags&post=3575"}],"curies":[{"name":"wp","href":"https:\/\/api.w.org\/{rel}","templated":true}]}}