{"id":3947,"date":"2018-09-07T18:19:01","date_gmt":"2018-09-07T16:19:01","guid":{"rendered":"http:\/\/inselreport.eu\/?p=3947"},"modified":"2019-11-22T11:53:57","modified_gmt":"2019-11-22T10:53:57","slug":"ruegen-stralsund-die-hansestadt-will-altefaehr-kaufen-obwohl-sie-mehr-pleite-ist-als-altefaehr-okay-an-manchen-orten-der-welt-nennt-man-es-krieg-in-deutschland-fusion","status":"publish","type":"post","link":"https:\/\/inselreport.eu\/?p=3947","title":{"rendered":"R\u00fcgen \/ Stralsund: Die Hansestadt will Altef\u00e4hr \u201ekaufen\u201c, obwohl sie mehr pleite ist als Altef\u00e4hr."},"content":{"rendered":"<p>Titelfoto: Blick von Altef\u00e4hr\/R\u00fcgen nach Stralsund&nbsp; \/ <span style=\"color: #ff0000;\">\u00a9<\/span> Marius Jaster<\/p>\n<h3><span style=\"color: #0000ff;\">Ja, es gab Zeiten, da war Altef\u00e4hr nicht die Perle schlechthin, aber das ehemalige Fischerdorf befand sich in der Mauser. Steht alles hier:<\/span><\/h3>\n<blockquote class=\"wp-embedded-content\" data-secret=\"kPwit2LYPt\"><p><a href=\"http:\/\/inselreport.eu\/?p=756\">Der Strand in Altef\u00e4hr auf R\u00fcgen macht endlich wieder Spa\u00df<\/a><\/p><\/blockquote>\n<p><iframe loading=\"lazy\" title=\"&#8222;Der Strand in Altef\u00e4hr auf R\u00fcgen macht endlich wieder Spa\u00df&#8220; &#8212; inselreport.eu\" class=\"wp-embedded-content\" sandbox=\"allow-scripts\" security=\"restricted\" style=\"position: absolute; clip: rect(1px, 1px, 1px, 1px);\" src=\"http:\/\/inselreport.eu\/?p=756&#038;embed=true#?secret=kPwit2LYPt\" data-secret=\"kPwit2LYPt\" width=\"600\" height=\"338\" frameborder=\"0\" marginwidth=\"0\" marginheight=\"0\" scrolling=\"no\"><\/iframe><\/p>\n<p>Jetzt, wo es &#8222;fertig&#8220; ist, beginnt die Schlacht ums Buffet!<\/p>\n<p><strong><span style=\"color: #800080;\">Wenn Strategen eine Strategie entwickeln, haben sie einen Plan. Der muss allerdings nicht immer sinnvoll, oder gar durchschaubar sein \u2013 au\u00dfer f\u00fcr die Ziele und Absichten der Strategen nat\u00fcrlich. Wie die geplante Fusion von Altef\u00e4hr mit Stralsund.<\/span><\/strong><!--more--><\/p>\n<p>Kennst Du ein \u201eSeebad Stralsund\u201c? Von \u201eOstseebad\u201c wollen wir gar nicht sprechen, weil die Ostsee ja woanders ist. Nur ein kleiner \u201eFluss\u201c, der Strelasund &#8211; der die Ostsee mit dem Greifswalder Bodden verbindet \u2013 liegt zwischen dem R\u00fcgener Dorf und der Hansestadt auf \u201edem Kontinent&#8220;. Aber immerhin: Der Strelasund unterscheidet zwischen Festland und Insel.<\/p>\n<p>Auf beiden Seiten des Strelasund gibt es die M\u00f6glichkeit zu baden. Im \u00f6ffentlichen Freibad in Altef\u00e4hr ebenso wie in Altef\u00e4hr am langgezogenen Strand, oder direkt an der neu gestalteten Strandpromenade. Dort gibt es sogar f\u00fcr Rollstuhlfahrer eine Rampe, die ins Wasser f\u00fchrt. Altef\u00e4hr hat viel getan, um den Status &#8222;Seebad&#8220; zu erhalten.<\/p>\n<p>Jetzt will die Hansestadt Stralsund mit dem ehemaligen Fischerdorf Altef\u00e4hr fusionieren. Oder die Politiker des Fischerdorfes mit Stralsund. So oder so ist es allerdings ein Schildb\u00fcrgerstreich! Denn: Stralsund liegt auf dem Festland und Altef\u00e4hr auf der Insel R\u00fcgen. Beide haben miteinander nichts zu tun und das Wasser ist auch dazwischen.<\/p>\n<p>Das ist so wie mit Spanien und den kanarischen Inseln. La Palma zum Beispiel ist etwa 1400 km vom spanischen Festland entfernt. Bis Marokko sind es runde 1000 km weniger! Allein die Betrachtung dieser Distanzen macht viel deutlich.<\/p>\n<p>Es gab f\u00fcr die spanischen Eroberer eben strategische Ziele und so geh\u00f6ren die Kanaren jetzt politisch zu Spanien, obwohl sie geografisch wie geologisch zu Afrika geh\u00f6ren. Schlie\u00dflich sind diese herrlichen Vulkan-Inseln&nbsp; ja auch der \u201eAfrikanischen Platte&#8220; entsprungen.<\/p>\n<p>Gut, es waren andere Zeiten, als Alonso Fernand\u00e9z de Lugo und seine Mitstreiter 1492 von K\u00f6nigin Isabelle I. von Kastilien und K\u00f6nig Ferdinand II. von Aragonien den Auftrag erhielten, La Palma zu unterwerfen.<\/p>\n<p>Heute geht das anders. Gut, es gibt Gegenden auf der Welt, wo immernoch Kampf und Krieg das Leben bestimmen, wie in Syrien, wo Assad und Putin undurchschaubare Ziele verfolgen. So weit, so nicht gut &#8211; mitunter ist es schlimmer als je zuvor. Was dann wirklich dahinter steckt, erz\u00e4hlt uns in den Nachrichten sowieso keiner.<\/p>\n<p>Auch beim Irak-Krieg gab es jede Menge Gr\u00fcnde, die sich nie best\u00e4tigt haben. H\u00e4tten dort jedoch nur 3 B\u00e4ume gestanden, statt der verborgenen Bodensch\u00e4tze, h\u00e4tte sich wohl niemand f\u00fcr den Irak interessiert.<\/p>\n<p>In Deutschland dagegen ist es einfach. Hier gibt es eine Demokratie, da ist Vieles ein bisschen durchschaubar, da k\u00f6nnen sich die Menschen auch wehren &#8211; oder es zumindest versuchen &#8211; wenn sie per Fusion vereinnahmt werden sollen. Und das tun sie dann auch. Die Einwohner von Altef\u00e4hr (zumindest ein gro\u00dfer Teil davon) hat n\u00e4mlich keine Lust, pl\u00f6tzlich nicht mehr zur Insel R\u00fcgen zu geh\u00f6ren, sondern zur Hansestadt Stralsund. Obwohl das kleine Dorf rein physisch ja sowieso auf R\u00fcgen bleibt.<\/p>\n<p>Da hilft es auch nicht viel, wenn vertraglich geregelt ist, dass sie ihr R\u00fcgener Autokennzeichen auch in Zukunft mit R\u00dcG ausstatten d\u00fcrfen. F\u00fcr die Menschen in Altef\u00e4hr w\u00fcrde sich eine Menge \u00e4ndern. Rein verwaltungstechnisch w\u00e4re also nicht mehr die Gemeinde f\u00fcr sich selbst zust\u00e4ndig, sondern eben die Stadt Stralsund. Die darf sich dann um alles k\u00fcmmern. Vom Trinkwasser \u00fcber das Abwasser bis hin zur M\u00fcllabfuhr &#8211; um die Schulkinder auch.<\/p>\n<p>Das alles allerdings \u201elie\u00dfe sich ja vertraglich mit den bisher zust\u00e4ndigen R\u00fcgener Betrieben regeln\u201c, hie\u00df es anf\u00e4nglich. Kurzum: delegieren. Rein praktisch also gilt das \u201eABBA-Prinzip\u201c: <span style=\"color: #0000ff;\">A<\/span>lles <span style=\"color: #0000ff;\">B<\/span>leibt <span style=\"color: #0000ff;\">B<\/span>eim <span style=\"color: #0000ff;\">A<\/span>lten. Und die Kinder sollen dann in die Schule nach Stralsund fahren? Diese Frage ist eine von vielen ungekl\u00e4rten Fragen. Fakt ist schon mal: Die Kinder wollen das nicht!<\/p>\n<p>Zum Landkreis Vorpommern-R\u00fcgen geh\u00f6ren beide Orte. Stralsund und Altef\u00e4hr. Aber die Dinge, die \u00f6rtlich entschieden und verwaltet werden m\u00fcssen, werden dann doch komplizierter. Einfacher wird definitiv NICHTS.<\/p>\n<p>Nur Stralsunds Oberb\u00fcrgermeister Alexander Badrow macht es sich&nbsp; einfach: &#8222;(&#8230;) Versprechen kann ich das aber nicht&#8220;, meinte er, als es u.a. darum ging, den F\u00e4hrverkehr von Altef\u00e4hr nach Stralsund kostenlos zu gestalten. Und bei den bisherigen Vertragsentw\u00fcrfen meint er lapidar: &#8222;Wenn etwas in den Vertr\u00e4gen nicht passt, wird es gestrichen oder ge\u00e4ndert&#8220;. So einfach geht das. Aber wehe, ein B\u00fcrger will mal mit der Stadt Stralsund einen Vertrag \u00e4ndern, weil er v\u00f6llig unschl\u00fcssig ist. Da zeigt Stralsund dann die Hinterhufe.<\/p>\n<p>Gut, um was geht es eigentlich? Nach der Fusion w\u00fcrde es mich nicht wundern, wenn Stralsund sich pl\u00f6tzlich &#8222;Seebad Stralsund&#8220; nennt. Nur eben, weil Altef\u00e4hr \u00fcber Jahre alles getan hat, diesen Titel zu erwerben &#8211; und pl\u00f6tzlich zu Stralsund geh\u00f6rt.<\/p>\n<p>Praktisch schlimmer &#8211; und von den Altef\u00e4hrer Gegnern der Fusion bef\u00fcrchtet &#8211; ist die Bau-Wut. Altef\u00e4hr w\u00e4chst schon durch viele neu gebaute Wohnh\u00e4user, aber auch durch jede Menge neuer Ferienh\u00e4user. Und jetzt hat das 1000-Seelendorf Angst, dass pl\u00f6tzlich 5000 Stralsunder die Vorz\u00fcge der exponenten Lage auf R\u00fcgen mit den Vorz\u00fcgen einer Hansestadt vereinbaren wollen und Altef\u00e4hr zubauen.<\/p>\n<p>Ein Gro\u00dfteil ist gegen diese Fusion. Eine f\u00fcr Ende September angedachte B\u00fcrgerbefragung wurde vorsichtshalber erst mal auf Eis gelegt. Und damit auch das ganze Projekt. Was letztlich passiert, wird die Zukunft zeigen.<\/p>\n<p>Nebenbei: Stralsund jedenfalls will alles m\u00f6gliche tun und kann es gar nicht. Mit einem Pro-Kopf-Schuldenstand von 1475,70 Euro (Gesamt: 87.210.000,- Euro) sollte man nicht shoppen gehen. Altef\u00e4hr hat nur 750.000 Euro Schulden, also zwei runde Drittel weniger pro Kopf. Und die Stadt Stralsund sollte sich erst einmal um die Liegenschaften k\u00fcmmern, die sie auf R\u00fcgen bereits besitzt. Markantestes Zeichen: Die Klosteranlage in Rambin. Dem Verfall preisgegeben, wie so viele Objekte.<\/p>\n<p style=\"text-align: right;\"><span style=\"color: #800080;\">Bleiben wir gespannt, wie sich das im Jahr 2019 entwickelt.<\/span><\/p>\n<h3>Danke f\u00fcr <span style=\"color: #0000ff;\">Deinen<\/span> ENERGIEAUSGLEICH!<\/h3>\n<h6>Zum Beispiel so:<\/h6>\n<pre><span style=\"color: #ff0000;\">\u21d2<\/span><strong> Artikel gelesen: \u20ac 2,99 \n<span style=\"color: #ff0000;\">\u21d2<\/span> Artikel gelesen und dazugelernt: \u20ac 4,99\n<span style=\"color: #ff0000;\">\u21d2<\/span> Artikel gelesen, dazugelernt und Spa\u00df gehabt: \u20ac 7,99\n\n<span style=\"color: #ff0000;\">\u21d2<\/span> Alle Artikel mit ruhigem Gewissen ein folgendes ganzes Jahr lesen: 52,- Euro <\/strong><strong>(entspricht nur<\/strong> <strong>14,25 Cent<\/strong> <strong>pro Tag, bzw. 1,- Euro pro Woche)<\/strong><strong><span style=\"color: #0000ff;\">\n\n\u21d2<\/span> <span style=\"color: #ff0000;\">\"Ich wollte das nicht lesen, hab doch nur gesurft\":&nbsp;\u20ac 18,-<\/span> <span style=\"color: #0000ff;\">!<\/span><\/strong><\/pre>\n<h6><img loading=\"lazy\" decoding=\"async\" width=\"672\" height=\"450\" class=\"alignnone wp-image-3253\" alt=\"DSC_0010-001\" src=\"http:\/\/inselreport.eu\/wp-content\/uploads\/2017\/02\/DSC_0010-001-768x515.jpg\" sizes=\"auto, (max-width: 709px) 85vw, (max-width: 909px) 67vw, (max-width: 984px) 61vw, (max-width: 1362px) 45vw, 600px\" srcset=\"https:\/\/inselreport.eu\/wp-content\/uploads\/2017\/02\/DSC_0010-001-768x515.jpg 768w, https:\/\/inselreport.eu\/wp-content\/uploads\/2017\/02\/DSC_0010-001-300x201.jpg 300w, https:\/\/inselreport.eu\/wp-content\/uploads\/2017\/02\/DSC_0010-001.jpg 800w\" \/><\/h6>\n<p><span style=\"color: #0000ff;\"><strong>Ja, nimm Dir bitte die ZEIT f\u00fcr eine \u00dcberweisung. JETZT! Ich nehme mir doch auch die Zeit f\u00fcr das alles hier\u2026<\/strong><\/span><\/p>\n<pre><strong>Zahlungsempf\u00e4nger: Marius Jaster<\/strong> \n\n<strong>IBAN: DE 088 50 200 86 000 803 55 12<\/strong><strong> (BIC: HYVEDE MM 496)<\/strong> \n\nGib bei Deiner \u00dcberweisung bitte den Namen des Artikels an. Danke!\n\nPS: Wenn Du eine Rechnung brauchst, mit ausgewiesener Mwst., schickst Du mir (vorher oder nachher) eine Mail an ostseereporter@Gmail.com DANKE, Thank you, Mucho Gracias!<\/pre>\n<p>&nbsp;<\/p>\n","protected":false},"excerpt":{"rendered":"<p>Titelfoto: Blick von Altef\u00e4hr\/R\u00fcgen nach Stralsund&nbsp; \/ \u00a9 Marius Jaster Ja, es gab Zeiten, da war Altef\u00e4hr nicht die Perle schlechthin, aber das ehemalige Fischerdorf befand sich in der Mauser. Steht alles hier: Der Strand in Altef\u00e4hr auf R\u00fcgen macht endlich wieder Spa\u00df Jetzt, wo es &#8222;fertig&#8220; ist, beginnt die Schlacht ums Buffet! Wenn Strategen &hellip; <a href=\"https:\/\/inselreport.eu\/?p=3947\" class=\"more-link\"><span class=\"screen-reader-text\">\u201eR\u00fcgen \/ Stralsund: Die Hansestadt will Altef\u00e4hr \u201ekaufen\u201c, obwohl sie mehr pleite ist als Altef\u00e4hr.\u201c<\/span> weiterlesen<\/a><\/p>\n","protected":false},"author":1,"featured_media":778,"comment_status":"open","ping_status":"open","sticky":false,"template":"","format":"standard","meta":{"om_disable_all_campaigns":false,"_exactmetrics_skip_tracking":false,"_exactmetrics_sitenote_active":false,"_exactmetrics_sitenote_note":"","_exactmetrics_sitenote_category":0,"_uf_show_specific_survey":0,"_uf_disable_surveys":false,"footnotes":""},"categories":[1],"tags":[123,373,370,118,21,372,39,68,67,371,51],"class_list":["post-3947","post","type-post","status-publish","format-standard","has-post-thumbnail","hentry","category-allgemein","tag-altefaehr","tag-assad","tag-fusion","tag-insel-ruegen-news","tag-ostsee","tag-putin","tag-ruegen","tag-stralsund","tag-strelasund","tag-syrien","tag-urlaub"],"aioseo_notices":[],"_links":{"self":[{"href":"https:\/\/inselreport.eu\/index.php?rest_route=\/wp\/v2\/posts\/3947","targetHints":{"allow":["GET"]}}],"collection":[{"href":"https:\/\/inselreport.eu\/index.php?rest_route=\/wp\/v2\/posts"}],"about":[{"href":"https:\/\/inselreport.eu\/index.php?rest_route=\/wp\/v2\/types\/post"}],"author":[{"embeddable":true,"href":"https:\/\/inselreport.eu\/index.php?rest_route=\/wp\/v2\/users\/1"}],"replies":[{"embeddable":true,"href":"https:\/\/inselreport.eu\/index.php?rest_route=%2Fwp%2Fv2%2Fcomments&post=3947"}],"version-history":[{"count":16,"href":"https:\/\/inselreport.eu\/index.php?rest_route=\/wp\/v2\/posts\/3947\/revisions"}],"predecessor-version":[{"id":5067,"href":"https:\/\/inselreport.eu\/index.php?rest_route=\/wp\/v2\/posts\/3947\/revisions\/5067"}],"wp:featuredmedia":[{"embeddable":true,"href":"https:\/\/inselreport.eu\/index.php?rest_route=\/wp\/v2\/media\/778"}],"wp:attachment":[{"href":"https:\/\/inselreport.eu\/index.php?rest_route=%2Fwp%2Fv2%2Fmedia&parent=3947"}],"wp:term":[{"taxonomy":"category","embeddable":true,"href":"https:\/\/inselreport.eu\/index.php?rest_route=%2Fwp%2Fv2%2Fcategories&post=3947"},{"taxonomy":"post_tag","embeddable":true,"href":"https:\/\/inselreport.eu\/index.php?rest_route=%2Fwp%2Fv2%2Ftags&post=3947"}],"curies":[{"name":"wp","href":"https:\/\/api.w.org\/{rel}","templated":true}]}}