{"id":406,"date":"2016-08-05T02:16:28","date_gmt":"2016-08-05T00:16:28","guid":{"rendered":"http:\/\/inselreport.eu\/?p=406"},"modified":"2019-11-22T13:33:10","modified_gmt":"2019-11-22T12:33:10","slug":"der-himmel-brennt-la-palma-auch","status":"publish","type":"post","link":"https:\/\/inselreport.eu\/?p=406","title":{"rendered":"DER HIMMEL BRENNT &#8211; LA PALMA AUCH! Das ist NICHT drollig!"},"content":{"rendered":"<p><img loading=\"lazy\" decoding=\"async\" width=\"863\" height=\"322\" class=\"alignnone wp-image-475\" alt=\"4.bild\" src=\"http:\/\/inselreport.eu\/wp-content\/uploads\/2016\/08\/4.bild_-300x112.jpg\" srcset=\"https:\/\/inselreport.eu\/wp-content\/uploads\/2016\/08\/4.bild_-300x112.jpg 300w, https:\/\/inselreport.eu\/wp-content\/uploads\/2016\/08\/4.bild_-768x286.jpg 768w, https:\/\/inselreport.eu\/wp-content\/uploads\/2016\/08\/4.bild_.jpg 993w\" sizes=\"auto, (max-width: 709px) 85vw, (max-width: 909px) 67vw, (max-width: 1362px) 62vw, 840px\" \/><\/p>\n<p>Ja, so titelt BILD online heute. Ich sage: Verurteilt ihn nicht! Er ist kein Gangster, er ist kein Brandstifter &#8211; er ist noch nicht mal einer, der seinen ganzen M\u00fcll aus dem Autofenster wirft (wie hier auf R\u00fcgen \u00fcblich, weswegen die Stra\u00dfengr\u00e4ben voll sind damit), sondern er ist einer, der &#8211; in diesem zarten jungen Alter &#8211; die Folgen nicht bedacht hat. Unaufmerksam war er. Er hat einen Fehler gemacht. Er wollte in bester Absicht sein Klopapier entsorgen. Und auch in 50 Jahren wird er noch sagen: &#8222;Das war der gr\u00f6\u00dfte Fehler meines Lebens&#8220;. Und immer noch daran leiden. Immerhin kam ein Familienvater ums Leben. Abgesehen von den Kosten. Das ist ja hier in Deutschland bei manchen Menschen das Wichtigste. Und das Einzige, an was sie denken. Er wird es anders sehen, sich Vorw\u00fcrfe machen sein Leben lang &#8211; und doch war es keine ABSICHT, kein Terrorakt&#8230; das Spiel mit dem Feuer ist in diesem Fall nur mal dumm gelaufen. Vergebt ihm!<\/p>\n<p>Ein kleines Feuerchen &#8211; f\u00fcr einen Heiratsantrag&#8230; das geht auch. Aber: Aufpassen ist eben immer wichtig. Damit es nicht so aussieht:<\/p>\n<p><img loading=\"lazy\" decoding=\"async\" width=\"700\" height=\"161\" class=\"alignnone wp-image-476\" alt=\"waldbrand-la-palma-2016-donnerstag-21.30-uhr (1)\" src=\"http:\/\/inselreport.eu\/wp-content\/uploads\/2016\/08\/waldbrand-la-palma-2016-donnerstag-21.30-uhr-1-1-300x69.jpg\" srcset=\"https:\/\/inselreport.eu\/wp-content\/uploads\/2016\/08\/waldbrand-la-palma-2016-donnerstag-21.30-uhr-1-1-300x69.jpg 300w, https:\/\/inselreport.eu\/wp-content\/uploads\/2016\/08\/waldbrand-la-palma-2016-donnerstag-21.30-uhr-1-1-768x178.jpg 768w, https:\/\/inselreport.eu\/wp-content\/uploads\/2016\/08\/waldbrand-la-palma-2016-donnerstag-21.30-uhr-1-1.jpg 800w\" sizes=\"auto, (max-width: 709px) 85vw, (max-width: 909px) 67vw, (max-width: 984px) 61vw, (max-width: 1362px) 45vw, 600px\" \/><\/p>\n<p>Was war passiert? Donnerstag, 4. August: Auf R\u00fcgen (Titelbild) brennt der Himmel mit einem vorherbstlichen Sonnenglanz. Auf La Palma brennt wegen dem Versuch, Klopapier zu verbrennen, der Wald. Angefacht zus\u00e4tzlich durch einen hei\u00dfen Calima-Wind. Der kommt aus der Sahara, schafft Temperaturen bis locker 40 Grad &#8211; Respekt vor den Feuerwehrm\u00e4nnern, die in voller Ausr\u00fcstung zum Feuer gehen. Und das in diesem Gel\u00e4nde!<\/p>\n<p>Und heute, am 7. August sind schon mehr als 4000 Hektar Wald verbrannt. &nbsp;Fast 6000 Fu\u00dfballfelder! 6 Prozent der ganzen Insel! Und es h\u00f6rt nicht auf! Beim letzten gro\u00dfen Feuer (2009) kam niemand ums Leben und es waren &#8222;nur&#8220; 2000 Hektar.<\/p>\n<p><!--more-->Und hier ist der Blick zur\u00fcck auf die letzten Tage:<\/p>\n<p>Ich glaube es noch nicht, mit was mich mein lieber Monitor gerade anspuckt. Diese&nbsp;Nachrichten aus der Tagesschau und online-Medien&nbsp;&#8230;.<\/p>\n<figure id=\"attachment_416\" aria-describedby=\"caption-attachment-416\" style=\"width: 847px\" class=\"wp-caption alignnone\"><img loading=\"lazy\" decoding=\"async\" width=\"847\" height=\"525\" class=\" wp-image-416\" alt=\"Gressliche Bilder von La Palma springen durch die Medien\" src=\"http:\/\/inselreport.eu\/wp-content\/uploads\/2016\/08\/Feuer-300x186.jpg\" srcset=\"https:\/\/inselreport.eu\/wp-content\/uploads\/2016\/08\/Feuer-300x186.jpg 300w, https:\/\/inselreport.eu\/wp-content\/uploads\/2016\/08\/Feuer-768x476.jpg 768w, https:\/\/inselreport.eu\/wp-content\/uploads\/2016\/08\/Feuer-1024x634.jpg 1024w, https:\/\/inselreport.eu\/wp-content\/uploads\/2016\/08\/Feuer.jpg 1200w\" sizes=\"auto, (max-width: 709px) 85vw, (max-width: 909px) 67vw, (max-width: 1362px) 62vw, 840px\" \/><figcaption id=\"caption-attachment-416\" class=\"wp-caption-text\">Gressliche Bilder von La Palma springen durch die Medien<\/figcaption><\/figure>\n<p>Es&nbsp;wollte also ein 27-j\u00e4hriger Deutscher in bester Absicht keine stinkenden Spuren hinterlassen und sein Klopapier verbrennen.<\/p>\n<figure id=\"attachment_425\" aria-describedby=\"caption-attachment-425\" style=\"width: 630px\" class=\"wp-caption alignnone\"><img loading=\"lazy\" decoding=\"async\" width=\"630\" height=\"376\" class=\" wp-image-425\" alt=\"Schroffe Berge und Drachenb\u00e4ume pr\u00e4gen die Insel La Palma ebenso wie gr\u00fcne W\u00e4lder, aber auch steppenartige Grasfl\u00e4chen.\" src=\"http:\/\/inselreport.eu\/wp-content\/uploads\/2016\/08\/La-Palma_02_A-300x179.jpg\" srcset=\"https:\/\/inselreport.eu\/wp-content\/uploads\/2016\/08\/La-Palma_02_A-300x179.jpg 300w, https:\/\/inselreport.eu\/wp-content\/uploads\/2016\/08\/La-Palma_02_A-768x457.jpg 768w, https:\/\/inselreport.eu\/wp-content\/uploads\/2016\/08\/La-Palma_02_A-1024x609.jpg 1024w, https:\/\/inselreport.eu\/wp-content\/uploads\/2016\/08\/La-Palma_02_A.jpg 1200w\" sizes=\"auto, (max-width: 709px) 85vw, (max-width: 909px) 67vw, (max-width: 984px) 61vw, (max-width: 1362px) 45vw, 600px\" \/><figcaption id=\"caption-attachment-425\" class=\"wp-caption-text\">Schroffe Berge und Drachenb\u00e4ume pr\u00e4gen die Insel La Palma ebenso wie gr\u00fcne W\u00e4lder, aber auch steppenartige Grasfl\u00e4chen.<\/figcaption><\/figure>\n<p>Jetzt die Frage: Was ist La Palma? Die meisten Deutschen wissen es nicht. Sie denken &#8211; wenn sie &#8222;La Palma&#8220; h\u00f6ren &#8211; automatisch an die Hauptstadt von Mallorca. Ja,&nbsp;Auf <em>Mallorca<\/em> befindet sich die <em>Hauptstadt<\/em> der Balearischen Inseln, <em>Palma de Mallorca<\/em>. Aber nicht La Palma, weil das die nordwestlichste Insel der Kanaren ist.<\/p>\n<figure id=\"attachment_422\" aria-describedby=\"caption-attachment-422\" style=\"width: 654px\" class=\"wp-caption alignnone\"><img loading=\"lazy\" decoding=\"async\" width=\"654\" height=\"451\" class=\" wp-image-422\" alt=\"Das Blut der Erde - La Palma ist ein gro\u00dfer Vulkan, mit mehreren kleinen Geschwistern - vom Wasser geformt\" src=\"http:\/\/inselreport.eu\/wp-content\/uploads\/2016\/08\/La-Palma_05A-300x207.jpg\" srcset=\"https:\/\/inselreport.eu\/wp-content\/uploads\/2016\/08\/La-Palma_05A-300x207.jpg 300w, https:\/\/inselreport.eu\/wp-content\/uploads\/2016\/08\/La-Palma_05A-768x530.jpg 768w, https:\/\/inselreport.eu\/wp-content\/uploads\/2016\/08\/La-Palma_05A-1024x707.jpg 1024w, https:\/\/inselreport.eu\/wp-content\/uploads\/2016\/08\/La-Palma_05A.jpg 1200w\" sizes=\"auto, (max-width: 709px) 85vw, (max-width: 909px) 67vw, (max-width: 984px) 61vw, (max-width: 1362px) 45vw, 600px\" \/><figcaption id=\"caption-attachment-422\" class=\"wp-caption-text\">Das Blut der Erde: La Palma ist ein gro\u00dfer Vulkan, der auch&nbsp;mehrere kleine Geschwister hat und&nbsp;vom Wasser des Atlantik abgek\u00fchlt und geformt wurde.<\/figcaption><\/figure>\n<p>Sie sieht aus wie ein Herz und ist wohl auch nichts anderes, als ein Teil des&nbsp;Herzens dieser Erde, das sie an diesem Ort ausgespuckt hat. Ein magisches Fleckchen Erde. Die drittsch\u00f6nste Insel der Welt, sagt die Unesco. Mitten im Atlantik. Hervorgerufen durch das &#8222;Blut der Erde&#8220;, also mehrere Vulkane aus 20 km Tiefe. &#8222;Ein Fleckchen Erde, das auch ganz schnell die Menschen und Touristen wieder ausspuckt, die da nicht hin passen&#8220; (Zitat Joy). Menschen also, die eigentlich nach Mallorca wollten oder sollten.<\/p>\n<figure id=\"attachment_424\" aria-describedby=\"caption-attachment-424\" style=\"width: 754px\" class=\"wp-caption alignnone\"><img loading=\"lazy\" decoding=\"async\" width=\"754\" height=\"480\" class=\" wp-image-424\" alt=\"Schroffe Felsk\u00fcsten pr\u00e4gen einen Gro\u00dfteil der Uferlandschaften auf La Palma\" src=\"http:\/\/inselreport.eu\/wp-content\/uploads\/2016\/08\/La-Palma_03_A-300x191.jpg\" srcset=\"https:\/\/inselreport.eu\/wp-content\/uploads\/2016\/08\/La-Palma_03_A-300x191.jpg 300w, https:\/\/inselreport.eu\/wp-content\/uploads\/2016\/08\/La-Palma_03_A-768x488.jpg 768w, https:\/\/inselreport.eu\/wp-content\/uploads\/2016\/08\/La-Palma_03_A-1024x650.jpg 1024w, https:\/\/inselreport.eu\/wp-content\/uploads\/2016\/08\/La-Palma_03_A.jpg 1200w\" sizes=\"auto, (max-width: 709px) 85vw, (max-width: 909px) 67vw, (max-width: 984px) 61vw, (max-width: 1362px) 45vw, 600px\" \/><figcaption id=\"caption-attachment-424\" class=\"wp-caption-text\">Schroffe Felsk\u00fcsten pr\u00e4gen einen Gro\u00dfteil der Uferlandschaften auf La Palma<\/figcaption><\/figure>\n<p>Weil: Hier ist das Leben anders! Diese Insel ist so unbekannt, dass selbst in einem Reiseb\u00fcro die M\u00f6glichkeit besteht, bei einer gew\u00fcnschten Buchung nach La Palma pl\u00f6tzlich auf Las Palmas zu landen. Das ist nun aber wieder was ganz Anderes &#8211; auch wenn ich in einer \u00dcberschrift einer gro\u00dfen Tageszeitung schon wieder lesen musste: Feuer auf Las Palmas! Egal, merkt eh keiner.<\/p>\n<p>La Palma&nbsp;ist mitunter rau &#8211; und eben nur etwas f\u00fcr Starke! (\u00dcbrigens &#8211; f\u00fcr alle, die es noch nicht wussten: Es hei\u00dft nicht MaLLorca, oder &#8222;MaLLe&#8220;, sondern MaJorca, weil zwei &#8222;L&#8220; im Spanischen als &#8222;J&#8220; gesprochen werden. Also ab nach MaJJe in Zukunft \ud83d\ude42 )<\/p>\n<figure id=\"attachment_423\" aria-describedby=\"caption-attachment-423\" style=\"width: 642px\" class=\"wp-caption alignnone\"><img loading=\"lazy\" decoding=\"async\" width=\"642\" height=\"426\" class=\" wp-image-423\" alt='La Palma ist an jeder \"Ecke\" spannend und macht Lust auf Abenteuer' src=\"http:\/\/inselreport.eu\/wp-content\/uploads\/2016\/08\/La-Palma_04_A-300x199.jpg\" srcset=\"https:\/\/inselreport.eu\/wp-content\/uploads\/2016\/08\/La-Palma_04_A-300x199.jpg 300w, https:\/\/inselreport.eu\/wp-content\/uploads\/2016\/08\/La-Palma_04_A-768x509.jpg 768w, https:\/\/inselreport.eu\/wp-content\/uploads\/2016\/08\/La-Palma_04_A-1024x679.jpg 1024w, https:\/\/inselreport.eu\/wp-content\/uploads\/2016\/08\/La-Palma_04_A.jpg 1200w\" sizes=\"auto, (max-width: 709px) 85vw, (max-width: 909px) 67vw, (max-width: 984px) 61vw, (max-width: 1362px) 45vw, 600px\" \/><figcaption id=\"caption-attachment-423\" class=\"wp-caption-text\">La Palma ist an jeder &#8222;Ecke&#8220; spannend und macht Lust auf Abenteuer<\/figcaption><\/figure>\n<p>Am 4. August 2016 also kommt die Nachricht in Deutschland an, dass La Palma brennt. Okay, nicht die ganze Insel, aber immerhin, so in der Nacht vom 4. zum 5. August, also JETZT, wo ich das schreibe, sind schon mehr als 1000 Hektar Wald verbrannt!<\/p>\n<p>Schuld ist das Klopapier! Philosophisch gefragt &#8211; also an der Frage nach der &#8222;Schuld&#8220; l\u00e4sst es sich zweifeln. Denn vielleicht war es gar nicht das Klopapier. Klar hat es einer in bester Absicht angez\u00fcndet, um es zu entsorgen. Und nur weil es ein Deutscher war &#8211; und weil es um die skurrile Nachricht geht, dass es wegen dem Klopapier kam -, ist die Nachricht in Deutschland angekommen, ansonsten w\u00fcrde es hier niemanden in der Medienlandschaft interessieren. Zumindest nicht mehr, als die Tatsache, ob beim Nachbarn der Grill noch an ist, oder schon ausgegl\u00fcht.<\/p>\n<figure id=\"attachment_426\" aria-describedby=\"caption-attachment-426\" style=\"width: 735px\" class=\"wp-caption alignnone\"><img loading=\"lazy\" decoding=\"async\" width=\"735\" height=\"380\" class=\" wp-image-426\" alt=\"La Palma - Berge bis in die Wolken, rings herum stahlblaues Wasse. Eine Insel f\u00fcr Individualtouristen.\" src=\"http:\/\/inselreport.eu\/wp-content\/uploads\/2016\/08\/La-Palma_01_A-300x155.jpg\" srcset=\"https:\/\/inselreport.eu\/wp-content\/uploads\/2016\/08\/La-Palma_01_A-300x155.jpg 300w, https:\/\/inselreport.eu\/wp-content\/uploads\/2016\/08\/La-Palma_01_A-768x396.jpg 768w, https:\/\/inselreport.eu\/wp-content\/uploads\/2016\/08\/La-Palma_01_A.jpg 1200w\" sizes=\"auto, (max-width: 709px) 85vw, (max-width: 909px) 67vw, (max-width: 984px) 61vw, (max-width: 1362px) 45vw, 600px\" \/><figcaption id=\"caption-attachment-426\" class=\"wp-caption-text\">La Palma &#8211; Berge bis in die Wolken, rings herum stahlblaues Wasser. Eine Insel f\u00fcr Individualtouristen.<\/figcaption><\/figure>\n<p>Vielleicht ist die Ursache&nbsp;aber auch die Tatsache, dass auf La Palma das Klopapier nicht ins Klo darf, sondern in einen Eimer geh\u00f6rt. Das kann kompostiert werden oder in den M\u00fcll &#8211; einfach weil die Kanalisation daf\u00fcr nicht ausgelegt ist. Der H\u00f6hlenbewohner hatte vielleicht auch gar keine Kanalisation. Also ist letztlich die Ern\u00e4hrung des Menschen &#8222;schuld&#8220;. Denn wer sich ganz richtig ern\u00e4hrt, braucht gar kein Klopapier. Und keine Klob\u00fcrste. Da liegt das W\u00fcrstchen im Klo wie eine in Plastik geschwei\u00dfte Wiener, stinkt nicht sonderartig und flutscht weg&#8230; und alles ist gut. Und vorher kommt es mit der gleichen Reinheit aus dem K\u00f6rper heraus&#8230; Und schon brauchste kein Klopapier verbrennen&#8230;<\/p>\n<p>Gut, mit der Philosophie will ich es lassen und mit der Ern\u00e4hrung an dieser Stelle auch &#8211; das ist ein anderes Thema. Wer allerdings schon zu Hause mit seinem Hintern explosionsartig das ganze Klo &#8222;voll spuckt&#8220;, der sollte sich gar nicht erst in den Flieger setzen&#8230;. Sonst gibt es auf La Palma den ber\u00fchmten &#8222;Fremd-sch\u00e4m-Effekt&#8220; f\u00fcr den N\u00e4chsten beim Blick in den Klopapiereimer.<\/p>\n<p>Fakt ist: Der Wald brennt. Die Insel ist in etwa so gro\u00df wie die Insel R\u00fcgen. Ohne Boddengew\u00e4sser mittendrin allerdings. Einwohner gibt es ein klein wenig mehr. Aber wo sollen die hin, wenn pl\u00f6tzlich alles brennt? Feuer zieht nach oben. Ganz oben ist dann der Vulkankrater &#8222;Caldera Taburiente&#8220; und eine einzigartige&nbsp;Sternwarte in 2500 Metern H\u00f6he und damit meist \u00fcber den Wolken &#8211; und ganz unten ist das Wasser. Sch\u00f6n warm, aber sautief und extrem weit weg vom Festland oder anderen Inseln. Da ist nix mit &#8222;mal schnell \u00fcber die R\u00fcgenbr\u00fccke und Tsch\u00fcs&#8220;.<\/p>\n<p>Die herzf\u00f6rmige Insel hat auch mein Herz erobert. Schon lange. Und auf ihr&nbsp;schl\u00e4gt noch ein ganz anderes, besonders geliebtes Herz &#8211; mit einer ganz besonderen Seele. Wahrscheinlich kann sie die Flammen bei&nbsp;Jedey, im S\u00fcdwesten der Insel sehen, den Rauch riechen und schmecken. Sie ist ja nur 5 oder vielleicht 7 km weg. Das macht mir Angst, hier in Deutschland, 5000 km entfernt. Ich hoffe und glaube, sie hat keine Angst. Joy ist stark und mutig.<\/p>\n<p>Die Menschen trauern bereits um einen&nbsp;Waldarbeiter, der &nbsp;bei L\u00f6schversuchen&nbsp;ums Leben kam. Er hinterl\u00e4sst seine Frau und 5 Kinder!<\/p>\n<p>Ich w\u00fcnsche mir trotzdem weiterhin starke und mutige Feuerwehrm\u00e4nner bei der Rettung von&nbsp;jedem Baum. Die sind sooo sch\u00f6n &#8211; und der Rest auch! Immer raschelt es im Gras. Erst wenn Du Dich nicht mehr bewegst, dann zeigen sich die neugieren Eidechsen&#8230; Und die Geckos an der Wand &#8211; mal einer wo Du schl\u00e4fst, meil einer im Bad, so wie in Deutschland die Spinnen. Aber Geckos sind niedlich. Und Du begegnest auf La Palma einer M\u00fccke so oft wie in Deutschland einer giftigen Schlange. La Palma ist eben eine Trauminsel. Nicht umsonst hat die Unesco im Jahr 2002 die gesamte Insel zum Biosp\u00e4renreservat erkl\u00e4rt.<\/p>\n<figure id=\"attachment_419\" aria-describedby=\"caption-attachment-419\" style=\"width: 674px\" class=\"wp-caption alignnone\"><img loading=\"lazy\" decoding=\"async\" width=\"674\" height=\"438\" class=\" wp-image-419\" alt=\"In dieser trocken-kargen Landschaft La Palmas ist besondere Vorsicht mit Feuer, Zigarettenkippen und anderen Z\u00fcndquellen geboten.\" src=\"http:\/\/inselreport.eu\/wp-content\/uploads\/2016\/08\/La-Palma_09_A-300x195.jpg\" srcset=\"https:\/\/inselreport.eu\/wp-content\/uploads\/2016\/08\/La-Palma_09_A-300x195.jpg 300w, https:\/\/inselreport.eu\/wp-content\/uploads\/2016\/08\/La-Palma_09_A-768x500.jpg 768w, https:\/\/inselreport.eu\/wp-content\/uploads\/2016\/08\/La-Palma_09_A-1024x666.jpg 1024w, https:\/\/inselreport.eu\/wp-content\/uploads\/2016\/08\/La-Palma_09_A.jpg 1200w\" sizes=\"auto, (max-width: 709px) 85vw, (max-width: 909px) 67vw, (max-width: 984px) 61vw, (max-width: 1362px) 45vw, 600px\" \/><figcaption id=\"caption-attachment-419\" class=\"wp-caption-text\">In dieser trocken-kargen Landschaft La Palmas ist besondere Vorsicht mit Feuer, Zigarettenkippen und anderen Z\u00fcndquellen geboten.<\/figcaption><\/figure>\n<p>\u00dcbrigens: Fall Du es noch nicht wei\u00dft: Offenes Feuer auf La Palma ist direkt verboten. Auf allen Campingpl\u00e4tzen sowieso, &nbsp;und weil die trockenen Kiefernadeln auf dem Boden, ebenso wie trockenes Gras, die Waldbrandgefahr erheblich erh\u00f6hen, ist von Mai bis September \u00dcBERALL in der Natur offenes Feuer verboten!<\/p>\n<p>Auch Zigarettenkippen, Glasscherben (Brennglaseffekt) und sonstiger M\u00fcll birgt gro\u00dfe Gefahren! Erh\u00f6hte Aufmerksamkeit bitte! Ich hab meine Zigaretten auf einem Stein ausgedr\u00fcckt, bis sie definitiv keine Glut mehr hatten &#8211; und dann noch drauf gespuckt&#8230; pinkeln geht ja auch.<\/p>\n<figure id=\"attachment_421\" aria-describedby=\"caption-attachment-421\" style=\"width: 858px\" class=\"wp-caption alignnone\"><img loading=\"lazy\" decoding=\"async\" width=\"858\" height=\"475\" class=\" wp-image-421\" alt=\"Auf La Palma gibt es atemberaubende Wohnm\u00f6glichkeiten, aber auch trockenes Land. Brennt es, dann brennt es.\" src=\"http:\/\/inselreport.eu\/wp-content\/uploads\/2016\/08\/La-Palma_06_A-300x166.jpg\" srcset=\"https:\/\/inselreport.eu\/wp-content\/uploads\/2016\/08\/La-Palma_06_A-300x166.jpg 300w, https:\/\/inselreport.eu\/wp-content\/uploads\/2016\/08\/La-Palma_06_A-768x425.jpg 768w, https:\/\/inselreport.eu\/wp-content\/uploads\/2016\/08\/La-Palma_06_A-1024x567.jpg 1024w, https:\/\/inselreport.eu\/wp-content\/uploads\/2016\/08\/La-Palma_06_A.jpg 1200w\" sizes=\"auto, (max-width: 709px) 85vw, (max-width: 909px) 67vw, (max-width: 1362px) 62vw, 840px\" \/><figcaption id=\"caption-attachment-421\" class=\"wp-caption-text\">Auf La Palma gibt es atemberaubende Wohnm\u00f6glichkeiten, aber auch trockenes Land. Brennt es, dann brennt es.<\/figcaption><\/figure>\n<p>Traurig: Noch heute sind die Sch\u00e4den in den W\u00e4ldern im S\u00fcden aus dem Sommer 2009 deutlich zu sehen. Dieses Feuer brach in der Nacht vom 31. Juli auf den 1. August bei Tigalate (Ostk\u00fcste) aus. Es war einer der gr\u00f6\u00dften Br\u00e4nde in der Geschichte La Palmas. Angeheizt vom Calima (ein gl\u00fchend hei\u00dfer W\u00fcstensturm aus der Sahara, der schon lange die Insel ausgetrocknet hatte), raste die Feuerwalze hin nach S\u00fcden und hinauf zum Cumbre &#8211; und verursachte durch Funkenflug st\u00e4ndig neue Brandherde. 2000 Hektar fielen dem Feuer zum Opfer.<\/p>\n<figure id=\"attachment_420\" aria-describedby=\"caption-attachment-420\" style=\"width: 701px\" class=\"wp-caption alignnone\"><img loading=\"lazy\" decoding=\"async\" width=\"701\" height=\"383\" class=\" wp-image-420\" alt=\"Grandiose, bezaubernde Gestaltungen durch die Natur pr\u00e4gen La Palmas Landschaftsbild - aber auch im Brandfall schwere Zug\u00e4nglichkeit f\u00fcr L\u00f6schtrupps\" src=\"http:\/\/inselreport.eu\/wp-content\/uploads\/2016\/08\/La-Palma_08_A-300x164.jpg\" srcset=\"https:\/\/inselreport.eu\/wp-content\/uploads\/2016\/08\/La-Palma_08_A-300x164.jpg 300w, https:\/\/inselreport.eu\/wp-content\/uploads\/2016\/08\/La-Palma_08_A-768x420.jpg 768w, https:\/\/inselreport.eu\/wp-content\/uploads\/2016\/08\/La-Palma_08_A-1024x560.jpg 1024w, https:\/\/inselreport.eu\/wp-content\/uploads\/2016\/08\/La-Palma_08_A.jpg 1200w\" sizes=\"auto, (max-width: 709px) 85vw, (max-width: 909px) 67vw, (max-width: 984px) 61vw, (max-width: 1362px) 45vw, 600px\" \/><figcaption id=\"caption-attachment-420\" class=\"wp-caption-text\">Grandiose, bezaubernde Gestaltungen durch die Natur pr\u00e4gen La Palmas Landschaftsbild &#8211; aber auch im Brandfall schwere Zug\u00e4nglichkeit f\u00fcr L\u00f6schtrupps<\/figcaption><\/figure>\n<p>JETZT GERADE SCHIEBT SICH EINE 2 KM breite Feuerwalze durchs Land und es sind schon wieder 1000 Hektar verbrannt. 700 Menschen wurden evakuiert. Der tote Forstarbeiter ist eine besondere Trag\u00f6die, denn 2009 kamen wenigstens keine Menschen ums Leben.<\/p>\n<p>An dieser Stelle herzlichen Dank an meine Kollegen bei:<\/p>\n<p><a href=\"http:\/\/www.la-palma24.info\">http:\/\/www.la-palma24.info<\/a><\/p>\n<p>dass ich folgende&nbsp;Fotos verwenden darf. Wer sich f\u00fcr La Palma interessiert, findet da ja auch so fast Alles, was er braucht \ud83d\ude42<\/p>\n<p><img loading=\"lazy\" decoding=\"async\" width=\"1250\" height=\"425\" class=\"alignnone wp-image-456\" alt=\"waldbrand-la-palma-2016-wasserfassen-helis-dos-pinos\" src=\"http:\/\/inselreport.eu\/wp-content\/uploads\/2016\/08\/waldbrand-la-palma-2016-wasserfassen-helis-dos-pinos-1-300x102.jpg\" srcset=\"https:\/\/inselreport.eu\/wp-content\/uploads\/2016\/08\/waldbrand-la-palma-2016-wasserfassen-helis-dos-pinos-1-300x102.jpg 300w, https:\/\/inselreport.eu\/wp-content\/uploads\/2016\/08\/waldbrand-la-palma-2016-wasserfassen-helis-dos-pinos-1.jpg 751w\" sizes=\"auto, (max-width: 709px) 85vw, (max-width: 909px) 67vw, (max-width: 1362px) 62vw, 840px\" \/><img loading=\"lazy\" decoding=\"async\" width=\"704\" height=\"469\" class=\" wp-image-457 alignleft\" alt=\"Waldbrand-la-palma-donnerstag-18-uhr\" src=\"http:\/\/inselreport.eu\/wp-content\/uploads\/2016\/08\/Waldbrand-la-palma-donnerstag-18-uhr-1-300x200.jpg\" srcset=\"https:\/\/inselreport.eu\/wp-content\/uploads\/2016\/08\/Waldbrand-la-palma-donnerstag-18-uhr-1-300x200.jpg 300w, https:\/\/inselreport.eu\/wp-content\/uploads\/2016\/08\/Waldbrand-la-palma-donnerstag-18-uhr-1-768x512.jpg 768w, https:\/\/inselreport.eu\/wp-content\/uploads\/2016\/08\/Waldbrand-la-palma-donnerstag-18-uhr-1.jpg 800w\" sizes=\"auto, (max-width: 709px) 85vw, (max-width: 909px) 67vw, (max-width: 984px) 61vw, (max-width: 1362px) 45vw, 600px\" \/><img loading=\"lazy\" decoding=\"async\" width=\"655\" height=\"367\" class=\" wp-image-458 alignleft\" alt=\"waldbrand-la-palma-donnerstag-inselpraesident-kontrollpunkt\" src=\"http:\/\/inselreport.eu\/wp-content\/uploads\/2016\/08\/waldbrand-la-palma-donnerstag-inselpraesident-kontrollpunkt-1-300x168.jpg\" srcset=\"https:\/\/inselreport.eu\/wp-content\/uploads\/2016\/08\/waldbrand-la-palma-donnerstag-inselpraesident-kontrollpunkt-1-300x168.jpg 300w, https:\/\/inselreport.eu\/wp-content\/uploads\/2016\/08\/waldbrand-la-palma-donnerstag-inselpraesident-kontrollpunkt-1-768x430.jpg 768w, https:\/\/inselreport.eu\/wp-content\/uploads\/2016\/08\/waldbrand-la-palma-donnerstag-inselpraesident-kontrollpunkt-1.jpg 800w\" sizes=\"auto, (max-width: 709px) 85vw, (max-width: 909px) 67vw, (max-width: 984px) 61vw, (max-width: 1362px) 45vw, 600px\" \/><img loading=\"lazy\" decoding=\"async\" width=\"635\" height=\"423\" class=\" wp-image-470 alignleft\" alt=\"waldbrand-la-palma-7-uhr-donnerstag-300x200\" src=\"http:\/\/inselreport.eu\/wp-content\/uploads\/2016\/08\/waldbrand-la-palma-7-uhr-donnerstag-300x200-2-300x200.jpg\"><img loading=\"lazy\" decoding=\"async\" width=\"650\" height=\"433\" class=\"alignnone wp-image-467\" alt=\"palmex-cactus-garden-foto-3.8.2016-waldbrand-la-palma\" src=\"http:\/\/inselreport.eu\/wp-content\/uploads\/2016\/08\/palmex-cactus-garden-foto-3.8.2016-waldbrand-la-palma-1-300x200.jpg\" srcset=\"https:\/\/inselreport.eu\/wp-content\/uploads\/2016\/08\/palmex-cactus-garden-foto-3.8.2016-waldbrand-la-palma-1-300x200.jpg 300w, https:\/\/inselreport.eu\/wp-content\/uploads\/2016\/08\/palmex-cactus-garden-foto-3.8.2016-waldbrand-la-palma-1-768x512.jpg 768w, https:\/\/inselreport.eu\/wp-content\/uploads\/2016\/08\/palmex-cactus-garden-foto-3.8.2016-waldbrand-la-palma-1.jpg 800w\" sizes=\"auto, (max-width: 709px) 85vw, (max-width: 909px) 67vw, (max-width: 984px) 61vw, (max-width: 1362px) 45vw, 600px\" \/><img loading=\"lazy\" decoding=\"async\" width=\"670\" height=\"295\" class=\"alignnone wp-image-466\" alt=\"miki-blick-waldbrand-4-8-2016-von-la-laguna\" src=\"http:\/\/inselreport.eu\/wp-content\/uploads\/2016\/08\/miki-blick-waldbrand-4-8-2016-von-la-laguna-1-300x132.jpg\" srcset=\"https:\/\/inselreport.eu\/wp-content\/uploads\/2016\/08\/miki-blick-waldbrand-4-8-2016-von-la-laguna-1-300x132.jpg 300w, https:\/\/inselreport.eu\/wp-content\/uploads\/2016\/08\/miki-blick-waldbrand-4-8-2016-von-la-laguna-1-768x338.jpg 768w, https:\/\/inselreport.eu\/wp-content\/uploads\/2016\/08\/miki-blick-waldbrand-4-8-2016-von-la-laguna-1.jpg 800w\" sizes=\"auto, (max-width: 709px) 85vw, (max-width: 909px) 67vw, (max-width: 984px) 61vw, (max-width: 1362px) 45vw, 600px\" \/><img loading=\"lazy\" decoding=\"async\" width=\"673\" height=\"202\" class=\"alignnone wp-image-465\" alt=\"la-palma-waldbrand-20.15-uhr-donnerstag\" src=\"http:\/\/inselreport.eu\/wp-content\/uploads\/2016\/08\/la-palma-waldbrand-20.15-uhr-donnerstag-1-300x90.jpg\" srcset=\"https:\/\/inselreport.eu\/wp-content\/uploads\/2016\/08\/la-palma-waldbrand-20.15-uhr-donnerstag-1-300x90.jpg 300w, https:\/\/inselreport.eu\/wp-content\/uploads\/2016\/08\/la-palma-waldbrand-20.15-uhr-donnerstag-1-768x231.jpg 768w, https:\/\/inselreport.eu\/wp-content\/uploads\/2016\/08\/la-palma-waldbrand-20.15-uhr-donnerstag-1.jpg 800w\" sizes=\"auto, (max-width: 709px) 85vw, (max-width: 909px) 67vw, (max-width: 984px) 61vw, (max-width: 1362px) 45vw, 600px\" \/><img loading=\"lazy\" decoding=\"async\" width=\"848\" height=\"565\" class=\" wp-image-460 alignleft\" alt=\"brand-7-uhr-el-paso\" src=\"http:\/\/inselreport.eu\/wp-content\/uploads\/2016\/08\/brand-7-uhr-el-paso-2-300x200.jpg\" srcset=\"https:\/\/inselreport.eu\/wp-content\/uploads\/2016\/08\/brand-7-uhr-el-paso-2-300x200.jpg 300w, https:\/\/inselreport.eu\/wp-content\/uploads\/2016\/08\/brand-7-uhr-el-paso-2-768x512.jpg 768w, https:\/\/inselreport.eu\/wp-content\/uploads\/2016\/08\/brand-7-uhr-el-paso-2.jpg 800w\" sizes=\"auto, (max-width: 709px) 85vw, (max-width: 909px) 67vw, (max-width: 1362px) 62vw, 840px\" \/><img loading=\"lazy\" decoding=\"async\" width=\"770\" height=\"513\" class=\" wp-image-471 alignleft\" alt=\"palmex-cactus-garden-foto-3.8.2016-waldbrand-la-palma\" src=\"http:\/\/inselreport.eu\/wp-content\/uploads\/2016\/08\/palmex-cactus-garden-foto-3.8.2016-waldbrand-la-palma-2-300x200.jpg\" srcset=\"https:\/\/inselreport.eu\/wp-content\/uploads\/2016\/08\/palmex-cactus-garden-foto-3.8.2016-waldbrand-la-palma-2-300x200.jpg 300w, https:\/\/inselreport.eu\/wp-content\/uploads\/2016\/08\/palmex-cactus-garden-foto-3.8.2016-waldbrand-la-palma-2-768x512.jpg 768w, https:\/\/inselreport.eu\/wp-content\/uploads\/2016\/08\/palmex-cactus-garden-foto-3.8.2016-waldbrand-la-palma-2.jpg 800w\" sizes=\"auto, (max-width: 709px) 85vw, (max-width: 909px) 67vw, (max-width: 984px) 61vw, (max-width: 1362px) 45vw, 600px\" \/><\/p>\n<p><img loading=\"lazy\" decoding=\"async\" width=\"641\" height=\"282\" class=\"alignnone wp-image-437\" alt=\"miki-blick-waldbrand-4-8-2016-von-la-laguna\" src=\"http:\/\/inselreport.eu\/wp-content\/uploads\/2016\/08\/miki-blick-waldbrand-4-8-2016-von-la-laguna-300x132.jpg\" srcset=\"https:\/\/inselreport.eu\/wp-content\/uploads\/2016\/08\/miki-blick-waldbrand-4-8-2016-von-la-laguna-300x132.jpg 300w, https:\/\/inselreport.eu\/wp-content\/uploads\/2016\/08\/miki-blick-waldbrand-4-8-2016-von-la-laguna-768x338.jpg 768w, https:\/\/inselreport.eu\/wp-content\/uploads\/2016\/08\/miki-blick-waldbrand-4-8-2016-von-la-laguna.jpg 800w\" sizes=\"auto, (max-width: 709px) 85vw, (max-width: 909px) 67vw, (max-width: 984px) 61vw, (max-width: 1362px) 45vw, 600px\" \/><\/p>\n<p style=\"text-align: right;\">Fotos:&nbsp;<span style=\"color: #ff0000;\">\u00a9<\/span> Marius Jaster <span style=\"color: #ff0000;\">PLUS<\/span> Mit gro\u00dfem Dank an meine Palmerischen Kollegen von: <span style=\"color: #ff0000;\">La Palma24.de<\/span><\/p>\n<h3 style=\"text-align: center;\"><span style=\"color: #800080;\">DANKE f\u00fcr Deinen Beitrag!<\/span><\/h3>\n<p><img loading=\"lazy\" decoding=\"async\" width=\"610\" height=\"409\" class=\"alignnone wp-image-3253\" alt=\"DSC_0010-001\" src=\"http:\/\/inselreport.eu\/wp-content\/uploads\/2017\/02\/DSC_0010-001-300x201.jpg\" srcset=\"https:\/\/inselreport.eu\/wp-content\/uploads\/2017\/02\/DSC_0010-001-300x201.jpg 300w, https:\/\/inselreport.eu\/wp-content\/uploads\/2017\/02\/DSC_0010-001-768x515.jpg 768w, https:\/\/inselreport.eu\/wp-content\/uploads\/2017\/02\/DSC_0010-001.jpg 800w\" sizes=\"auto, (max-width: 709px) 85vw, (max-width: 909px) 67vw, (max-width: 984px) 61vw, (max-width: 1362px) 45vw, 600px\" \/><\/p>\n<pre><span style=\"color: #800080;\"><span style=\"color: #ff0000;\">W\u00e4hle den Betrag selbst!<\/span>\nZahlungsempf\u00e4nger:<\/span> <span style=\"color: #0000ff;\">Marius Jaster \n<strong>IBAN: DE 088 50 200 86 000 803 55 12<\/strong><strong> (BIC: HYVEDE MM 496)<\/strong> \n<\/span>Gib bitte den Namen des Artikels mit an. DANKE!<\/pre>\n<p style=\"text-align: left;\">Ein halbes Jahr sp\u00e4ter:<\/p>\n<blockquote class=\"wp-embedded-content\" data-secret=\"mTs3CqV2r1\"><p><a href=\"http:\/\/inselreport.eu\/?p=1216\">La Palma: Ein Wunder jagt das N\u00e4chste, so wie der W\u00fcstenwind das Feuer durch die W\u00e4lder.<\/a><\/p><\/blockquote>\n<p><iframe loading=\"lazy\" title=\"&#8222;La Palma: Ein Wunder jagt das N\u00e4chste, so wie der W\u00fcstenwind das Feuer durch die W\u00e4lder.&#8220; &#8212; inselreport.eu\" class=\"wp-embedded-content\" sandbox=\"allow-scripts\" security=\"restricted\" style=\"position: absolute; clip: rect(1px, 1px, 1px, 1px);\" src=\"http:\/\/inselreport.eu\/?p=1216&#038;embed=true#?secret=mTs3CqV2r1\" data-secret=\"mTs3CqV2r1\" width=\"600\" height=\"338\" frameborder=\"0\" marginwidth=\"0\" marginheight=\"0\" scrolling=\"no\"><\/iframe><\/p>\n<p>Und auch interessant:<\/p>\n<blockquote class=\"wp-embedded-content\" data-secret=\"5eplJvSqec\"><p><a href=\"http:\/\/inselreport.eu\/?p=1140\">Wenn Du das Trinkwasser von La Palma mit Deutschland vergleichst, staunste nicht schlecht<\/a><\/p><\/blockquote>\n<p><iframe loading=\"lazy\" title=\"&#8222;Wenn Du das Trinkwasser von La Palma mit Deutschland vergleichst, staunste nicht schlecht&#8220; &#8212; inselreport.eu\" class=\"wp-embedded-content\" sandbox=\"allow-scripts\" security=\"restricted\" style=\"position: absolute; clip: rect(1px, 1px, 1px, 1px);\" src=\"http:\/\/inselreport.eu\/?p=1140&#038;embed=true#?secret=5eplJvSqec\" data-secret=\"5eplJvSqec\" width=\"600\" height=\"338\" frameborder=\"0\" marginwidth=\"0\" marginheight=\"0\" scrolling=\"no\"><\/iframe><\/p>\n","protected":false},"excerpt":{"rendered":"<p>Ja, so titelt BILD online heute. Ich sage: Verurteilt ihn nicht! Er ist kein Gangster, er ist kein Brandstifter &#8211; er ist noch nicht mal einer, der seinen ganzen M\u00fcll aus dem Autofenster wirft (wie hier auf R\u00fcgen \u00fcblich, weswegen die Stra\u00dfengr\u00e4ben voll sind damit), sondern er ist einer, der &#8211; in diesem zarten jungen &hellip; <a href=\"https:\/\/inselreport.eu\/?p=406\" class=\"more-link\"><span class=\"screen-reader-text\">\u201eDER HIMMEL BRENNT &#8211; LA PALMA AUCH! Das ist NICHT drollig!\u201c<\/span> weiterlesen<\/a><\/p>\n","protected":false},"author":1,"featured_media":415,"comment_status":"open","ping_status":"open","sticky":false,"template":"","format":"standard","meta":{"om_disable_all_campaigns":false,"_exactmetrics_skip_tracking":false,"_exactmetrics_sitenote_active":false,"_exactmetrics_sitenote_note":"","_exactmetrics_sitenote_category":0,"_uf_show_specific_survey":0,"_uf_disable_surveys":false,"footnotes":""},"categories":[9,10],"tags":[87,82,86,61,88,39,50,81],"class_list":["post-406","post","type-post","status-publish","format-standard","has-post-thumbnail","hentry","category-kanarische-inseln","category-la-palma","tag-atlantik","tag-insel-news","tag-kanaren","tag-la-palma","tag-mallorca","tag-ruegen","tag-ruegenbruecke","tag-waldbrand-la-palma"],"aioseo_notices":[],"_links":{"self":[{"href":"https:\/\/inselreport.eu\/index.php?rest_route=\/wp\/v2\/posts\/406","targetHints":{"allow":["GET"]}}],"collection":[{"href":"https:\/\/inselreport.eu\/index.php?rest_route=\/wp\/v2\/posts"}],"about":[{"href":"https:\/\/inselreport.eu\/index.php?rest_route=\/wp\/v2\/types\/post"}],"author":[{"embeddable":true,"href":"https:\/\/inselreport.eu\/index.php?rest_route=\/wp\/v2\/users\/1"}],"replies":[{"embeddable":true,"href":"https:\/\/inselreport.eu\/index.php?rest_route=%2Fwp%2Fv2%2Fcomments&post=406"}],"version-history":[{"count":33,"href":"https:\/\/inselreport.eu\/index.php?rest_route=\/wp\/v2\/posts\/406\/revisions"}],"predecessor-version":[{"id":5143,"href":"https:\/\/inselreport.eu\/index.php?rest_route=\/wp\/v2\/posts\/406\/revisions\/5143"}],"wp:featuredmedia":[{"embeddable":true,"href":"https:\/\/inselreport.eu\/index.php?rest_route=\/wp\/v2\/media\/415"}],"wp:attachment":[{"href":"https:\/\/inselreport.eu\/index.php?rest_route=%2Fwp%2Fv2%2Fmedia&parent=406"}],"wp:term":[{"taxonomy":"category","embeddable":true,"href":"https:\/\/inselreport.eu\/index.php?rest_route=%2Fwp%2Fv2%2Fcategories&post=406"},{"taxonomy":"post_tag","embeddable":true,"href":"https:\/\/inselreport.eu\/index.php?rest_route=%2Fwp%2Fv2%2Ftags&post=406"}],"curies":[{"name":"wp","href":"https:\/\/api.w.org\/{rel}","templated":true}]}}