{"id":4283,"date":"2019-01-02T23:15:03","date_gmt":"2019-01-02T22:15:03","guid":{"rendered":"http:\/\/inselreport.eu\/?p=4283"},"modified":"2019-01-04T09:52:05","modified_gmt":"2019-01-04T08:52:05","slug":"da-hat-zeetje-ganze-arbeit-geleistet-ein-neujahrsgeschenk","status":"publish","type":"post","link":"https:\/\/inselreport.eu\/?p=4283","title":{"rendered":"Da hat &#8222;Zeetje&#8220; ganze Arbeit geleistet. Eine Neujahrsbegr\u00fc\u00dfung des Wetters."},"content":{"rendered":"<p><span style=\"color: #800080;\"><strong>Sturmtief &#8222;Zeetje&#8220; hat zu Neujahr f\u00fcr reichlich Wirbel gesorgt. In Stralsund war das Wasser weg, gegen\u00fcber war es dann da. \u00dcber 1,50 Meter h\u00f6her als normal waren die Wasserst\u00e4nde. Viele Veranstaltungen wurden abgesagt.<\/strong><\/span><\/p>\n<figure id=\"attachment_4285\" aria-describedby=\"caption-attachment-4285\" style=\"width: 824px\" class=\"wp-caption alignnone\"><img loading=\"lazy\" decoding=\"async\" class=\"wp-image-4285\" src=\"http:\/\/inselreport.eu\/wp-content\/uploads\/2019\/01\/Putbus_01-300x225.jpg\" alt=\"Putbus_01\" width=\"824\" height=\"618\" srcset=\"https:\/\/inselreport.eu\/wp-content\/uploads\/2019\/01\/Putbus_01-300x225.jpg 300w, https:\/\/inselreport.eu\/wp-content\/uploads\/2019\/01\/Putbus_01-768x576.jpg 768w, https:\/\/inselreport.eu\/wp-content\/uploads\/2019\/01\/Putbus_01-1024x768.jpg 1024w, https:\/\/inselreport.eu\/wp-content\/uploads\/2019\/01\/Putbus_01-1200x900.jpg 1200w\" sizes=\"auto, (max-width: 709px) 85vw, (max-width: 909px) 67vw, (max-width: 984px) 61vw, (max-width: 1362px) 45vw, 600px\" \/><figcaption id=\"caption-attachment-4285\" class=\"wp-caption-text\">Im Putbusser Ortsteil Lauterbach sind Stra\u00dfen und Wege in Hafenn\u00e4he teilweise unpassierbar.<\/figcaption><\/figure>\n<p><!--more-->So zum Beispiel fiel wegen Windst\u00e4rke 11 das Warnem\u00fcnder Turmleuchten aus. Ein Nachfolgetermin f\u00fcr die 90.000 erwarteten Besucher soll kommen. Auch das traditionelle Anbaden in Prerow (Dar\u00df), in K\u00fchlungsborn und Graal M\u00fcritz bei Rostock wurde vom Winde verweht.<\/p>\n<figure id=\"attachment_4287\" aria-describedby=\"caption-attachment-4287\" style=\"width: 676px\" class=\"wp-caption alignnone\"><img loading=\"lazy\" decoding=\"async\" class=\"wp-image-4287\" src=\"http:\/\/inselreport.eu\/wp-content\/uploads\/2019\/01\/Putbus_03-300x225.jpg\" alt=\"Putbus_03\" width=\"676\" height=\"507\" srcset=\"https:\/\/inselreport.eu\/wp-content\/uploads\/2019\/01\/Putbus_03-300x225.jpg 300w, https:\/\/inselreport.eu\/wp-content\/uploads\/2019\/01\/Putbus_03-768x576.jpg 768w, https:\/\/inselreport.eu\/wp-content\/uploads\/2019\/01\/Putbus_03-1024x768.jpg 1024w, https:\/\/inselreport.eu\/wp-content\/uploads\/2019\/01\/Putbus_03-1200x900.jpg 1200w\" sizes=\"auto, (max-width: 709px) 85vw, (max-width: 909px) 67vw, (max-width: 984px) 61vw, (max-width: 1362px) 45vw, 600px\" \/><figcaption id=\"caption-attachment-4287\" class=\"wp-caption-text\">Der Hafen in Lauterbach bei Putbus. Normalerweise flanieren hier Menschen, feiern im Sommer ausgelassene Feste.<\/figcaption><\/figure>\n<p>Umgest\u00fcrzte B\u00e4ume, und was eben zu einem ordentlichen Nordwest-Sturm dazugeh\u00f6rt, sind wie selbstverst\u00e4ndlich, und so auch Zugausf\u00e4lle und blockierte Stra\u00dfen.<\/p>\n<p>Auf der Insel Usedom wurden teilweise ganze Strandabschnitte samt Zubeh\u00f6r Opfer des Windes und der Wellen.<\/p>\n<p>Kleiner Trost: Es bleibt Zeit genug zum Aufr\u00e4umen, bis die n\u00e4chste Badesaison startet. \ud83d\ude42<\/p>\n<p>Das Wasser im Lauterbacher Hafen ist dann sicher auch wieder weg und die Schiffe schwimmen wieder einen Meter tiefer.<\/p>\n<p>&nbsp;<\/p>\n<p><img loading=\"lazy\" decoding=\"async\" class=\"alignnone wp-image-4291\" src=\"http:\/\/inselreport.eu\/wp-content\/uploads\/2019\/01\/Putbus_07-300x225.jpg\" alt=\"Putbus_07\" width=\"709\" height=\"532\" srcset=\"https:\/\/inselreport.eu\/wp-content\/uploads\/2019\/01\/Putbus_07-300x225.jpg 300w, https:\/\/inselreport.eu\/wp-content\/uploads\/2019\/01\/Putbus_07-768x576.jpg 768w, https:\/\/inselreport.eu\/wp-content\/uploads\/2019\/01\/Putbus_07-1024x768.jpg 1024w, https:\/\/inselreport.eu\/wp-content\/uploads\/2019\/01\/Putbus_07-1200x900.jpg 1200w\" sizes=\"auto, (max-width: 709px) 85vw, (max-width: 909px) 67vw, (max-width: 984px) 61vw, (max-width: 1362px) 45vw, 600px\" \/><\/p>\n<p><img loading=\"lazy\" decoding=\"async\" class=\"alignnone wp-image-4289\" src=\"http:\/\/inselreport.eu\/wp-content\/uploads\/2019\/01\/Putbus_05-300x225.jpg\" alt=\"Putbus_05\" width=\"621\" height=\"466\" srcset=\"https:\/\/inselreport.eu\/wp-content\/uploads\/2019\/01\/Putbus_05-300x225.jpg 300w, https:\/\/inselreport.eu\/wp-content\/uploads\/2019\/01\/Putbus_05-768x576.jpg 768w, https:\/\/inselreport.eu\/wp-content\/uploads\/2019\/01\/Putbus_05-1024x768.jpg 1024w, https:\/\/inselreport.eu\/wp-content\/uploads\/2019\/01\/Putbus_05-1200x900.jpg 1200w\" sizes=\"auto, (max-width: 709px) 85vw, (max-width: 909px) 67vw, (max-width: 984px) 61vw, (max-width: 1362px) 45vw, 600px\" \/><\/p>\n<p><img loading=\"lazy\" decoding=\"async\" class=\"alignnone wp-image-4290\" src=\"http:\/\/inselreport.eu\/wp-content\/uploads\/2019\/01\/Putbus_06-300x225.jpg\" alt=\"Putbus_06\" width=\"817\" height=\"613\" srcset=\"https:\/\/inselreport.eu\/wp-content\/uploads\/2019\/01\/Putbus_06-300x225.jpg 300w, https:\/\/inselreport.eu\/wp-content\/uploads\/2019\/01\/Putbus_06-768x576.jpg 768w, https:\/\/inselreport.eu\/wp-content\/uploads\/2019\/01\/Putbus_06-1024x768.jpg 1024w, https:\/\/inselreport.eu\/wp-content\/uploads\/2019\/01\/Putbus_06-1200x900.jpg 1200w\" sizes=\"auto, (max-width: 709px) 85vw, (max-width: 909px) 67vw, (max-width: 984px) 61vw, (max-width: 1362px) 45vw, 600px\" \/><\/p>\n<p>&nbsp;<\/p>\n<p style=\"text-align: right;\">Fotos:\u00a0<span style=\"color: #ff0000;\">\u00a9<\/span> Marius Jaster<\/p>\n","protected":false},"excerpt":{"rendered":"<p>Sturmtief &#8222;Zeetje&#8220; hat zu Neujahr f\u00fcr reichlich Wirbel gesorgt. In Stralsund war das Wasser weg, gegen\u00fcber war es dann da. \u00dcber 1,50 Meter h\u00f6her als normal waren die Wasserst\u00e4nde. Viele Veranstaltungen wurden abgesagt.<\/p>\n","protected":false},"author":1,"featured_media":4284,"comment_status":"open","ping_status":"open","sticky":false,"template":"","format":"standard","meta":{"om_disable_all_campaigns":false,"_exactmetrics_skip_tracking":false,"_exactmetrics_sitenote_active":false,"_exactmetrics_sitenote_note":"","_exactmetrics_sitenote_category":0,"_uf_show_specific_survey":0,"_uf_disable_surveys":false,"footnotes":""},"categories":[2],"tags":[11,21,68,403,153],"class_list":["post-4283","post","type-post","status-publish","format-standard","has-post-thumbnail","hentry","category-insel-ruegen","tag-insel-ruegen","tag-ostsee","tag-stralsund","tag-sturm","tag-usedom"],"aioseo_notices":[],"_links":{"self":[{"href":"https:\/\/inselreport.eu\/index.php?rest_route=\/wp\/v2\/posts\/4283","targetHints":{"allow":["GET"]}}],"collection":[{"href":"https:\/\/inselreport.eu\/index.php?rest_route=\/wp\/v2\/posts"}],"about":[{"href":"https:\/\/inselreport.eu\/index.php?rest_route=\/wp\/v2\/types\/post"}],"author":[{"embeddable":true,"href":"https:\/\/inselreport.eu\/index.php?rest_route=\/wp\/v2\/users\/1"}],"replies":[{"embeddable":true,"href":"https:\/\/inselreport.eu\/index.php?rest_route=%2Fwp%2Fv2%2Fcomments&post=4283"}],"version-history":[{"count":6,"href":"https:\/\/inselreport.eu\/index.php?rest_route=\/wp\/v2\/posts\/4283\/revisions"}],"predecessor-version":[{"id":4310,"href":"https:\/\/inselreport.eu\/index.php?rest_route=\/wp\/v2\/posts\/4283\/revisions\/4310"}],"wp:featuredmedia":[{"embeddable":true,"href":"https:\/\/inselreport.eu\/index.php?rest_route=\/wp\/v2\/media\/4284"}],"wp:attachment":[{"href":"https:\/\/inselreport.eu\/index.php?rest_route=%2Fwp%2Fv2%2Fmedia&parent=4283"}],"wp:term":[{"taxonomy":"category","embeddable":true,"href":"https:\/\/inselreport.eu\/index.php?rest_route=%2Fwp%2Fv2%2Fcategories&post=4283"},{"taxonomy":"post_tag","embeddable":true,"href":"https:\/\/inselreport.eu\/index.php?rest_route=%2Fwp%2Fv2%2Ftags&post=4283"}],"curies":[{"name":"wp","href":"https:\/\/api.w.org\/{rel}","templated":true}]}}