{"id":4326,"date":"2019-01-06T12:22:29","date_gmt":"2019-01-06T11:22:29","guid":{"rendered":"http:\/\/inselreport.eu\/?p=4326"},"modified":"2019-11-22T14:29:05","modified_gmt":"2019-11-22T13:29:05","slug":"ganz-entspannt-waehrend-die-ostsee-millionen-vernichtet","status":"publish","type":"post","link":"https:\/\/inselreport.eu\/?p=4326","title":{"rendered":"Ganz entspannt &#8211; w\u00e4hrend die Ostsee Millionen vernichtet und &#8222;Selina&#8220; sich alles Sch\u00f6ne abfriert!"},"content":{"rendered":"<h3><strong><span style=\"color: #800080;\"><span style=\"color: #0000ff;\">Es war nichts Geringeres, als der 1. Sonntag im Jahr.<\/span> <\/span><\/strong><\/h3>\n<p><strong><span style=\"color: #800080;\">36 Grad &#8211; zumindest auf der Insel R\u00fcgen, als das Thermometer &#8211; auf Balkonien gesch\u00fctzt &#8211; in der Sonne stand. Im S\u00fcden Deutschlands dagegen tobte der Winter. Ein kurzer Zeitraum, der spannender nicht h\u00e4tte sein k\u00f6nnen:<\/span><\/strong><\/p>\n<figure id=\"attachment_4332\" aria-describedby=\"caption-attachment-4332\" style=\"width: 617px\" class=\"wp-caption alignnone\"><img loading=\"lazy\" decoding=\"async\" width=\"617\" height=\"463\" class=\"wp-image-4332\" alt=\"Thermo\" src=\"http:\/\/inselreport.eu\/wp-content\/uploads\/2019\/01\/Thermo-300x225.jpg\" srcset=\"https:\/\/inselreport.eu\/wp-content\/uploads\/2019\/01\/Thermo-300x225.jpg 300w, https:\/\/inselreport.eu\/wp-content\/uploads\/2019\/01\/Thermo-768x576.jpg 768w, https:\/\/inselreport.eu\/wp-content\/uploads\/2019\/01\/Thermo-1024x768.jpg 1024w, https:\/\/inselreport.eu\/wp-content\/uploads\/2019\/01\/Thermo-1200x900.jpg 1200w\" sizes=\"auto, (max-width: 709px) 85vw, (max-width: 909px) 67vw, (max-width: 984px) 61vw, (max-width: 1362px) 45vw, 600px\" \/><figcaption id=\"caption-attachment-4332\" class=\"wp-caption-text\">Das Thermometer zeigt in der direkten Sonne auf dem Balkon in der Mittagszeit knapp 36 Grad. Im Schatten sind es immerhin auch noch 5 Grad. Vom frostigen Winter noch keine Spur.<\/figcaption><\/figure>\n<p>Die Ostsee hat sich mit Hilfe des ersten Sturmes ihren Tribut in Millionenh\u00f6he schon eingefordert und nebenbei gibt es Raclette im <span style=\"color: #0000ff;\">Buffetwagen 970-152 des Rasenden Roland<\/span>, der sich ab und zu auch zum &#8222;Blues-Train&#8220; verwandelt. Wie am 30. Dezember, wo &#8222;Micha Maass &amp; Friends&#8220; den Wagen zum Beben brachten.<\/p>\n<p><iframe loading=\"lazy\" title=\"Blues-Train R\u00fcgen\" width=\"840\" height=\"630\" src=\"https:\/\/www.youtube.com\/embed\/TgJoS1mBZEI?feature=oembed\" frameborder=\"0\" allow=\"accelerometer; autoplay; encrypted-media; gyroscope; picture-in-picture\" allowfullscreen><\/iframe><\/p>\n<p>Aber zuerst zum Sturm:<!--more--><\/p>\n<p>Das Tief &#8222;Zeetje&#8220; sorgte direkt nach dem Jahreswechsel f\u00fcr kr\u00e4ftig Wirbel. Es brachte die erste schwere Sturmflut ins Land. Und damit auch Wasser, das zumindest an den K\u00fcsten erhebliche Sch\u00e4den verursachte.&nbsp; Rostock und Stralsund kamen glimpflich davon. Im Raum Grevesm\u00fchlen brachte das Wasser viel Seegras an Land und damit auch jede Menge Plastikm\u00fcll. Verpackungen, Plastikbecher, Getr\u00e4nkeflaschen, Einkaufst\u00fcten&#8230; Eben des Menschen Hinterlassenschaften.<\/p>\n<p>Laut Umweltministerium sind fast alle D\u00fcnen im Land betroffen, die teilweise bis zu 10 Meter an Breite verloren haben. Die D\u00fcnenkliffs &#8211; stellenweise bis zu f\u00fcnf Meter H\u00f6he &#8211; sind nun eine Gefahr f\u00fcr Strandg\u00e4nger. Ebenfalls sind Wanderungen an Steilk\u00fcsten ein Risiko. Durch umgest\u00fcrzte oder entwurzelte B\u00e4ume besteht Abbruchgefahr!<\/p>\n<figure id=\"attachment_4337\" aria-describedby=\"caption-attachment-4337\" style=\"width: 776px\" class=\"wp-caption alignnone\"><img loading=\"lazy\" decoding=\"async\" width=\"776\" height=\"582\" class=\"wp-image-4337\" alt=\"Abbruchkante_02\" src=\"http:\/\/inselreport.eu\/wp-content\/uploads\/2019\/01\/Abbruchkante_02-300x225.jpg\" srcset=\"https:\/\/inselreport.eu\/wp-content\/uploads\/2019\/01\/Abbruchkante_02-300x225.jpg 300w, https:\/\/inselreport.eu\/wp-content\/uploads\/2019\/01\/Abbruchkante_02-768x576.jpg 768w, https:\/\/inselreport.eu\/wp-content\/uploads\/2019\/01\/Abbruchkante_02-1024x768.jpg 1024w, https:\/\/inselreport.eu\/wp-content\/uploads\/2019\/01\/Abbruchkante_02-1200x900.jpg 1200w\" sizes=\"auto, (max-width: 709px) 85vw, (max-width: 909px) 67vw, (max-width: 984px) 61vw, (max-width: 1362px) 45vw, 600px\" \/><figcaption id=\"caption-attachment-4337\" class=\"wp-caption-text\">Der Strand zwischen Baabe und Sellin auf R\u00fcgen. Deutlich zu sehen, wie die D\u00fcne abgetragen wurde.<\/figcaption><\/figure>\n<figure id=\"attachment_4340\" aria-describedby=\"caption-attachment-4340\" style=\"width: 725px\" class=\"wp-caption alignnone\"><img loading=\"lazy\" decoding=\"async\" width=\"725\" height=\"544\" class=\"wp-image-4340\" alt=\"Treibgut\" src=\"http:\/\/inselreport.eu\/wp-content\/uploads\/2019\/01\/Treibgut-300x225.jpg\" srcset=\"https:\/\/inselreport.eu\/wp-content\/uploads\/2019\/01\/Treibgut-300x225.jpg 300w, https:\/\/inselreport.eu\/wp-content\/uploads\/2019\/01\/Treibgut-768x576.jpg 768w, https:\/\/inselreport.eu\/wp-content\/uploads\/2019\/01\/Treibgut-1024x768.jpg 1024w, https:\/\/inselreport.eu\/wp-content\/uploads\/2019\/01\/Treibgut-1200x900.jpg 1200w\" sizes=\"auto, (max-width: 709px) 85vw, (max-width: 909px) 67vw, (max-width: 984px) 61vw, (max-width: 1362px) 45vw, 600px\" \/><figcaption id=\"caption-attachment-4340\" class=\"wp-caption-text\">Auch jede Menge Treibgut wurde an die Str\u00e4nde gesp\u00fclt. Die Aufr\u00e4umarbeiten sind in vollem Gange<\/figcaption><\/figure>\n<p>Insgesamt &#8211; also mit St\u00e4rke und Folgen &#8211; sei die Sturmflut mit den aus dem Jahr 1995, bzw. 2017 vergleichbar, hei\u00dft es aus dem Umweltministerium.<\/p>\n<figure id=\"attachment_4338\" aria-describedby=\"caption-attachment-4338\" style=\"width: 703px\" class=\"wp-caption alignnone\"><img loading=\"lazy\" decoding=\"async\" width=\"703\" height=\"527\" class=\"wp-image-4338\" alt=\"Baabe\" src=\"http:\/\/inselreport.eu\/wp-content\/uploads\/2019\/01\/Baabe-300x225.jpg\" srcset=\"https:\/\/inselreport.eu\/wp-content\/uploads\/2019\/01\/Baabe-300x225.jpg 300w, https:\/\/inselreport.eu\/wp-content\/uploads\/2019\/01\/Baabe-768x576.jpg 768w, https:\/\/inselreport.eu\/wp-content\/uploads\/2019\/01\/Baabe-1024x768.jpg 1024w, https:\/\/inselreport.eu\/wp-content\/uploads\/2019\/01\/Baabe-1200x900.jpg 1200w\" sizes=\"auto, (max-width: 709px) 85vw, (max-width: 909px) 67vw, (max-width: 984px) 61vw, (max-width: 1362px) 45vw, 600px\" \/><figcaption id=\"caption-attachment-4338\" class=\"wp-caption-text\">Das blaue Schild in Baabe zeigt den Wasser-H\u00f6chststand der Sturmflut von 1995. Davon war die jetzige weit entfernt.<\/figcaption><\/figure>\n<p>In Wismar machten Gesch\u00e4ftsh\u00e4user in Hafenn\u00e4he unliebsame Begegnungen mit dem Wasser. In Graal M\u00fcritz gab es am Strand schwere Sch\u00e4den, \u00e4hnlich wie 2017, nur etwas n\u00e4her an der Seebr\u00fccke. Die Seebr\u00fccken in Heiligendamm wurde leicht besch\u00e4digt &#8211; st\u00e4rker traf es die in Zingst und Prerow, die vorerst geschlossen bleiben m\u00fcssen.<\/p>\n<figure id=\"attachment_4335\" aria-describedby=\"caption-attachment-4335\" style=\"width: 688px\" class=\"wp-caption alignnone\"><img loading=\"lazy\" decoding=\"async\" width=\"688\" height=\"516\" class=\"wp-image-4335\" alt=\"Baeume\" src=\"http:\/\/inselreport.eu\/wp-content\/uploads\/2019\/01\/Baeume-300x225.jpg\" srcset=\"https:\/\/inselreport.eu\/wp-content\/uploads\/2019\/01\/Baeume-300x225.jpg 300w, https:\/\/inselreport.eu\/wp-content\/uploads\/2019\/01\/Baeume-768x576.jpg 768w, https:\/\/inselreport.eu\/wp-content\/uploads\/2019\/01\/Baeume-1024x768.jpg 1024w, https:\/\/inselreport.eu\/wp-content\/uploads\/2019\/01\/Baeume-1200x900.jpg 1200w\" sizes=\"auto, (max-width: 709px) 85vw, (max-width: 909px) 67vw, (max-width: 984px) 61vw, (max-width: 1362px) 45vw, 600px\" \/><figcaption id=\"caption-attachment-4335\" class=\"wp-caption-text\">Entwurzelte B\u00e4ume gef\u00e4hrden die Steilk\u00fcsten<\/figcaption><\/figure>\n<p>In der Usedomer Inselmitte bei Zemplin hat sich die Ostsee das geholt, was sie schon 2017 als ihr Eigen betrachtete: Den Sand vom Strand. 2018 wurde der Strand mit hohem Aufwand und rund einer Million Euro &#8222;repariert&#8220;. Etwa 40 Prozent des Sandes sind nun wieder weg.<\/p>\n<p>Auf R\u00fcgen wurde G\u00f6hren hart getroffen. Gr0\u00dfe Teile der D\u00fcne am Nordstrand sind abgetragen und Strandzug\u00e4nge ausgesp\u00fclt. Die Abbruchkante der D\u00fcne ist bis zu drei Meter hoch &#8211; der finanzielle Schaden noch nicht zu beziffern. Auch hier wurde die Seebr\u00fccke in Mitleidenschaft gezogen und musste zeitweise gesperrt werden.<\/p>\n<p>Die Insel Hiddensee hat keine besonderen Sch\u00e4den erlitten. &#8222;Hier ist alles heil geblieben. Nur kleine Abbr\u00fcche, und die sind im Rahmen&#8220;, sagt B\u00fcrgermeister Thomas Gens.<\/p>\n<p><span style=\"color: #800080;\">Nach der Sturmflut 2017 hat das Land Mecklenburg-Vorpommern rund 10 Millionen Euro in die Reparatur der K\u00fcstenabschnitte investiert &#8211; und nun einen Teil davon wieder verloren.<\/span><strong><span style=\"color: #800080;\"> Ein Zeichen, dass doch der Mensch von der Natur lernen, sie respektieren und sich an sie anpassen darf &#8211; und nicht die Natur an den Menschen!<\/span><\/strong><\/p>\n<h3><span style=\"color: #0000ff;\">Eine au\u00dfergew\u00f6hnliche &#8222;Schweinerei&#8220; gab es vor dem Hotel Bernstein in Sellin. Hier wirkten die Gr\u00fcnfl\u00e4chen wie umgegraben.<\/span><\/h3>\n<figure id=\"attachment_4341\" aria-describedby=\"caption-attachment-4341\" style=\"width: 643px\" class=\"wp-caption alignnone\"><img loading=\"lazy\" decoding=\"async\" width=\"643\" height=\"482\" class=\"wp-image-4341\" alt=\"Wildschweine\" src=\"http:\/\/inselreport.eu\/wp-content\/uploads\/2019\/01\/Wildschweine-300x225.jpg\" srcset=\"https:\/\/inselreport.eu\/wp-content\/uploads\/2019\/01\/Wildschweine-300x225.jpg 300w, https:\/\/inselreport.eu\/wp-content\/uploads\/2019\/01\/Wildschweine-768x576.jpg 768w, https:\/\/inselreport.eu\/wp-content\/uploads\/2019\/01\/Wildschweine-1024x768.jpg 1024w, https:\/\/inselreport.eu\/wp-content\/uploads\/2019\/01\/Wildschweine-1200x900.jpg 1200w\" sizes=\"auto, (max-width: 709px) 85vw, (max-width: 909px) 67vw, (max-width: 984px) 61vw, (max-width: 1362px) 45vw, 600px\" \/><figcaption id=\"caption-attachment-4341\" class=\"wp-caption-text\">&#8222;Wir waren hier! Schweinsstarke Weihnachtsfeier 2018&#8220; steht auf dem Schild. Sch\u00f6n, wer es so mit Humor sehen kann und eine Rotte Wildschweine zeigt &#8211; nat\u00fcrlich mit Weihnachtsm\u00fctze!<\/figcaption><\/figure>\n<h2><span style=\"color: #0000ff;\">Gem\u00fctlicher als direkt an der See ging es da im &#8222;Rasenden Roland&#8220; zu.<\/span><\/h2>\n<figure id=\"attachment_4354\" aria-describedby=\"caption-attachment-4354\" style=\"width: 793px\" class=\"wp-caption alignnone\"><img loading=\"lazy\" decoding=\"async\" width=\"793\" height=\"595\" class=\"wp-image-4354\" alt=\"Kontrabass\" src=\"http:\/\/inselreport.eu\/wp-content\/uploads\/2019\/01\/Kontrabass-300x225.jpg\" srcset=\"https:\/\/inselreport.eu\/wp-content\/uploads\/2019\/01\/Kontrabass-300x225.jpg 300w, https:\/\/inselreport.eu\/wp-content\/uploads\/2019\/01\/Kontrabass-768x576.jpg 768w, https:\/\/inselreport.eu\/wp-content\/uploads\/2019\/01\/Kontrabass-1024x768.jpg 1024w, https:\/\/inselreport.eu\/wp-content\/uploads\/2019\/01\/Kontrabass-1200x900.jpg 1200w\" sizes=\"auto, (max-width: 709px) 85vw, (max-width: 909px) 67vw, (max-width: 984px) 61vw, (max-width: 1362px) 45vw, 600px\" \/><figcaption id=\"caption-attachment-4354\" class=\"wp-caption-text\">Wenn so ein Kontrabass in den Buffetwagen 970-152 &#8222;einsteigt&#8220;, geht kurz darauf die Party ab<\/figcaption><\/figure>\n<p>Kein geringerer als Micha Maass (Initiator des Binzer &#8222;Blue-wave-Festivals&#8220;) und zwei seiner Freunde trafen sich am 30. Dezember f\u00fcr eine &#8222;Jahresabschluss-Blues-Reise&#8220; im Buffetwagen 970-152. Der &#8222;Rasende Roland&#8220; hat ja seit April 2018 in einem seiner Z\u00fcge diesen ganz speziellen Buffetwagen, der nicht nur Buffetwagen, sondern auch Kunstausstellung, Konzertsaal, Treffpunkt&#8230; ist. Bei Interesse findest Du alle Details zu diesem einzigartigen Buffetwagen in diesem Artikel:<\/p>\n<blockquote class=\"wp-embedded-content\" data-secret=\"ogmFXfPzpt\"><p><a href=\"http:\/\/inselreport.eu\/?p=4079\">UFO-Alarm auf der Insel R\u00fcgen!<\/a><\/p><\/blockquote>\n<p><iframe loading=\"lazy\" title=\"&#8222;UFO-Alarm auf der Insel R\u00fcgen!&#8220; &#8212; inselreport.eu\" class=\"wp-embedded-content\" sandbox=\"allow-scripts\" security=\"restricted\" style=\"position: absolute; clip: rect(1px, 1px, 1px, 1px);\" src=\"http:\/\/inselreport.eu\/?p=4079&#038;embed=true#?secret=ogmFXfPzpt\" data-secret=\"ogmFXfPzpt\" width=\"600\" height=\"338\" frameborder=\"0\" marginwidth=\"0\" marginheight=\"0\" scrolling=\"no\"><\/iframe><\/p>\n<p><span style=\"color: #0000ff;\">Aber zur\u00fcck zum Blues: Es geht nicht, <strong>und doch geht es<\/strong>! Kontrabass, Gitarre, Schlagzeug &#8211; und dadurch beste Laune -im Buffetwagen einer Kleinbahn!<\/span><\/p>\n<p><img loading=\"lazy\" decoding=\"async\" width=\"727\" height=\"545\" class=\"alignnone wp-image-4353\" alt=\"Maass_01\" src=\"http:\/\/inselreport.eu\/wp-content\/uploads\/2019\/01\/Maass_01-300x225.jpg\" srcset=\"https:\/\/inselreport.eu\/wp-content\/uploads\/2019\/01\/Maass_01-300x225.jpg 300w, https:\/\/inselreport.eu\/wp-content\/uploads\/2019\/01\/Maass_01-768x576.jpg 768w, https:\/\/inselreport.eu\/wp-content\/uploads\/2019\/01\/Maass_01-1024x768.jpg 1024w, https:\/\/inselreport.eu\/wp-content\/uploads\/2019\/01\/Maass_01-1200x900.jpg 1200w\" sizes=\"auto, (max-width: 709px) 85vw, (max-width: 909px) 67vw, (max-width: 984px) 61vw, (max-width: 1362px) 45vw, 600px\" \/><\/p>\n<p><span style=\"color: #006000;\">Hier sind einfach ein paar Eindr\u00fccke per Video &#8211; und ganz zum Schluss dann der letzte Schrei: <strong><span style=\"color: #0000ff;\">Raclette im Buffetwagen<\/span><\/strong>!<\/span><\/p>\n<p><iframe loading=\"lazy\" title=\"Blues-Train R\u00fcgen 02\" width=\"840\" height=\"630\" src=\"https:\/\/www.youtube.com\/embed\/6tET4XpIkYI?feature=oembed\" frameborder=\"0\" allow=\"accelerometer; autoplay; encrypted-media; gyroscope; picture-in-picture\" allowfullscreen><\/iframe><\/p>\n<p><iframe loading=\"lazy\" title=\"Blues-Train R\u00fcgen 03\" width=\"840\" height=\"630\" src=\"https:\/\/www.youtube.com\/embed\/63l2oytWiQw?feature=oembed\" frameborder=\"0\" allow=\"accelerometer; autoplay; encrypted-media; gyroscope; picture-in-picture\" allowfullscreen><\/iframe><\/p>\n<p><iframe loading=\"lazy\" title=\"Blues-Train R\u00fcgen 04\" width=\"840\" height=\"630\" src=\"https:\/\/www.youtube.com\/embed\/N6c8yEtbVgI?feature=oembed\" frameborder=\"0\" allow=\"accelerometer; autoplay; encrypted-media; gyroscope; picture-in-picture\" allowfullscreen><\/iframe><\/p>\n<p><iframe loading=\"lazy\" title=\"Blues-Train_05\" width=\"840\" height=\"630\" src=\"https:\/\/www.youtube.com\/embed\/fB44ANU8QCE?feature=oembed\" frameborder=\"0\" allow=\"accelerometer; autoplay; encrypted-media; gyroscope; picture-in-picture\" allowfullscreen><\/iframe><\/p>\n<p><iframe loading=\"lazy\" title=\"Blues-Train R\u00fcgen 06\" width=\"840\" height=\"630\" src=\"https:\/\/www.youtube.com\/embed\/JEZO5laao18?feature=oembed\" frameborder=\"0\" allow=\"accelerometer; autoplay; encrypted-media; gyroscope; picture-in-picture\" allowfullscreen><\/iframe><\/p>\n<h5><span style=\"color: #0000ff;\">Wie geht das? Raclette im Buffetwagen! Egal wie &#8211; ES GEHT!<\/span><\/h5>\n<p><img loading=\"lazy\" decoding=\"async\" width=\"635\" height=\"476\" class=\"alignnone wp-image-4351\" alt=\"Raclette_02\" src=\"http:\/\/inselreport.eu\/wp-content\/uploads\/2019\/01\/Raclette_02-300x225.jpg\" srcset=\"https:\/\/inselreport.eu\/wp-content\/uploads\/2019\/01\/Raclette_02-300x225.jpg 300w, https:\/\/inselreport.eu\/wp-content\/uploads\/2019\/01\/Raclette_02-768x576.jpg 768w, https:\/\/inselreport.eu\/wp-content\/uploads\/2019\/01\/Raclette_02-1024x768.jpg 1024w, https:\/\/inselreport.eu\/wp-content\/uploads\/2019\/01\/Raclette_02-1200x900.jpg 1200w\" sizes=\"auto, (max-width: 709px) 85vw, (max-width: 909px) 67vw, (max-width: 984px) 61vw, (max-width: 1362px) 45vw, 600px\" \/><\/p>\n<p>Sicher einzigartig f\u00fcr R\u00fcgen: Raclette mit dem speziellen R\u00e9chaut aus der Schweiz, das mit Teelichtern geheizt wird. Passt fast in die Hosentasche!<\/p>\n<p>Und so konnte Rainer Seelhoff, Zugf\u00fchrer beim &#8222;Rasenden Roland&#8220; gleich seine &#8222;Henkersmahlzeit&#8220; genie\u00dfen. Denn ab 2019 ist alles anders.<\/p>\n<figure id=\"attachment_4348\" aria-describedby=\"caption-attachment-4348\" style=\"width: 696px\" class=\"wp-caption alignnone\"><img loading=\"lazy\" decoding=\"async\" width=\"696\" height=\"522\" class=\"wp-image-4348\" alt=\"Rainer Seelhoff_01\" src=\"http:\/\/inselreport.eu\/wp-content\/uploads\/2019\/01\/Rainer-Seelhoff_01-300x225.jpg\" srcset=\"https:\/\/inselreport.eu\/wp-content\/uploads\/2019\/01\/Rainer-Seelhoff_01-300x225.jpg 300w, https:\/\/inselreport.eu\/wp-content\/uploads\/2019\/01\/Rainer-Seelhoff_01-768x576.jpg 768w, https:\/\/inselreport.eu\/wp-content\/uploads\/2019\/01\/Rainer-Seelhoff_01-1024x768.jpg 1024w, https:\/\/inselreport.eu\/wp-content\/uploads\/2019\/01\/Rainer-Seelhoff_01-1200x900.jpg 1200w\" sizes=\"auto, (max-width: 709px) 85vw, (max-width: 909px) 67vw, (max-width: 984px) 61vw, (max-width: 1362px) 45vw, 600px\" \/><figcaption id=\"caption-attachment-4348\" class=\"wp-caption-text\">Zugf\u00fchrer Rainer Seelhoff genie\u00dft an Silvester seinen letzten Abend als Zugf\u00fchrer beim Rasenden Roland. Nat\u00fcrlich gemeinsam mit Tobias Keucher, dem Betreiber des Buffetwagens 970-152 &#8211; und Raclette im Buffetwagen<\/figcaption><\/figure>\n<figure id=\"attachment_4342\" aria-describedby=\"caption-attachment-4342\" style=\"width: 736px\" class=\"wp-caption alignnone\"><img loading=\"lazy\" decoding=\"async\" width=\"736\" height=\"552\" class=\"wp-image-4342\" alt=\"Rainer Seelhoff\" src=\"http:\/\/inselreport.eu\/wp-content\/uploads\/2019\/01\/Rainer-Seelhoff-300x225.jpg\" srcset=\"https:\/\/inselreport.eu\/wp-content\/uploads\/2019\/01\/Rainer-Seelhoff-300x225.jpg 300w, https:\/\/inselreport.eu\/wp-content\/uploads\/2019\/01\/Rainer-Seelhoff-768x576.jpg 768w, https:\/\/inselreport.eu\/wp-content\/uploads\/2019\/01\/Rainer-Seelhoff-1024x768.jpg 1024w, https:\/\/inselreport.eu\/wp-content\/uploads\/2019\/01\/Rainer-Seelhoff-1200x900.jpg 1200w\" sizes=\"auto, (max-width: 709px) 85vw, (max-width: 909px) 67vw, (max-width: 984px) 61vw, (max-width: 1362px) 45vw, 600px\" \/><figcaption id=\"caption-attachment-4342\" class=\"wp-caption-text\">Zugf\u00fchrer Rainer Seelhoff &#8211; fast ein halbes &#8222;Rolands-Leben&#8220; dabei<\/figcaption><\/figure>\n<pre><span style=\"color: #0000ff;\"><strong>Sein Abschied ist mit ein bisschen Wehmut verkn\u00fcpft<\/strong><\/span> \u2013 aber er wurde ihm am Silvesterabend im Buffetwagen 970-152 bei Raclette und Fondue in kleiner, gem\u00fctlicher Runde vers\u00fc\u00dft. Seit 123 Jahren ist der \u201eRasende Roland\u201c auf den R\u00fcgener Gleisen unterwegs. Runde 40 Prozent dieser Zeit war ER mit dabei: Rainer Seelhoff, \u201eBaujahr\u201c 1952. Eine Zeit, aus der auch die letzten Dampflokomotiven stammen, die heute noch den \u201eRoland\u201c schnaufend und pfeifend durch R\u00fcgens Landschaft ziehen. Eine davon, die er am 1. Januar ein letztes Mal ankoppelt.\n\nF\u00fcr Rainer Seelhoff begann alles 1969 mit einer Lehre bei der damaligen Deutschen Reichsbahn \u2013 aber immer beim \u201eRasenden Roland\u201c. Erst in der Gep\u00e4ckabfertigung, dann als Rangierer. Sp\u00e4ter war er Rangierleiter und letztlich Zugf\u00fchrer. Das ist also Karriere zum Chef des Zuges, dem vom Lok-Personal bis zum Schaffner alle unterstellt sind.\n<img loading=\"lazy\" decoding=\"async\" width=\"339\" height=\"452\" class=\"wp-image-4361 alignleft\" alt=\"Seelhoff richtig\" src=\"http:\/\/inselreport.eu\/wp-content\/uploads\/2019\/01\/Seelhoff-richtig-225x300.jpg\" srcset=\"https:\/\/inselreport.eu\/wp-content\/uploads\/2019\/01\/Seelhoff-richtig-225x300.jpg 225w, https:\/\/inselreport.eu\/wp-content\/uploads\/2019\/01\/Seelhoff-richtig-768x1024.jpg 768w, https:\/\/inselreport.eu\/wp-content\/uploads\/2019\/01\/Seelhoff-richtig-1200x1600.jpg 1200w\" sizes=\"auto, (max-width: 339px) 85vw, 339px\" \/>\nAuch das An- und Abkoppeln der Lokomotiven steht unter seinem Kommando. Auf die Frage, was ihm als skurrilstes Erlebnis im Ged\u00e4chtnis h\u00e4ngt, fand er auf die Schnelle keine Antwort. Keiner hat sein Kind am Bahnhof vergessen und auch sonst gibt es keine Dramen. Daf\u00fcr erz\u00e4hlt Buffetwagen-Betreiber Tobias Keucher, der erst seit April 2018 diesen einzigartigen Buffet-Wagen betreibt, seine Erlebnisse mit Rainer Seelhoff: \u201eDas ist einer, der nach fast einem halben Jahrhundert bei einer 5-Tage Woche immer auf derselben Strecke noch aus dem Fenster schaut und st\u00e4ndig Neues entdeckt.\u201c Und das sind dann die Kleinigkeiten, f\u00fcr die manch Anderer keinen Blick hat: \u201eKuck mal, da sind die Rehe\u201c, oder \u201eHe, dort sind ja Fasane auf der Wiese\u201c oder es sind eben die Wildschweine, die ja auch nicht jeden Tag zu sehen sind.Und weil es so sch\u00f6n ist, geht Rainer Seelhoff auch nicht direkt in Rente. Er wird weiter mit dem \u201eRasenden Roland\u201c durch R\u00fcgens Landschaft fahren. Zwar \u201enur\u201c als Zugbegleiter, aber ganz sicher mit offenen Augen und einer ungestillten Neugier nach dem, was er vielleicht noch nicht gesehen hat.\n\nBuffetwagenbetreiber Tobias Keucher freut sich auf noch viele Fahrten mit ihm. \u201eDurch ihn bin ich hier schneller angekommen\u201c. Und Rainier Seelhoff freut sich ganz bestimmt auf noch viele Stunden in diesem Buffetwagen. \u201eDer ist so anders, als das was man kennt\u201c sagt er beim Raclette-Abschiedsabend. Einzig die Wehmut bleibt.<\/pre>\n<figure id=\"attachment_4352\" aria-describedby=\"caption-attachment-4352\" style=\"width: 679px\" class=\"wp-caption alignnone\"><img loading=\"lazy\" decoding=\"async\" width=\"679\" height=\"509\" class=\"wp-image-4352\" alt=\"Raclette_01\" src=\"http:\/\/inselreport.eu\/wp-content\/uploads\/2019\/01\/Raclette_01-1-300x225.jpg\" srcset=\"https:\/\/inselreport.eu\/wp-content\/uploads\/2019\/01\/Raclette_01-1-300x225.jpg 300w, https:\/\/inselreport.eu\/wp-content\/uploads\/2019\/01\/Raclette_01-1-768x576.jpg 768w, https:\/\/inselreport.eu\/wp-content\/uploads\/2019\/01\/Raclette_01-1-1024x768.jpg 1024w, https:\/\/inselreport.eu\/wp-content\/uploads\/2019\/01\/Raclette_01-1-1200x900.jpg 1200w\" sizes=\"auto, (max-width: 709px) 85vw, (max-width: 909px) 67vw, (max-width: 984px) 61vw, (max-width: 1362px) 45vw, 600px\" \/><figcaption id=\"caption-attachment-4352\" class=\"wp-caption-text\">Raclette im Buffetwagen. Geiler geht&#8217;s nimmer!<\/figcaption><\/figure>\n<p style=\"text-align: right;\">Fotos\/Videos:&nbsp;<span style=\"color: #ff0000;\">\u00a9<\/span> Marius Jaster<\/p>\n<pre><strong><span style=\"color: #800080;\"><span style=\"color: #0000ff;\">Zum Titelfoto:<\/span><\/span><span style=\"color: #800080;\"> Nackedei \"Selina\" hie\u00df im Ursprung \"Kaysa\", denn Kaysa stand bei Thomas Jastram Modell, daher der skandinavische Name. Sp\u00e4ter wurde die Figur in \"Selina\" umbenannt. Das hei\u00dft \u00fcbersetzt: \"Die Himmlische\". Sie ist 1,68 Meter gro\u00df und trotzt seit 2014 am Selliner S\u00fcdstrand Wind und Wetter.&nbsp;<\/span><\/strong><\/pre>\n","protected":false},"excerpt":{"rendered":"<p>Es war nichts Geringeres, als der 1. Sonntag im Jahr. 36 Grad &#8211; zumindest auf der Insel R\u00fcgen, als das Thermometer &#8211; auf Balkonien gesch\u00fctzt &#8211; in der Sonne stand. Im S\u00fcden Deutschlands dagegen tobte der Winter. Ein kurzer Zeitraum, der spannender nicht h\u00e4tte sein k\u00f6nnen: Die Ostsee hat sich mit Hilfe des ersten Sturmes &hellip; <a href=\"https:\/\/inselreport.eu\/?p=4326\" class=\"more-link\"><span class=\"screen-reader-text\">\u201eGanz entspannt &#8211; w\u00e4hrend die Ostsee Millionen vernichtet und &#8222;Selina&#8220; sich alles Sch\u00f6ne abfriert!\u201c<\/span> weiterlesen<\/a><\/p>\n","protected":false},"author":1,"featured_media":4331,"comment_status":"open","ping_status":"open","sticky":false,"template":"","format":"standard","meta":{"om_disable_all_campaigns":false,"_exactmetrics_skip_tracking":false,"_exactmetrics_sitenote_active":false,"_exactmetrics_sitenote_note":"","_exactmetrics_sitenote_category":0,"_uf_show_specific_survey":0,"_uf_disable_surveys":false,"footnotes":""},"categories":[418,390,407],"tags":[26,410,55,11,304,409,21,40,382],"class_list":["post-4326","post","type-post","status-publish","format-standard","has-post-thumbnail","hentry","category-ostsee-inseln","category-rasender-roland","category-unterhaltung","tag-binz","tag-blue-wave-festival-binz","tag-hiddensee","tag-insel-ruegen","tag-insel-usedom","tag-micha-maass","tag-ostsee","tag-ostsee-news","tag-sturmflut"],"aioseo_notices":[],"_links":{"self":[{"href":"https:\/\/inselreport.eu\/index.php?rest_route=\/wp\/v2\/posts\/4326","targetHints":{"allow":["GET"]}}],"collection":[{"href":"https:\/\/inselreport.eu\/index.php?rest_route=\/wp\/v2\/posts"}],"about":[{"href":"https:\/\/inselreport.eu\/index.php?rest_route=\/wp\/v2\/types\/post"}],"author":[{"embeddable":true,"href":"https:\/\/inselreport.eu\/index.php?rest_route=\/wp\/v2\/users\/1"}],"replies":[{"embeddable":true,"href":"https:\/\/inselreport.eu\/index.php?rest_route=%2Fwp%2Fv2%2Fcomments&post=4326"}],"version-history":[{"count":17,"href":"https:\/\/inselreport.eu\/index.php?rest_route=\/wp\/v2\/posts\/4326\/revisions"}],"predecessor-version":[{"id":5059,"href":"https:\/\/inselreport.eu\/index.php?rest_route=\/wp\/v2\/posts\/4326\/revisions\/5059"}],"wp:featuredmedia":[{"embeddable":true,"href":"https:\/\/inselreport.eu\/index.php?rest_route=\/wp\/v2\/media\/4331"}],"wp:attachment":[{"href":"https:\/\/inselreport.eu\/index.php?rest_route=%2Fwp%2Fv2%2Fmedia&parent=4326"}],"wp:term":[{"taxonomy":"category","embeddable":true,"href":"https:\/\/inselreport.eu\/index.php?rest_route=%2Fwp%2Fv2%2Fcategories&post=4326"},{"taxonomy":"post_tag","embeddable":true,"href":"https:\/\/inselreport.eu\/index.php?rest_route=%2Fwp%2Fv2%2Ftags&post=4326"}],"curies":[{"name":"wp","href":"https:\/\/api.w.org\/{rel}","templated":true}]}}