{"id":4571,"date":"2019-03-12T22:03:51","date_gmt":"2019-03-12T21:03:51","guid":{"rendered":"http:\/\/inselreport.eu\/?p=4571"},"modified":"2019-11-22T14:27:09","modified_gmt":"2019-11-22T13:27:09","slug":"insel-ruegen-lets-go-to-the-goor-der-pfad-der-muse-und-erkenntnis-1","status":"publish","type":"post","link":"https:\/\/inselreport.eu\/?p=4571","title":{"rendered":"Insel R\u00fcgen: Der &#8222;Pfad der Muse und Erkenntnis&#8220; (1) &#8211; Lets go to the Goor!"},"content":{"rendered":"<h2 style=\"text-align: center;\"><span style=\"color: #ff0000;\">Der neue Urwald direkt am Wasser ist ein riesiges Geschenk&nbsp;<\/span><\/h2>\n<h6><strong><span style=\"color: #0000ff;\">Denn es ist nicht viel \u00fcbrig vom einst geplanten &#8222;sanften Tourismus&#8220; auf der Insel R\u00fcgen. Daf\u00fcr entfaltet der Massentourismus seine h\u00f6chste Bl\u00fcte. Erkennbar auch daran, dass die Kettens\u00e4gen unentwegt im Einsatz sind.<\/span><\/strong><\/h6>\n<pre><span style=\"color: #000000;\">Egal, ob Stra\u00dfen verbreitert oder neu gebaut werden, oder die B\u00e4ume wegen Ferienh\u00e4usern weichen m\u00fcssen, oder einfach nur, damit die Aussicht stimmt: Die S\u00e4gen knattern. \nIm Zuge der so genannten Verkehrssicherungspflicht m\u00fcssen sogar im Nationalpark Jasmund rechts und links der Stra\u00dfe Unmengen von B\u00e4umen weichen, damit sie der touristischen Masse nicht auf den Kopf fallen. Das also ist die Ausrede.<\/span><\/pre>\n<figure id=\"attachment_1620\" aria-describedby=\"caption-attachment-1620\" style=\"width: 619px\" class=\"wp-caption aligncenter\"><img loading=\"lazy\" decoding=\"async\" width=\"619\" height=\"322\" class=\"wp-image-1620\" alt=\"Bauma_02\" src=\"http:\/\/inselreport.eu\/wp-content\/uploads\/2017\/04\/Bauma_02-300x156.jpg\" srcset=\"https:\/\/inselreport.eu\/wp-content\/uploads\/2017\/04\/Bauma_02-300x156.jpg 300w, https:\/\/inselreport.eu\/wp-content\/uploads\/2017\/04\/Bauma_02.jpg 720w\" sizes=\"auto, (max-width: 709px) 85vw, (max-width: 909px) 67vw, (max-width: 984px) 61vw, (max-width: 1362px) 45vw, 600px\" \/><figcaption id=\"caption-attachment-1620\" class=\"wp-caption-text\">T\u00e4glich verlassen Holztransporte die Insel. (Foto: Sabine Funke)<\/figcaption><\/figure>\n<figure id=\"attachment_4834\" aria-describedby=\"caption-attachment-4834\" style=\"width: 735px\" class=\"wp-caption alignnone\"><img loading=\"lazy\" decoding=\"async\" width=\"735\" height=\"490\" class=\"wp-image-4834\" alt=\"Kettwig\" src=\"http:\/\/inselreport.eu\/wp-content\/uploads\/2019\/03\/Kettwig-300x200.jpg\" srcset=\"https:\/\/inselreport.eu\/wp-content\/uploads\/2019\/03\/Kettwig-300x200.jpg 300w, https:\/\/inselreport.eu\/wp-content\/uploads\/2019\/03\/Kettwig.jpg 420w\" sizes=\"auto, (max-width: 709px) 85vw, (max-width: 909px) 67vw, (max-width: 984px) 61vw, (max-width: 1362px) 45vw, 600px\" \/><figcaption id=\"caption-attachment-4834\" class=\"wp-caption-text\">Dieses Foto von Frank Kettwig spricht f\u00fcr sich. Hinter dem Uhu-Schild ist eigentlich alles verboten. B\u00e4ume abhauen offenbar nicht&#8230;<\/figcaption><\/figure>\n<pre><span style=\"color: #000000;\">Die ehrw\u00fcrdigen Buchen waren schon da, bevor das Automobil das Licht der Welt erblickte. Und dann haben sie alle Autos \u00fcberlebt. Jetzt sind sie alt genug, dass sich das Holz bestens verkaufen l\u00e4sst - und trotzdem viel zu jung zum Sterben. Gerade die Buchen h\u00e4tten noch runde 100 und paar mehr Jahre vor sich!\n \nDie Fratze des Massentourismus zeigt sich auch an akutem Personalmangel in allen touristischen Bereichen, an v\u00f6llig verstopften Stra\u00dfen und dem trotzdem ungebrochenen Bauwahn. <strong><span style=\"color: #0000ff;\">Obwohl R\u00fcgen voll ist.<\/span><\/strong> Die ersten Naturliebhaber haben R\u00fcgen von ihrer Urlaubs-Ziel-Liste schon gestrichen...<\/span><\/pre>\n<h6 style=\"text-align: center;\"><span style=\"color: #ff0000;\">Und mitten in diesem ganzen Get\u00f6se w\u00e4chst ganz friedlich ein neuer Urwald: In der GOOR bei Putbus. <span style=\"text-decoration: underline;\">Besch\u00fctzt<\/span> von der Michael-Succow-Stiftung.<\/span><\/h6>\n<figure id=\"attachment_4616\" aria-describedby=\"caption-attachment-4616\" style=\"width: 667px\" class=\"wp-caption alignnone\"><img loading=\"lazy\" decoding=\"async\" width=\"667\" height=\"500\" class=\"wp-image-4616\" alt=\"G_DSC04781\" src=\"http:\/\/inselreport.eu\/wp-content\/uploads\/2019\/03\/G_DSC04781-300x225.jpg\" srcset=\"https:\/\/inselreport.eu\/wp-content\/uploads\/2019\/03\/G_DSC04781-300x225.jpg 300w, https:\/\/inselreport.eu\/wp-content\/uploads\/2019\/03\/G_DSC04781-768x576.jpg 768w, https:\/\/inselreport.eu\/wp-content\/uploads\/2019\/03\/G_DSC04781-1024x768.jpg 1024w, https:\/\/inselreport.eu\/wp-content\/uploads\/2019\/03\/G_DSC04781-1200x900.jpg 1200w\" sizes=\"auto, (max-width: 709px) 85vw, (max-width: 909px) 67vw, (max-width: 984px) 61vw, (max-width: 1362px) 45vw, 600px\" \/><figcaption id=\"caption-attachment-4616\" class=\"wp-caption-text\">Ein Teilst\u00fcck auf dem &#8222;Weg der Mu\u00dfe und Erkenntnis&#8220; &#8211; direkt am Wasser<\/figcaption><\/figure>\n<p>Die Goor geh\u00f6rt gl\u00fccklicherweise zum Gr\u00f6\u00dften Teil der Michael-Succow-Stiftung und besteht \u00fcberwiegend aus Buchen und Stieleichen. Der Begr\u00fcnder der Stiftung ist Professor Michael Succow.<\/p>\n<pre><span style=\"color: #0000ff;\">Er erhielt 1997 den alternativen Nobelpreis der \"Right Livelehood Award Foundation\" in Stockholm. Das Preisgeld war sein Startkapital f\u00fcr die Gr\u00fcndung der Stiftung. Die Entwicklung und F\u00f6rderung von Welterbegebieten, Nationalparks und Biosph\u00e4renreservaten auf nationaler und internationaler Ebene sind ebenso Ziele, wie der Schutz und die Entwicklung von Feuchtgebieten, insbesondere von Mooren und S\u00fcmpfen.<\/span><\/pre>\n<p>Anfang 2004 wurden&nbsp;dieser Stiftung 60 Hektar&nbsp; der Goor \u00fcbertragen &#8211; von insgesamt 80 Hektar. Jetzt darf hier wieder ein Urwald wachsen. Jede Form der forstwirtschaftlichen Nutzung ist ausgeschlossen. Alles bleibt sich hier selbst \u00fcberlassen.<\/p>\n<p>Umso mehr lohnt sich eine Wanderung auf dem ausgeschilderten &#8222;Pfad der Mu\u00dfe und Erkenntnis&#8220;, der 4,2 km lang ist und 2008 errichtet wurde.<\/p>\n<figure id=\"attachment_4601\" aria-describedby=\"caption-attachment-4601\" style=\"width: 679px\" class=\"wp-caption alignnone\"><img loading=\"lazy\" decoding=\"async\" width=\"679\" height=\"509\" class=\"wp-image-4601\" alt=\"G_DSC04736\" src=\"http:\/\/inselreport.eu\/wp-content\/uploads\/2019\/03\/G_DSC04736-300x225.jpg\" srcset=\"https:\/\/inselreport.eu\/wp-content\/uploads\/2019\/03\/G_DSC04736-300x225.jpg 300w, https:\/\/inselreport.eu\/wp-content\/uploads\/2019\/03\/G_DSC04736-768x576.jpg 768w, https:\/\/inselreport.eu\/wp-content\/uploads\/2019\/03\/G_DSC04736-1024x768.jpg 1024w, https:\/\/inselreport.eu\/wp-content\/uploads\/2019\/03\/G_DSC04736-1200x900.jpg 1200w\" sizes=\"auto, (max-width: 709px) 85vw, (max-width: 909px) 67vw, (max-width: 984px) 61vw, (max-width: 1362px) 45vw, 600px\" \/><figcaption id=\"caption-attachment-4601\" class=\"wp-caption-text\">Auf diesem Schild &#8211; vor dem Badehaus Goor&#8220; ist neben den anderen Wegen der &#8222;Pfad der Mu\u00dfe und Erkenntnis&#8220; gelb eingezeichnet &#8211; mit den einzelnen Stationen.<\/figcaption><\/figure>\n<p>Die Mu\u00dfe stellt sich mit dem Weg alleine ein. An 19 Stationen, die durch nummerierte Findlinge markiert sind, bleibt Zeit zum Innehalten, Lauschen, Sp\u00fcren, Atmen. Und die Erkenntnis kommt am Schluss. Ja, am Schluss.<!--more--><\/p>\n<pre><span style=\"color: #0000ff;\">\u00dcbrigens: F\u00fcr Rollstuhlfahrer und Menschen mit Rollator ist der \"Pfad der Mu\u00dfe und Erkenntnis\" freilich nichts. Und Radfahren ist verboten. Kinderwagen? Klar, wenn die Eltern ihn ab und zu tragen... Und sind nat\u00fcrlich willkommen.<\/span><\/pre>\n<p>Der Pfad der Mu\u00dfe f\u00fchrt nicht immer nur auf den Hauptwegen entlang! Es lohnt sich also, die Karte vorher ausgiebig zu studieren. Wenn nicht &#8211; oder wenn die Mu\u00dfe fehlt, landest Du eben, wie alle anderen, die es eilig haben, wahrscheinlich zuerst bei Stein # 4. Das ist wirklich nicht direkt schlimm, weil Du ja weiter laufen kannst, zur\u00fcck gehen&#8230; es gibt da ganz viele Facetten, diesen Weg zu erkunden und die Mu\u00dfe mit der abschlie\u00dfenden Erkenntnis zu finden.<\/p>\n<pre>Dabei - wie gesagt f\u00fchrt dieser PFAD auch jenseits der Hauptwege direkt durch den Wald und will entsprechend gefunden werden - ertappen sich sogar Putbusser, die hier geboren wurden selbst und sagen: \"Hier bin ich noch nie gewesen\". Putbusser, die schon ein rundes halbes Jahrhundert hier leben!<\/pre>\n<figure id=\"attachment_4612\" aria-describedby=\"caption-attachment-4612\" style=\"width: 705px\" class=\"wp-caption alignnone\"><img loading=\"lazy\" decoding=\"async\" width=\"705\" height=\"529\" class=\"wp-image-4612\" alt=\"G_DSC04773\" src=\"http:\/\/inselreport.eu\/wp-content\/uploads\/2019\/03\/G_DSC04773-300x225.jpg\" srcset=\"https:\/\/inselreport.eu\/wp-content\/uploads\/2019\/03\/G_DSC04773-300x225.jpg 300w, https:\/\/inselreport.eu\/wp-content\/uploads\/2019\/03\/G_DSC04773-768x576.jpg 768w, https:\/\/inselreport.eu\/wp-content\/uploads\/2019\/03\/G_DSC04773-1024x768.jpg 1024w, https:\/\/inselreport.eu\/wp-content\/uploads\/2019\/03\/G_DSC04773-1200x900.jpg 1200w\" sizes=\"auto, (max-width: 709px) 85vw, (max-width: 909px) 67vw, (max-width: 984px) 61vw, (max-width: 1362px) 45vw, 600px\" \/><figcaption id=\"caption-attachment-4612\" class=\"wp-caption-text\">Hier angekommen und keine anderen gefunden? Da hat dann wohl die Mu\u00dfe gefehlt &#8211; am Besten: Gleich noch einmal zur\u00fcck!<\/figcaption><\/figure>\n<figure id=\"attachment_4600\" aria-describedby=\"caption-attachment-4600\" style=\"width: 660px\" class=\"wp-caption alignnone\"><img loading=\"lazy\" decoding=\"async\" width=\"660\" height=\"495\" class=\"wp-image-4600\" alt=\"G_DSC04732\" src=\"http:\/\/inselreport.eu\/wp-content\/uploads\/2019\/03\/G_DSC04732-300x225.jpg\" srcset=\"https:\/\/inselreport.eu\/wp-content\/uploads\/2019\/03\/G_DSC04732-300x225.jpg 300w, https:\/\/inselreport.eu\/wp-content\/uploads\/2019\/03\/G_DSC04732-768x576.jpg 768w, https:\/\/inselreport.eu\/wp-content\/uploads\/2019\/03\/G_DSC04732-1024x768.jpg 1024w, https:\/\/inselreport.eu\/wp-content\/uploads\/2019\/03\/G_DSC04732-1200x900.jpg 1200w\" sizes=\"auto, (max-width: 709px) 85vw, (max-width: 909px) 67vw, (max-width: 984px) 61vw, (max-width: 1362px) 45vw, 600px\" \/><figcaption id=\"caption-attachment-4600\" class=\"wp-caption-text\">Das &#8222;Badehaus Goor&#8220; in Lauterbach. Hinter diesem Hotel, Restaurant und tats\u00e4chlich auch BADE-Haus beginnt der Wanderpfad. \u00dcbrigens gibt es hier gegen eine Schutzgeb\u00fchr auch eine wundersch\u00f6ne Begleitbrosch\u00fcre f\u00fcr den Weg. Mit ausf\u00fchrlichen Erkl\u00e4rungen. Im Wald gibt es sonst keine Erkl\u00e4rungen!<\/figcaption><\/figure>\n<h3><span style=\"color: #0000ff;\">Station # 1 &#8211; Willkommen im Goor-Wald<\/span><\/h3>\n<p>Die Reise beginnt an einer Holzpfahlwand als 1. Station. Genau dort, wo die moderne Befestigung der Uferpromenade endet. Also HIER:<\/p>\n<p><img loading=\"lazy\" decoding=\"async\" width=\"744\" height=\"558\" class=\"alignnone wp-image-4597\" alt=\"G_DSC04671\" src=\"http:\/\/inselreport.eu\/wp-content\/uploads\/2019\/03\/G_DSC04671-300x225.jpg\" srcset=\"https:\/\/inselreport.eu\/wp-content\/uploads\/2019\/03\/G_DSC04671-300x225.jpg 300w, https:\/\/inselreport.eu\/wp-content\/uploads\/2019\/03\/G_DSC04671-768x576.jpg 768w, https:\/\/inselreport.eu\/wp-content\/uploads\/2019\/03\/G_DSC04671-1024x768.jpg 1024w, https:\/\/inselreport.eu\/wp-content\/uploads\/2019\/03\/G_DSC04671-1200x900.jpg 1200w\" sizes=\"auto, (max-width: 709px) 85vw, (max-width: 909px) 67vw, (max-width: 984px) 61vw, (max-width: 1362px) 45vw, 600px\" \/><\/p>\n<figure id=\"attachment_4599\" aria-describedby=\"caption-attachment-4599\" style=\"width: 631px\" class=\"wp-caption alignnone\"><img loading=\"lazy\" decoding=\"async\" width=\"631\" height=\"473\" class=\"wp-image-4599\" alt=\"G_DSC04674\" src=\"http:\/\/inselreport.eu\/wp-content\/uploads\/2019\/03\/G_DSC04674-300x225.jpg\" srcset=\"https:\/\/inselreport.eu\/wp-content\/uploads\/2019\/03\/G_DSC04674-300x225.jpg 300w, https:\/\/inselreport.eu\/wp-content\/uploads\/2019\/03\/G_DSC04674-768x576.jpg 768w, https:\/\/inselreport.eu\/wp-content\/uploads\/2019\/03\/G_DSC04674-1024x768.jpg 1024w, https:\/\/inselreport.eu\/wp-content\/uploads\/2019\/03\/G_DSC04674-1200x900.jpg 1200w\" sizes=\"auto, (max-width: 709px) 85vw, (max-width: 909px) 67vw, (max-width: 984px) 61vw, (max-width: 1362px) 45vw, 600px\" \/><figcaption id=\"caption-attachment-4599\" class=\"wp-caption-text\">Sch\u00f6ne Ausblicke auf die Insel Vilm am Anfang des Weges. Einst &#8222;Bonzeninsel&#8220;. Hier urlaubten Erich Honecker und Co. Heute w\u00e4chst auch da Urwald und nur im Rahmen gef\u00fchrter Wanderungen ist ein Besuch m\u00f6glich.<\/figcaption><\/figure>\n<p>Willkommen im Goor-Wald, der mit Blick auf das Wasser direkt im R\u00fccken liegt. Ein stimmungsvoller, einzigartiger K\u00fcstenwald.<\/p>\n<h3><span style=\"color: #0000ff;\">Station # 2 &#8211; Ein Blick in die Geschichte<\/span><\/h3>\n<figure id=\"attachment_4603\" aria-describedby=\"caption-attachment-4603\" style=\"width: 648px\" class=\"wp-caption alignnone\"><img loading=\"lazy\" decoding=\"async\" width=\"648\" height=\"486\" class=\"wp-image-4603\" alt=\"G_DSC04744\" src=\"http:\/\/inselreport.eu\/wp-content\/uploads\/2019\/03\/G_DSC04744-300x225.jpg\" srcset=\"https:\/\/inselreport.eu\/wp-content\/uploads\/2019\/03\/G_DSC04744-300x225.jpg 300w, https:\/\/inselreport.eu\/wp-content\/uploads\/2019\/03\/G_DSC04744-768x576.jpg 768w, https:\/\/inselreport.eu\/wp-content\/uploads\/2019\/03\/G_DSC04744-1024x768.jpg 1024w, https:\/\/inselreport.eu\/wp-content\/uploads\/2019\/03\/G_DSC04744-1200x900.jpg 1200w\" sizes=\"auto, (max-width: 709px) 85vw, (max-width: 909px) 67vw, (max-width: 984px) 61vw, (max-width: 1362px) 45vw, 600px\" \/><figcaption id=\"caption-attachment-4603\" class=\"wp-caption-text\">Leider sinnlos beschmiert&#8230;<\/figcaption><\/figure>\n<p>Und dann kommt links auch schon der zweite Stein. Auf ihm, wie auch auf allen anderen l\u00e4sst es sich gut sitzen. Wenngleich oft (nicht immer) auch eine Bank in der N\u00e4he steht, damit die Stimmungen und Ausblicke des Waldes optimal aufgenommen werden k\u00f6nnen. Momente zum Genie\u00dfen &#8211; jenseits der Hast.<\/p>\n<p>Sitzt Du gut? Dann kommst Du nicht umhin, Dich dem Holzpfahl zwischen Stein und Treppe zu widmen. Diese Pf\u00e4hle weisen ein bisschen den Weg. Oben sind Pfeile aufgemalt &#8211; ja, wie gesagt, der Weg ist &#8222;ausgeschildert&#8220;, nur eben anders als \u00fcblich. In diesem Fall zeigt der Pfeil (und zuf\u00e4llig auch der Schatten) an: Treppe hoch!<\/p>\n<p><img loading=\"lazy\" decoding=\"async\" width=\"664\" height=\"498\" class=\"alignnone wp-image-4602\" alt=\"G_DSC04743\" src=\"http:\/\/inselreport.eu\/wp-content\/uploads\/2019\/03\/G_DSC04743-300x225.jpg\" srcset=\"https:\/\/inselreport.eu\/wp-content\/uploads\/2019\/03\/G_DSC04743-300x225.jpg 300w, https:\/\/inselreport.eu\/wp-content\/uploads\/2019\/03\/G_DSC04743-768x576.jpg 768w, https:\/\/inselreport.eu\/wp-content\/uploads\/2019\/03\/G_DSC04743-1024x768.jpg 1024w, https:\/\/inselreport.eu\/wp-content\/uploads\/2019\/03\/G_DSC04743-1200x900.jpg 1200w\" sizes=\"auto, (max-width: 709px) 85vw, (max-width: 909px) 67vw, (max-width: 984px) 61vw, (max-width: 1362px) 45vw, 600px\" \/><\/p>\n<p>Unter der Treppe liegt die j\u00fcngste geologische Entstehungsgeschichte der Goor. Geschiebemergel &#8211; vor 12.000 Jahren von den abtauenden Gletschern hinterlassen, jetzt unter der Pflanzen- und Humusdecke verborgen. Genau wie auch Findlinge, von denen einige den Weg zieren.<\/p>\n<figure id=\"attachment_4604\" aria-describedby=\"caption-attachment-4604\" style=\"width: 693px\" class=\"wp-caption alignnone\"><img loading=\"lazy\" decoding=\"async\" width=\"693\" height=\"520\" class=\"wp-image-4604\" alt=\"G_DSC04746\" src=\"http:\/\/inselreport.eu\/wp-content\/uploads\/2019\/03\/G_DSC04746-300x225.jpg\" srcset=\"https:\/\/inselreport.eu\/wp-content\/uploads\/2019\/03\/G_DSC04746-300x225.jpg 300w, https:\/\/inselreport.eu\/wp-content\/uploads\/2019\/03\/G_DSC04746-768x576.jpg 768w, https:\/\/inselreport.eu\/wp-content\/uploads\/2019\/03\/G_DSC04746-1024x768.jpg 1024w, https:\/\/inselreport.eu\/wp-content\/uploads\/2019\/03\/G_DSC04746-1200x900.jpg 1200w\" sizes=\"auto, (max-width: 709px) 85vw, (max-width: 909px) 67vw, (max-width: 984px) 61vw, (max-width: 1362px) 45vw, 600px\" \/><figcaption id=\"caption-attachment-4604\" class=\"wp-caption-text\">Auch aus dem Wald &#8211; auf dem Weg zu Stein # 3 gibt es bezaubernde Aussichten und stimmungsvolle Eindr\u00fccke<\/figcaption><\/figure>\n<p>Je nach Tageszeit des Beginns der Wanderung, oder auch dessen Ende kannst Du traumhafte Eindr\u00fccke und Lichtspiele genie\u00dfen.<\/p>\n<p><img loading=\"lazy\" decoding=\"async\" width=\"620\" height=\"465\" class=\"alignnone wp-image-4638\" alt=\"G_DSC04871\" src=\"http:\/\/inselreport.eu\/wp-content\/uploads\/2019\/03\/G_DSC04871-300x225.jpg\" srcset=\"https:\/\/inselreport.eu\/wp-content\/uploads\/2019\/03\/G_DSC04871-300x225.jpg 300w, https:\/\/inselreport.eu\/wp-content\/uploads\/2019\/03\/G_DSC04871-768x576.jpg 768w, https:\/\/inselreport.eu\/wp-content\/uploads\/2019\/03\/G_DSC04871-1024x768.jpg 1024w, https:\/\/inselreport.eu\/wp-content\/uploads\/2019\/03\/G_DSC04871-1200x900.jpg 1200w\" sizes=\"auto, (max-width: 709px) 85vw, (max-width: 909px) 67vw, (max-width: 984px) 61vw, (max-width: 1362px) 45vw, 600px\" \/><\/p>\n<p><strong><span style=\"color: #0000ff;\">Also: Guten Weg! Wir sehen uns bei Stein # 3! <\/span><\/strong><em><strong><span style=\"color: #0000ff;\">&nbsp;<\/span><\/strong> (Fortsetzung folgt)<\/em><\/p>\n<p>\u00dcbrigens: Mit dem Wechsel der Jahreszeiten werden auch die Fotos in diesem Artikel noch erg\u00e4nzt!<\/p>\n<p style=\"text-align: right;\">Fotos: <span style=\"color: #ff0000;\">\u00a9<\/span> Marius Jaster<\/p>\n<p style=\"text-align: left;\"><span style=\"color: #800080;\"><em>Auch interessant:<\/em><\/span><\/p>\n<blockquote class=\"wp-embedded-content\" data-secret=\"e0ZrpPbJhQ\"><p><a href=\"http:\/\/inselreport.eu\/?p=1461\">Insel R\u00fcgen: R\u00dcGEN ist auf dem Holzweg!<\/a><\/p><\/blockquote>\n<p><iframe loading=\"lazy\" title=\"&#8222;Insel R\u00fcgen: R\u00dcGEN ist auf dem Holzweg!&#8220; &#8212; inselreport.eu\" class=\"wp-embedded-content\" sandbox=\"allow-scripts\" security=\"restricted\" style=\"position: absolute; clip: rect(1px, 1px, 1px, 1px);\" src=\"http:\/\/inselreport.eu\/?p=1461&#038;embed=true#?secret=e0ZrpPbJhQ\" data-secret=\"e0ZrpPbJhQ\" width=\"600\" height=\"338\" frameborder=\"0\" marginwidth=\"0\" marginheight=\"0\" scrolling=\"no\"><\/iframe><\/p>\n<blockquote class=\"wp-embedded-content\" data-secret=\"uerkX3W5uP\"><p><a href=\"http:\/\/inselreport.eu\/?p=673\">Wei\u00dfe Perle der Insel R\u00fcgen: Putbus. Hier begann das Baden auf R\u00fcgen. Heute tobt in Binz der Wahnsinn.<\/a><\/p><\/blockquote>\n<p><iframe loading=\"lazy\" title=\"&#8222;Wei\u00dfe Perle der Insel R\u00fcgen: Putbus. Hier begann das Baden auf R\u00fcgen. Heute tobt in Binz der Wahnsinn.&#8220; &#8212; inselreport.eu\" class=\"wp-embedded-content\" sandbox=\"allow-scripts\" security=\"restricted\" style=\"position: absolute; clip: rect(1px, 1px, 1px, 1px);\" src=\"http:\/\/inselreport.eu\/?p=673&#038;embed=true#?secret=uerkX3W5uP\" data-secret=\"uerkX3W5uP\" width=\"600\" height=\"338\" frameborder=\"0\" marginwidth=\"0\" marginheight=\"0\" scrolling=\"no\"><\/iframe><\/p>\n<p>&nbsp;<\/p>\n","protected":false},"excerpt":{"rendered":"<p>Der neue Urwald direkt am Wasser ist ein riesiges Geschenk&nbsp; Denn es ist nicht viel \u00fcbrig vom einst geplanten &#8222;sanften Tourismus&#8220; auf der Insel R\u00fcgen. Daf\u00fcr entfaltet der Massentourismus seine h\u00f6chste Bl\u00fcte. Erkennbar auch daran, dass die Kettens\u00e4gen unentwegt im Einsatz sind. Egal, ob Stra\u00dfen verbreitert oder neu gebaut werden, oder die B\u00e4ume wegen Ferienh\u00e4usern &hellip; <a href=\"https:\/\/inselreport.eu\/?p=4571\" class=\"more-link\"><span class=\"screen-reader-text\">\u201eInsel R\u00fcgen: Der &#8222;Pfad der Muse und Erkenntnis&#8220; (1) &#8211; Lets go to the Goor!\u201c<\/span> weiterlesen<\/a><\/p>\n","protected":false},"author":1,"featured_media":4582,"comment_status":"open","ping_status":"open","sticky":false,"template":"","format":"standard","meta":{"om_disable_all_campaigns":false,"_exactmetrics_skip_tracking":false,"_exactmetrics_sitenote_active":false,"_exactmetrics_sitenote_note":"","_exactmetrics_sitenote_category":0,"_uf_show_specific_survey":0,"_uf_disable_surveys":false,"footnotes":""},"categories":[2,53],"tags":[394,419,118,420,194,21,381,40,51],"class_list":["post-4571","post","type-post","status-publish","format-standard","has-post-thumbnail","hentry","category-insel-ruegen","category-reportage","tag-ferienhaus","tag-goor","tag-insel-ruegen-news","tag-michael-succow-stiftung","tag-nationalpark-jasmund","tag-ostsee","tag-ostsee-mit-hund","tag-ostsee-news","tag-urlaub"],"aioseo_notices":[],"_links":{"self":[{"href":"https:\/\/inselreport.eu\/index.php?rest_route=\/wp\/v2\/posts\/4571","targetHints":{"allow":["GET"]}}],"collection":[{"href":"https:\/\/inselreport.eu\/index.php?rest_route=\/wp\/v2\/posts"}],"about":[{"href":"https:\/\/inselreport.eu\/index.php?rest_route=\/wp\/v2\/types\/post"}],"author":[{"embeddable":true,"href":"https:\/\/inselreport.eu\/index.php?rest_route=\/wp\/v2\/users\/1"}],"replies":[{"embeddable":true,"href":"https:\/\/inselreport.eu\/index.php?rest_route=%2Fwp%2Fv2%2Fcomments&post=4571"}],"version-history":[{"count":38,"href":"https:\/\/inselreport.eu\/index.php?rest_route=\/wp\/v2\/posts\/4571\/revisions"}],"predecessor-version":[{"id":5057,"href":"https:\/\/inselreport.eu\/index.php?rest_route=\/wp\/v2\/posts\/4571\/revisions\/5057"}],"wp:featuredmedia":[{"embeddable":true,"href":"https:\/\/inselreport.eu\/index.php?rest_route=\/wp\/v2\/media\/4582"}],"wp:attachment":[{"href":"https:\/\/inselreport.eu\/index.php?rest_route=%2Fwp%2Fv2%2Fmedia&parent=4571"}],"wp:term":[{"taxonomy":"category","embeddable":true,"href":"https:\/\/inselreport.eu\/index.php?rest_route=%2Fwp%2Fv2%2Fcategories&post=4571"},{"taxonomy":"post_tag","embeddable":true,"href":"https:\/\/inselreport.eu\/index.php?rest_route=%2Fwp%2Fv2%2Ftags&post=4571"}],"curies":[{"name":"wp","href":"https:\/\/api.w.org\/{rel}","templated":true}]}}