{"id":4643,"date":"2019-03-17T18:45:15","date_gmt":"2019-03-17T17:45:15","guid":{"rendered":"http:\/\/inselreport.eu\/?p=4643"},"modified":"2019-12-02T12:05:06","modified_gmt":"2019-12-02T11:05:06","slug":"insel-ruegen-der-pfad-der-muse-und-erkenntnis-2-ab-in-den-urwald","status":"publish","type":"post","link":"https:\/\/inselreport.eu\/?p=4643","title":{"rendered":"Insel R\u00fcgen: Der &#8222;Pfad der Muse und Erkenntnis&#8220; (2) &#8211; Ab in den Urwald&#8230;"},"content":{"rendered":"<figure id=\"attachment_4602\" aria-describedby=\"caption-attachment-4602\" style=\"width: 640px\" class=\"wp-caption alignnone\"><img loading=\"lazy\" decoding=\"async\" class=\" wp-image-4602\" src=\"http:\/\/inselreport.eu\/wp-content\/uploads\/2019\/03\/G_DSC04743-300x225.jpg\" alt=\"\" width=\"640\" height=\"480\" srcset=\"https:\/\/inselreport.eu\/wp-content\/uploads\/2019\/03\/G_DSC04743-300x225.jpg 300w, https:\/\/inselreport.eu\/wp-content\/uploads\/2019\/03\/G_DSC04743-768x576.jpg 768w, https:\/\/inselreport.eu\/wp-content\/uploads\/2019\/03\/G_DSC04743-1024x768.jpg 1024w, https:\/\/inselreport.eu\/wp-content\/uploads\/2019\/03\/G_DSC04743-1200x900.jpg 1200w\" sizes=\"auto, (max-width: 709px) 85vw, (max-width: 909px) 67vw, (max-width: 984px) 61vw, (max-width: 1362px) 45vw, 600px\" \/><figcaption id=\"caption-attachment-4602\" class=\"wp-caption-text\">Am Stein # 2 f\u00fchrt die Treppe direkt in den neuen Urwald auf R\u00fcgen. Achte auch auf die Holzpf\u00e4hle. Dort ist oben die Richtung markiert. In diesem Fall zeigt sogar der Schatten den Weg.<\/figcaption><\/figure>\n<h6><span style=\"color: #0000ff;\">Stein #3 findest Du, wenn Du vom Wasser weg in den Wald gehst &#8211; direkt \u00fcber die Treppe an Stein # 2.\u00a0 Herrliche Aussichten er\u00f6ffnen sich &#8211; und noch ist der Wald von Licht durchflutet. Das \u00e4ndert sich, wenn sp\u00e4ter die B\u00e4ume ihr gr\u00fcnes Kleid wieder anziehen.<\/span><\/h6>\n<p><img loading=\"lazy\" decoding=\"async\" class=\"alignnone wp-image-4647\" src=\"http:\/\/inselreport.eu\/wp-content\/uploads\/2019\/03\/G_DSC04754-1-300x225.jpg\" alt=\"G_DSC04754\" width=\"868\" height=\"651\" srcset=\"https:\/\/inselreport.eu\/wp-content\/uploads\/2019\/03\/G_DSC04754-1-300x225.jpg 300w, https:\/\/inselreport.eu\/wp-content\/uploads\/2019\/03\/G_DSC04754-1-768x576.jpg 768w, https:\/\/inselreport.eu\/wp-content\/uploads\/2019\/03\/G_DSC04754-1-1024x768.jpg 1024w, https:\/\/inselreport.eu\/wp-content\/uploads\/2019\/03\/G_DSC04754-1-1200x900.jpg 1200w\" sizes=\"auto, (max-width: 709px) 85vw, (max-width: 909px) 67vw, (max-width: 1362px) 62vw, 840px\" \/><\/p>\n<h3><span style=\"color: #0000ff;\">Gleich einer Kathedrale<\/span><\/h3>\n<p>Von etwa 150-j\u00e4hrigen Rotbuchen umgeben kehrt an dieser Stelle Demut ein. Au\u00dfer den Ger\u00e4uschen der \u00c4ste und der V\u00f6gel herrscht absolute Stille. Oder der Wind macht den Moment noch geheimnisvoller.<\/p>\n<p>Die samtenen Moos\u00fcberz\u00fcge des Waldes sind Balsam f\u00fcr die Seele. Hinzu kommt im Fr\u00fchjahr das frische Gr\u00fcn, der wei\u00dfe Teppich aus B\u00e4rlauchbl\u00fcten, im fr\u00fchen Herbst dann das bl\u00fchende Heidekraut \u2013 jede Jahreszeit hat ihren eigenen Reiz, der beruhigend auf die Seele wirkt.<\/p>\n<p>Die Rotbuchen mit ihren glatten, manchmal silber schimmernden Rinden, sind vor etwa 3000 Jahren hier \u201eeingewandert\u201c. Deutschland ist ein ideales Land f\u00fcr diese B\u00e4ume \u2013 eine unserer st\u00e4rksten und vitalsten Baumarten. Durch die radikale wirtschaftliche Nutzung der Buchenw\u00e4lder \u00fcber Jahrhunderte hinweg machen Buchenw\u00e4lder nur noch etwa 15% des gesamten deutschen Waldbestandes aus. Rotbuchenw\u00e4lder, die sich ganz nat\u00fcrlich und vom Menschen ungenutzt entwickeln k\u00f6nnen, sind fast vollst\u00e4ndig vernichtet.<\/p>\n<p><!--more--><\/p>\n<p><img loading=\"lazy\" decoding=\"async\" class=\"alignnone wp-image-4650\" src=\"http:\/\/inselreport.eu\/wp-content\/uploads\/2019\/03\/G_DSC04763-1-225x300.jpg\" alt=\"G_DSC04763\" width=\"795\" height=\"1060\" srcset=\"https:\/\/inselreport.eu\/wp-content\/uploads\/2019\/03\/G_DSC04763-1-225x300.jpg 225w, https:\/\/inselreport.eu\/wp-content\/uploads\/2019\/03\/G_DSC04763-1-768x1024.jpg 768w, https:\/\/inselreport.eu\/wp-content\/uploads\/2019\/03\/G_DSC04763-1-1200x1600.jpg 1200w\" sizes=\"auto, (max-width: 709px) 85vw, (max-width: 909px) 67vw, (max-width: 984px) 61vw, (max-width: 1362px) 45vw, 600px\" \/><\/p>\n<p>Junge Rotbuchen neben alten &#8211; und dazwischen die Verg\u00e4nglichkeit abgestorbener B\u00e4ume &#8211; das ist in Deutschland rar. Nicht zuletzt, weil die Buche eins der wichtigsten Nutzh\u00f6lzer ist.<\/p>\n<p><img loading=\"lazy\" decoding=\"async\" class=\"alignnone wp-image-4651\" src=\"http:\/\/inselreport.eu\/wp-content\/uploads\/2019\/03\/G_DSC04764-1-225x300.jpg\" alt=\"G_DSC04764\" width=\"665\" height=\"887\" srcset=\"https:\/\/inselreport.eu\/wp-content\/uploads\/2019\/03\/G_DSC04764-1-225x300.jpg 225w, https:\/\/inselreport.eu\/wp-content\/uploads\/2019\/03\/G_DSC04764-1-768x1024.jpg 768w, https:\/\/inselreport.eu\/wp-content\/uploads\/2019\/03\/G_DSC04764-1-1200x1600.jpg 1200w\" sizes=\"auto, (max-width: 709px) 85vw, (max-width: 909px) 67vw, (max-width: 984px) 61vw, (max-width: 1362px) 45vw, 600px\" \/><\/p>\n<p>Umso mehr l\u00e4sst sich dieser Moment sch\u00e4tzen. Dank der Michael-Succow-Stiftung d\u00fcrfen die Rotbuchen hier so lange leben, wie sie wollen. Ein Fest f\u00fcr unsere Kinder und Enkel!<\/p>\n<p><img loading=\"lazy\" decoding=\"async\" class=\"alignnone wp-image-4644\" src=\"http:\/\/inselreport.eu\/wp-content\/uploads\/2019\/03\/G_DSC04767-300x225.jpg\" alt=\"G_DSC04767\" width=\"629\" height=\"472\" srcset=\"https:\/\/inselreport.eu\/wp-content\/uploads\/2019\/03\/G_DSC04767-300x225.jpg 300w, https:\/\/inselreport.eu\/wp-content\/uploads\/2019\/03\/G_DSC04767-768x576.jpg 768w, https:\/\/inselreport.eu\/wp-content\/uploads\/2019\/03\/G_DSC04767-1024x768.jpg 1024w, https:\/\/inselreport.eu\/wp-content\/uploads\/2019\/03\/G_DSC04767-1200x900.jpg 1200w\" sizes=\"auto, (max-width: 709px) 85vw, (max-width: 909px) 67vw, (max-width: 984px) 61vw, (max-width: 1362px) 45vw, 600px\" \/><\/p>\n<p>Genie\u00dfe die Fotos, und &#8211; wenn die Zeit reif ist &#8211; den Spiegel der Jahreszeiten.<\/p>\n<p><span style=\"color: #800080;\">Bis bald an Stein # 4!<\/span> \u00a0 \u00a0 \u00a0 \u00a0\u00a0 <em>(Fortsetzung folgt)<\/em><\/p>\n<p><img loading=\"lazy\" decoding=\"async\" class=\"alignnone wp-image-4653\" src=\"http:\/\/inselreport.eu\/wp-content\/uploads\/2019\/03\/G_DSC04766-300x225.jpg\" alt=\"G_DSC04766\" width=\"669\" height=\"502\" srcset=\"https:\/\/inselreport.eu\/wp-content\/uploads\/2019\/03\/G_DSC04766-300x225.jpg 300w, https:\/\/inselreport.eu\/wp-content\/uploads\/2019\/03\/G_DSC04766-768x576.jpg 768w, https:\/\/inselreport.eu\/wp-content\/uploads\/2019\/03\/G_DSC04766-1024x768.jpg 1024w, https:\/\/inselreport.eu\/wp-content\/uploads\/2019\/03\/G_DSC04766-1200x900.jpg 1200w\" sizes=\"auto, (max-width: 709px) 85vw, (max-width: 909px) 67vw, (max-width: 984px) 61vw, (max-width: 1362px) 45vw, 600px\" \/><\/p>\n<p style=\"text-align: right;\">Fotos:<span style=\"color: #ff0000;\">\u00a0\u00a9<\/span> Marius Jaster<\/p>\n<figure id=\"attachment_4610\" aria-describedby=\"caption-attachment-4610\" style=\"width: 681px\" class=\"wp-caption alignnone\"><img loading=\"lazy\" decoding=\"async\" class=\"wp-image-4610\" src=\"http:\/\/inselreport.eu\/wp-content\/uploads\/2019\/03\/G_DSC04771-300x225.jpg\" alt=\"G_DSC04771\" width=\"681\" height=\"511\" srcset=\"https:\/\/inselreport.eu\/wp-content\/uploads\/2019\/03\/G_DSC04771-300x225.jpg 300w, https:\/\/inselreport.eu\/wp-content\/uploads\/2019\/03\/G_DSC04771-768x576.jpg 768w, https:\/\/inselreport.eu\/wp-content\/uploads\/2019\/03\/G_DSC04771-1024x768.jpg 1024w, https:\/\/inselreport.eu\/wp-content\/uploads\/2019\/03\/G_DSC04771-1200x900.jpg 1200w\" sizes=\"auto, (max-width: 709px) 85vw, (max-width: 909px) 67vw, (max-width: 984px) 61vw, (max-width: 1362px) 45vw, 600px\" \/><figcaption id=\"caption-attachment-4610\" class=\"wp-caption-text\">Mitten am Fu\u00dfe einer Buche ein Loch mit einem &#8222;Mini-Teich&#8220;<\/figcaption><\/figure>\n<p style=\"text-align: left;\">\u00a0<em><span style=\"color: #0000ff;\">Hier geht es zum ersten Teil mit der Einf\u00fchrung:<\/span><\/em><\/p>\n<blockquote class=\"wp-embedded-content\" data-secret=\"vbDyPcmjFG\"><p><a href=\"http:\/\/inselreport.eu\/?p=4571\">Insel R\u00fcgen: Der &#8222;Pfad der Muse und Erkenntnis&#8220; (1) &#8211; Lets go to the Goor!<\/a><\/p><\/blockquote>\n<p><iframe loading=\"lazy\" title=\"&#8222;Insel R\u00fcgen: Der &#8222;Pfad der Muse und Erkenntnis&#8220; (1) &#8211; Lets go to the Goor!&#8220; &#8212; inselreport.eu\" class=\"wp-embedded-content\" sandbox=\"allow-scripts\" security=\"restricted\" style=\"position: absolute; clip: rect(1px, 1px, 1px, 1px);\" src=\"http:\/\/inselreport.eu\/?p=4571&#038;embed=true#?secret=vbDyPcmjFG\" data-secret=\"vbDyPcmjFG\" width=\"600\" height=\"338\" frameborder=\"0\" marginwidth=\"0\" marginheight=\"0\" scrolling=\"no\"><\/iframe><\/p>\n<p><strong><em><span style=\"color: #0000ff;\">Auch interessant:<\/span><\/em><\/strong><\/p>\n<blockquote class=\"wp-embedded-content\" data-secret=\"nXeE7zO1DN\"><p><a href=\"http:\/\/inselreport.eu\/?p=69\">Die Magie der R\u00fcgener Buchenw\u00e4lder<\/a><\/p><\/blockquote>\n<p><iframe loading=\"lazy\" title=\"&#8222;Die Magie der R\u00fcgener Buchenw\u00e4lder&#8220; &#8212; inselreport.eu\" class=\"wp-embedded-content\" sandbox=\"allow-scripts\" security=\"restricted\" style=\"position: absolute; clip: rect(1px, 1px, 1px, 1px);\" src=\"http:\/\/inselreport.eu\/?p=69&#038;embed=true#?secret=nXeE7zO1DN\" data-secret=\"nXeE7zO1DN\" width=\"600\" height=\"338\" frameborder=\"0\" marginwidth=\"0\" marginheight=\"0\" scrolling=\"no\"><\/iframe><\/p>\n","protected":false},"excerpt":{"rendered":"<p>Stein #3 findest Du, wenn Du vom Wasser weg in den Wald gehst &#8211; direkt \u00fcber die Treppe an Stein # 2.\u00a0 Herrliche Aussichten er\u00f6ffnen sich &#8211; und noch ist der Wald von Licht durchflutet. Das \u00e4ndert sich, wenn sp\u00e4ter die B\u00e4ume ihr gr\u00fcnes Kleid wieder anziehen. Gleich einer Kathedrale Von etwa 150-j\u00e4hrigen Rotbuchen umgeben &hellip; <a href=\"https:\/\/inselreport.eu\/?p=4643\" class=\"more-link\"><span class=\"screen-reader-text\">\u201eInsel R\u00fcgen: Der &#8222;Pfad der Muse und Erkenntnis&#8220; (2) &#8211; Ab in den Urwald&#8230;\u201c<\/span> weiterlesen<\/a><\/p>\n","protected":false},"author":1,"featured_media":4645,"comment_status":"open","ping_status":"open","sticky":false,"template":"","format":"standard","meta":{"om_disable_all_campaigns":false,"_exactmetrics_skip_tracking":false,"_exactmetrics_sitenote_active":false,"_exactmetrics_sitenote_note":"","_exactmetrics_sitenote_category":0,"_uf_show_specific_survey":0,"_uf_disable_surveys":false,"footnotes":""},"categories":[2,53],"tags":[419,118,21,381,40,51],"class_list":["post-4643","post","type-post","status-publish","format-standard","has-post-thumbnail","hentry","category-insel-ruegen","category-reportage","tag-goor","tag-insel-ruegen-news","tag-ostsee","tag-ostsee-mit-hund","tag-ostsee-news","tag-urlaub"],"aioseo_notices":[],"_links":{"self":[{"href":"https:\/\/inselreport.eu\/index.php?rest_route=\/wp\/v2\/posts\/4643","targetHints":{"allow":["GET"]}}],"collection":[{"href":"https:\/\/inselreport.eu\/index.php?rest_route=\/wp\/v2\/posts"}],"about":[{"href":"https:\/\/inselreport.eu\/index.php?rest_route=\/wp\/v2\/types\/post"}],"author":[{"embeddable":true,"href":"https:\/\/inselreport.eu\/index.php?rest_route=\/wp\/v2\/users\/1"}],"replies":[{"embeddable":true,"href":"https:\/\/inselreport.eu\/index.php?rest_route=%2Fwp%2Fv2%2Fcomments&post=4643"}],"version-history":[{"count":17,"href":"https:\/\/inselreport.eu\/index.php?rest_route=\/wp\/v2\/posts\/4643\/revisions"}],"predecessor-version":[{"id":5311,"href":"https:\/\/inselreport.eu\/index.php?rest_route=\/wp\/v2\/posts\/4643\/revisions\/5311"}],"wp:featuredmedia":[{"embeddable":true,"href":"https:\/\/inselreport.eu\/index.php?rest_route=\/wp\/v2\/media\/4645"}],"wp:attachment":[{"href":"https:\/\/inselreport.eu\/index.php?rest_route=%2Fwp%2Fv2%2Fmedia&parent=4643"}],"wp:term":[{"taxonomy":"category","embeddable":true,"href":"https:\/\/inselreport.eu\/index.php?rest_route=%2Fwp%2Fv2%2Fcategories&post=4643"},{"taxonomy":"post_tag","embeddable":true,"href":"https:\/\/inselreport.eu\/index.php?rest_route=%2Fwp%2Fv2%2Ftags&post=4643"}],"curies":[{"name":"wp","href":"https:\/\/api.w.org\/{rel}","templated":true}]}}