{"id":4667,"date":"2019-03-30T12:04:21","date_gmt":"2019-03-30T11:04:21","guid":{"rendered":"http:\/\/inselreport.eu\/?p=4667"},"modified":"2019-11-26T10:49:56","modified_gmt":"2019-11-26T09:49:56","slug":"bjoern-casapietra-die-tour-2019","status":"publish","type":"post","link":"https:\/\/inselreport.eu\/?p=4667","title":{"rendered":"BJ\u00d6RN CASAPIETRA &#8211; Die Tour 2019:"},"content":{"rendered":"<h3 style=\"text-align: center;\">Ganz sicher auch in Deiner N\u00e4he!<\/h3>\n<p><!--more--><\/p>\n<h3 style=\"text-align: center;\"><span style=\"color: #0000ff;\"><em>Hallelujah &#8211; Die sch\u00f6nsten Himmelslieder\u00a0<\/em><\/span><\/h3>\n<p><img loading=\"lazy\" decoding=\"async\" class=\"wp-image-4669 alignleft\" src=\"http:\/\/inselreport.eu\/wp-content\/uploads\/2019\/03\/Pressefoto0-200x300.jpg\" alt=\"Pressefoto0\" width=\"338\" height=\"507\" srcset=\"https:\/\/inselreport.eu\/wp-content\/uploads\/2019\/03\/Pressefoto0-200x300.jpg 200w, https:\/\/inselreport.eu\/wp-content\/uploads\/2019\/03\/Pressefoto0-768x1152.jpg 768w, https:\/\/inselreport.eu\/wp-content\/uploads\/2019\/03\/Pressefoto0-683x1024.jpg 683w, https:\/\/inselreport.eu\/wp-content\/uploads\/2019\/03\/Pressefoto0-1200x1800.jpg 1200w\" sizes=\"auto, (max-width: 338px) 85vw, 338px\" \/><\/p>\n<p>Ein rappelvolles Haus und stehende Ovationen, so kennt man es, wenn <strong>Bj\u00f6rn<\/strong> <strong>Casapietra<\/strong> mit seiner Tournee unterwegs ist. Die Presse titelte: \u201eEin Konzert, das die Herzen des Publikums ber\u00fchrte.\u201d; und genau das kann man von <strong>Bj\u00f6rn<\/strong> <strong>Casapietra<\/strong> 2019 erwarten <strong>&#8211;<\/strong> <strong><em>Hallelujah &#8211; Die sch\u00f6nsten Himmelslieder<\/em><\/strong>.<\/p>\n<p>Der S\u00e4nger ist seinem Motto \u00fcber die Jahre stets treu geblieben: Musik muss Herz und Seele ber\u00fchren sowie Hoffnung und Zuversicht unter die Menschen bringen, besonders in unruhigen Zeiten. Welche Lieder verm\u00f6gen dies besser, als vertonte Gebete &#8211; seit nahezu 20 Jahren sind sie Teil von <strong>Casapietras<\/strong> Chart-Erfolgen. Was mit einem traumhaften \u201eAmazing Grace\u201d begann, gipfelt auf seinem aktuellen Studioalbum in Leonard Cohens <strong>\u201e<\/strong><strong>Hallelujah<\/strong><strong>\u201d<\/strong>, einem ergreifenden <strong><em>Himmelslied<\/em><\/strong> sondersgleichen, dessen <strong>Casapietrasche<\/strong> Interpretation einem den Atem nimmt. <span style=\"color: #800080;\"><em>(Der komplette Tour-Plan am Ende des Artikels)<\/em><\/span><!--more--><\/p>\n<p>Die <strong><em>Lieder des Himmels<\/em><\/strong> sollen <strong>Casapietras<\/strong> Publikum im Inneren ber\u00fchren. \u201eIn beseeltem Vortrag erreichte er das begeisterte Publikum mit seiner leidenschaftlichen, einf\u00fchlsamen Art.\u201d, so beschrieb k\u00fcrzlich das <em>Meininger Tageblatt<\/em> eines seiner Konzerte. Die <em>Neue Osnabr\u00fccker Zeitung<\/em> lobte seine \u201e&#8230; fesselnde Intensit\u00e4t, die ebenso zart wie eindringlich jeder Silbe nachsp\u00fcrt.\u201d<\/p>\n<p>Der Vollblutmusiker \u00fcberzeugt nicht nur seit Jahren mit seiner musikalischen Darbietung, vielmehr spannt <strong>Bj\u00f6rn Casapietra<\/strong> mit seiner gef\u00fchlvollen Stimme und seinem speziellen Humor, einen eindrucksvollen Bogen von der klassisch-geistlichen bis zur weltlichen Musik, und belegt so auf eindrucksvolle Weise, dass es keinen Widerspruch zwischen Anspruch und Unterhaltung gibt.<\/p>\n<p><strong>Casapietra<\/strong> w\u00e4re nicht <strong>Casapietra<\/strong>, wenn er nicht immer etwas Neues bieten w\u00fcrde; so begleitet ihn bei ausgew\u00e4hlten Konzerten seine zehnj\u00e4hrige Tochter Stella, mit der er im Duett Schuberts \u201eAve Maria\u201d, die Vertonung eines der bewegendsten Gedichte der Neuzeit, Bonhoeffers \u201eVon guten M\u00e4chten wunderbar geborgen\u201d\u00a0 und erstmals die Hymne des freien Europas, die \u201eOde an die Freude\u201d singen wird.<\/p>\n<p>In wundersch\u00f6nen Kirchen und ausgesuchten S\u00e4len umfasst sein Repertoire neben geistlichen Liedern wie \u201ePanis Angelicus\u201d, Mozarts \u201eAve Verum\u201d, Bach-Gounods ber\u00fchmtes \u201eAve Maria\u201d sowie schmelzende Klassiker der Musikgeschichte wie Franz Schuberts \u201eMille cherubini in coro\u201d als auch das weltber\u00fchmte \u201eYou Raise Me Up\u201d. Aber auch der Sensationserfolg \u201eGabriellas Song\u201d aus dem mehrfach ausgezeichneten Kinofilm <strong><em>\u201eWie im Himmel\u201d<\/em><\/strong> und das traumhafte \u201eGuten Abend, gut\u2018 Nacht\u201d von Johannes Brahms stehen auf <strong>Casapietras<\/strong> Plan f\u00fcr einen unvergesslichen Konzertabend.<\/p>\n<p><img loading=\"lazy\" decoding=\"async\" class=\"wp-image-4670 alignleft\" src=\"http:\/\/inselreport.eu\/wp-content\/uploads\/2019\/03\/Pressefoto3-204x300.jpg\" alt=\"Pressefoto3\" width=\"408\" height=\"600\" srcset=\"https:\/\/inselreport.eu\/wp-content\/uploads\/2019\/03\/Pressefoto3-204x300.jpg 204w, https:\/\/inselreport.eu\/wp-content\/uploads\/2019\/03\/Pressefoto3-768x1127.jpg 768w, https:\/\/inselreport.eu\/wp-content\/uploads\/2019\/03\/Pressefoto3-698x1024.jpg 698w, https:\/\/inselreport.eu\/wp-content\/uploads\/2019\/03\/Pressefoto3-1200x1761.jpg 1200w, https:\/\/inselreport.eu\/wp-content\/uploads\/2019\/03\/Pressefoto3.jpg 1667w\" sizes=\"auto, (max-width: 408px) 85vw, 408px\" \/><\/p>\n<p>Hohe Musikalit\u00e4t, das au\u00dfergew\u00f6hnlich baritonal warme Timbre seiner Stimme sowie seine stimmtechnische und stilistische Souver\u00e4nit\u00e4t sprechen f\u00fcr sich. Jiddische Wiegenlieder, italienische geistliche Ges\u00e4nge sowie keltische Gebete an die Natur &#8211; egal was <strong>Casapietra<\/strong> singt, das Publikum dankt es ihm mit seit Jahren oft ausverkauften Konzerten.<\/p>\n<p>Lassen Sie sich von <strong>Bj\u00f6rn Casapietra<\/strong> entf\u00fchren in eine Welt voller Harmonie, lehnen Sie sich zur\u00fcck und genie\u00dfen Sie, singen Sie mit und klatschen Sie! Lassen Sie sich verzaubern von einem musikalischen Abend an einem ganz besonderen Ort.<\/p>\n<p><strong>Casapietras<\/strong>, seit Jahren von Publikum und Presse, hoch gelobter Pianist ist auch diesmal wieder Peter Forster, der den Startenor ausdrucksstark und einf\u00fchlsam begleitet.<\/p>\n<p><strong><em>Hallelujah<\/em><\/strong> &#8211; ein Konzerterlebnis wie ein Statement f\u00fcr Liebe, Hoffnung und die Zuversicht, all die sch\u00f6nen Dinge auf der Welt erleben zu d\u00fcrfen. Ganz unmittelbar erreicht <strong>Casapietra<\/strong> seine Zuh\u00f6rer mit einer klaren Botschaft gegen Hass und Intoleranz hin zu den wahren Werten, von denen sie zeugen, seine ganz speziellen <strong><em>Himmelslieder<\/em><\/strong>, und gewinnt damit die Herzen der Menschen, und zwar nachhaltig.<\/p>\n<p>\u201eIch m\u00f6chte sp\u00fcren, dass meine Musik die Menschen ber\u00fchrt, verzaubert, mitrei\u00dft und ich es schaffe, ihre Herzen f\u00fcr einen Abend zum Gl\u00fchen zu bringen, so dass die Sterne am Nachthimmel heller leuchten, wenn das Publikum nach Hause geht!\u201c, das ist es, was <strong>Bj\u00f6rn Casapietra<\/strong> antreibt.<\/p>\n<p><em>Karten gibt es deutschlandweit bei allen bekannten VVK-Stellen, auch in Ihrer N\u00e4he sowie online bei Eventim, Ticketonline und getgo und weiteren Anbietern.<\/em><\/p>\n<table width=\"1015\">\n<tbody>\n<tr>\n<td colspan=\"4\" width=\"1015\">\n<p><strong>Bj\u00f6rn Casapietra <\/strong>\u00bbHallelujah &#8211; Die sch\u00f6nsten Himmelslieder \u00ab<\/td>\n<\/tr>\n<tr>\n<td width=\"115\"><strong>20. April 2019<\/strong><\/td>\n<td width=\"108\">Sa.,19 Uhr<\/td>\n<td width=\"336\"><strong>EISENBERG (TH\u00dcR.)<\/strong><\/p>\n<p>Schlosskirche<\/td>\n<td width=\"456\">Eisenberg-Info, Tel.: (03 66 91) 7 34 54<\/p>\n<p>info@stadt-eisenberg.de<\/td>\n<\/tr>\n<tr>\n<td width=\"115\"><strong>18. Mai 2019<\/strong><\/td>\n<td width=\"108\">Sa.,19 Uhr<\/td>\n<td width=\"336\"><strong>BURG STARGARD (MECKL.)<\/strong><\/p>\n<p>Johanneskirche<\/td>\n<td width=\"456\">Touristeninformation, Tel.: (03 96 03) 2 53 55<\/p>\n<p>Pfarramt, Tel.: (03 96 03) 2 07 54<\/p>\n<p>eventim.de, Tel.: 0 18 06 57 00 70<\/p>\n<p>ticketonline.de, Tel.: 0 18 06 4 47 00 00<\/p>\n<p>getgo.de, Tel.: 0 18 06 57 00 80<\/td>\n<\/tr>\n<tr>\n<td width=\"115\"><strong>25. Mai 2019<\/strong><\/td>\n<td width=\"108\">Sa., 18 Uhr<\/td>\n<td width=\"336\"><strong>LEUNA <\/strong><\/p>\n<p>Friedenskirche<\/td>\n<td width=\"456\">Stadtinfo, Tel.: (0 34 61) 81 49 61<\/p>\n<p>eventim.de, Tel.: 0 18 06 57 00 70<\/p>\n<p>ticketonline.de, Tel.: 0 18 06 4 47 00 00<\/p>\n<p>getgo.de, Tel.: 0 18 06 57 00 80<\/td>\n<\/tr>\n<tr>\n<td width=\"115\"><strong>26. Mai 2019\u00a0 <\/strong><\/td>\n<td width=\"108\">So.,18 Uhr<\/td>\n<td width=\"336\"><strong>ZEUTHEN BEI BERLIN<\/strong><\/p>\n<p>Lutherkirche<\/td>\n<td width=\"456\">Reiseb\u00fcro Steinh\u00f6fel &amp; Borck Zeuthen, Tel.: (03 37 62) 7 21 21<\/p>\n<p>Kirchenb\u00fcro Zeuthen, Tel.: (03 37 62) 9 33 13 (Di. 12-18 Uhr)<\/p>\n<p>Eichwalder Buchhandlung, Tel.: (0 30) 6 75 85 11<\/p>\n<p>eventim.de, Tel.: 0 18 06 57 00 70<\/p>\n<p>ticketonline.de, Tel.: 0 18 06 4 47 00 00<\/p>\n<p>getgo.de, Tel.: 0 18 06 57 00 80<\/td>\n<\/tr>\n<tr>\n<td width=\"115\"><strong>30. Mai 2019\u00a0 <\/strong><\/td>\n<td width=\"108\">Do.,17 Uhr<\/p>\n<p>(Himmelfahrt)<\/td>\n<td width=\"336\"><strong>HANSESTADT HAVELBERG<\/strong><\/p>\n<p>Dom<\/td>\n<td width=\"456\">biberticket.de (Volksstimme Service-Punkt), Tel.: (0391) 5 999 700<\/p>\n<p>eventim.de, Tel.: 0 18 06 57 00 70<\/p>\n<p>ticketonline.de, Tel.: 0 18 06 4 47 00 00<\/p>\n<p>getgo.de, Tel.: 0 18 06 57 00 80<\/td>\n<\/tr>\n<tr>\n<td width=\"115\"><strong>15. Juni 2019 \u00a0\u00a0\u00a0\u00a0\u00a0\u00a0\u00a0\u00a0\u00a0\u00a0\u00a0 <\/strong><\/td>\n<td width=\"108\">Sa.,18 Uhr<\/td>\n<td width=\"336\"><strong>HANSESTADT STRALSUND<\/strong><\/p>\n<p>Kulturkirche<\/td>\n<td width=\"456\">eventim.de, Tel.: 0 18 06 57 00 70<\/p>\n<p>ticketonline.de, Tel.: 0 18 06 4 47 00 00<\/p>\n<p>getgo.de, Tel.: 0 18 06 57 00 80<\/td>\n<\/tr>\n<tr>\n<td width=\"115\"><strong>29. Juni 2019<\/strong><\/td>\n<td width=\"108\">Sa.,19 Uhr<\/td>\n<td width=\"336\"><strong>HANSESTADT ANKLAM<\/strong><\/p>\n<p>Nikolaikirche<\/td>\n<td width=\"456\">eventim.de, Tel.: 0 18 06 57 00 70<\/p>\n<p>ticketonline.de, Tel.: 0 18 06 4 47 00 00<\/p>\n<p>getgo.de, Tel.: 0 18 06 57 00 80<\/td>\n<\/tr>\n<tr>\n<td width=\"115\"><strong><em>03. Aug. 2019<\/em><\/strong><\/td>\n<td width=\"108\"><em>Sa., .. Uhr<\/em><\/td>\n<td width=\"336\"><strong><em>TREBBIN (BRANDENBURG)<\/em><\/strong><\/p>\n<p><em>Kleiner Glaspalast (italienische Nacht)<\/em><\/td>\n<td width=\"456\"><em>reservix.de, Tel.: 01 8 06 700 733<\/em><\/td>\n<\/tr>\n<tr>\n<td width=\"115\"><strong>18. Aug. 2019 <\/strong><\/td>\n<td width=\"108\">So.,18 Uhr<\/td>\n<td width=\"336\"><strong>GREVESM\u00dcHLEN (MECKL.)<\/strong><\/p>\n<p>Nikolaikirche<\/td>\n<td width=\"456\">eventim.de, Tel.: 0 18 06 57 00 70<\/p>\n<p>ticketonline.de, Tel.: 0 18 06 4 47 00 00<\/p>\n<p>getgo.de, Tel.: 0 18 06 57 00 80<\/td>\n<\/tr>\n<tr>\n<td width=\"115\"><strong>23. Aug. 2019 <\/strong><\/td>\n<td width=\"108\">Fr.,19 Uhr<\/td>\n<td width=\"336\"><strong>MAGDEBURG<\/strong><\/p>\n<p>Wallonerkirche Altstadt<\/td>\n<td width=\"456\">biberticket.de (Volksstimme Service Center), Tel.: (0391) 5 999 700<\/p>\n<p>eventim.de, Tel.: 0 18 06 57 00 70<\/p>\n<p>ticketonline.de, Tel.: 0 18 06 4 47 00 00<\/p>\n<p>getgo.de, Tel.: 0 18 06 57 00 80<\/td>\n<\/tr>\n<tr>\n<td width=\"115\"><strong>24. Aug. 2019 <\/strong><\/td>\n<td width=\"108\">Sa.,19 Uhr<\/td>\n<td width=\"336\"><strong>THALB\u00dcRGEL (TH\u00dcR.)<\/strong><\/p>\n<p>Klosterkirche<\/p>\n<p>(47. Konzertsommer Thalb\u00fcrgel)<\/td>\n<td width=\"456\">eventim.de, Tel.: 0 18 06 57 00 70<\/p>\n<p>ticketonline.de, Tel.: 0 18 06 4 47 00 00<\/p>\n<p>getgo.de, Tel.: 0 18 06 57 00 80<\/td>\n<\/tr>\n<tr>\n<td width=\"115\"><strong>06. Sept. 2019 \u00a0\u00a0\u00a0\u00a0\u00a0\u00a0\u00a0\u00a0\u00a0\u00a0\u00a0\u00a0\u00a0\u00a0\u00a0\u00a0\u00a0\u00a0\u00a0\u00a0\u00a0\u00a0\u00a0 <\/strong><\/td>\n<td width=\"108\">Fr.,17 Uhr<\/td>\n<td width=\"336\"><strong>MARKKLEEBERG BEI LEIPZIG<\/strong><\/p>\n<p>Lutherkirche<\/p>\n<p>(Benefizkonzert f\u00fcr Stiftung B\u00e4renherz Leipzig)<\/td>\n<td width=\"456\">eventim.de, Tel.: 0 18 06 57 00 70<\/p>\n<p>ticketonline.de, Tel.: 0 18 06 4 47 00 00<\/p>\n<p>getgo.de, Tel.: 0 18 06 57 00 80<\/td>\n<\/tr>\n<tr>\n<td width=\"115\"><strong>14. Sept. 2019 \u00a0\u00a0\u00a0\u00a0\u00a0\u00a0\u00a0\u00a0\u00a0\u00a0\u00a0 <\/strong><\/td>\n<td width=\"108\">Sa.,18 Uhr<\/td>\n<td width=\"336\"><strong>SONNEBERG BEI COBURG<\/strong><\/p>\n<p>Stadtkirche<\/td>\n<td width=\"456\">eventim.de, Tel.: 0 18 06 57 00 70<\/p>\n<p>ticketonline.de, Tel.: 0 18 06 4 47 00 00<\/p>\n<p>getgo.de, Tel.: 0 18 06 57 00 80<\/td>\n<\/tr>\n<tr>\n<td width=\"115\"><strong>16. Okt. 2019 <\/strong><\/td>\n<td width=\"108\">Mi.,18 Uhr<\/td>\n<td width=\"336\"><strong>G\u00dcSTEN (ANHALT)<\/strong><\/p>\n<p>Vituskirche<\/td>\n<td width=\"456\">biberticket.de (Volksstimme Lotto M\u00fcller), Tel.: (0391) 5 999 700<\/p>\n<p>eventim.de, Tel.: 0 18 06 57 00 70<\/p>\n<p>ticketonline.de, Tel.: 0 18 06 4 47 00 00<\/p>\n<p>getgo.de, Tel.: 0 18 06 57 00 80<\/td>\n<\/tr>\n<tr>\n<td width=\"115\"><strong>25. Okt. 2019 <\/strong><\/td>\n<td width=\"108\">Fr.,19 Uhr<\/td>\n<td width=\"336\"><strong>SCHULAU BEI HAMBURG<\/strong><\/p>\n<p>Christuskirche<\/td>\n<td width=\"456\">eventim.de, Tel.: 0 18 06 57 00 70<\/p>\n<p>ticketonline.de, Tel.: 0 18 06 4 47 00 00<\/p>\n<p>getgo.de, Tel.: 0 18 06 57 00 80<\/td>\n<\/tr>\n<tr>\n<td width=\"115\"><strong>09. Nov. 2019<\/strong><\/td>\n<td width=\"108\">Sa.,18 Uhr<\/td>\n<td width=\"336\"><strong>HETTSTEDT (ANHALT)<\/strong><\/p>\n<p>Jakobikirche<\/p>\n<p>(Festkonzert 30 Jahre Mauerfall mit Chor)<\/td>\n<td width=\"456\">eventim.de, Tel.: 0 18 06 57 00 70<\/p>\n<p>ticketonline.de, Tel.: 0 18 06 4 47 00 00<\/p>\n<p>getgo.de, Tel.: 0 18 06 57 00 80<\/td>\n<\/tr>\n<tr>\n<td width=\"115\"><strong>16. Nov. 2019<\/strong><\/td>\n<td width=\"108\">Sa.,18 Uhr<\/td>\n<td width=\"336\"><strong>GOTHA<\/strong><\/p>\n<p>Margarethenkirche<\/td>\n<td width=\"456\">eventim.de, Tel.: 0 18 06 57 00 70<\/p>\n<p>ticketonline.de, Tel.: 0 18 06 4 47 00 00<\/p>\n<p>getgo.de, Tel.: 0 18 06 57 00 80<\/td>\n<\/tr>\n<tr>\n<td width=\"115\"><strong>23. Nov. 2019<\/strong><\/td>\n<td width=\"108\">Sa.,17 Uhr<\/td>\n<td width=\"336\"><strong>M\u00dcHLHAUSEN (TH\u00dcR.)<\/strong><\/p>\n<p>Rathaushalle<\/td>\n<td width=\"456\">Tourist-Info, Tel.: (0 36 01) 40 47 70<\/p>\n<p>service@touristinfo-muehlhausen.de<\/td>\n<\/tr>\n<tr>\n<td colspan=\"4\" width=\"1015\"><\/td>\n<\/tr>\n<tr>\n<td colspan=\"4\" width=\"1015\"><em>Karten zwischen 30,00 und 34,00 \u20ac<\/em><\/td>\n<\/tr>\n<\/tbody>\n<\/table>\n<p><em>\u00a0<\/em><\/p>\n","protected":false},"excerpt":{"rendered":"<p>Ganz sicher auch in Deiner N\u00e4he!<\/p>\n","protected":false},"author":1,"featured_media":4668,"comment_status":"open","ping_status":"open","sticky":false,"template":"","format":"standard","meta":{"om_disable_all_campaigns":false,"_exactmetrics_skip_tracking":false,"_exactmetrics_sitenote_active":false,"_exactmetrics_sitenote_note":"","_exactmetrics_sitenote_category":0,"_uf_show_specific_survey":0,"_uf_disable_surveys":false,"footnotes":""},"categories":[1],"tags":[422,423,21,40,68,424],"class_list":["post-4667","post","type-post","status-publish","format-standard","has-post-thumbnail","hentry","category-allgemein","tag-bjoern-casapietra","tag-konzert","tag-ostsee","tag-ostsee-news","tag-stralsund","tag-tenor"],"aioseo_notices":[],"_links":{"self":[{"href":"https:\/\/inselreport.eu\/index.php?rest_route=\/wp\/v2\/posts\/4667","targetHints":{"allow":["GET"]}}],"collection":[{"href":"https:\/\/inselreport.eu\/index.php?rest_route=\/wp\/v2\/posts"}],"about":[{"href":"https:\/\/inselreport.eu\/index.php?rest_route=\/wp\/v2\/types\/post"}],"author":[{"embeddable":true,"href":"https:\/\/inselreport.eu\/index.php?rest_route=\/wp\/v2\/users\/1"}],"replies":[{"embeddable":true,"href":"https:\/\/inselreport.eu\/index.php?rest_route=%2Fwp%2Fv2%2Fcomments&post=4667"}],"version-history":[{"count":6,"href":"https:\/\/inselreport.eu\/index.php?rest_route=\/wp\/v2\/posts\/4667\/revisions"}],"predecessor-version":[{"id":5180,"href":"https:\/\/inselreport.eu\/index.php?rest_route=\/wp\/v2\/posts\/4667\/revisions\/5180"}],"wp:featuredmedia":[{"embeddable":true,"href":"https:\/\/inselreport.eu\/index.php?rest_route=\/wp\/v2\/media\/4668"}],"wp:attachment":[{"href":"https:\/\/inselreport.eu\/index.php?rest_route=%2Fwp%2Fv2%2Fmedia&parent=4667"}],"wp:term":[{"taxonomy":"category","embeddable":true,"href":"https:\/\/inselreport.eu\/index.php?rest_route=%2Fwp%2Fv2%2Fcategories&post=4667"},{"taxonomy":"post_tag","embeddable":true,"href":"https:\/\/inselreport.eu\/index.php?rest_route=%2Fwp%2Fv2%2Ftags&post=4667"}],"curies":[{"name":"wp","href":"https:\/\/api.w.org\/{rel}","templated":true}]}}