{"id":4892,"date":"2019-09-16T11:01:35","date_gmt":"2019-09-16T09:01:35","guid":{"rendered":"http:\/\/inselreport.eu\/?p=4892"},"modified":"2019-12-09T14:22:50","modified_gmt":"2019-12-09T13:22:50","slug":"lila-kuh-gibts-nur-eine-blaue-schafe-ziehen-jetzt-durch-europa-am-22-september-fressen-sie-auf-der-insel-ruegen","status":"publish","type":"post","link":"https:\/\/inselreport.eu\/?p=4892","title":{"rendered":"Lila Kuh gibts nur eine &#8211; umso mehr blaue Schafe ziehen durch Europa!"},"content":{"rendered":"<h6><span style=\"color: #0000ff;\"><b>Der &#8222;Rasende Roland&#8220; auf R\u00fcgen hat jetzt ein blaues Schaf an Bord. Harald. Manchmal weidet es unterwegs. Ungl\u00e4ubige Blicke und Kommentare bei entsprechenden Facebook-Infos vom &#8222;B\u00fcro f\u00fcr Meer&#8220; bleiben nicht aus.<\/b><\/span><\/h6>\n<p><img loading=\"lazy\" decoding=\"async\" class=\"wp-image-4896 aligncenter\" src=\"http:\/\/inselreport.eu\/wp-content\/uploads\/2019\/09\/70193967_2369307440002579_6027451464190787584_n-225x300.jpg\" alt=\"70193967_2369307440002579_6027451464190787584_n\" width=\"424\" height=\"565\" srcset=\"https:\/\/inselreport.eu\/wp-content\/uploads\/2019\/09\/70193967_2369307440002579_6027451464190787584_n-225x300.jpg 225w, https:\/\/inselreport.eu\/wp-content\/uploads\/2019\/09\/70193967_2369307440002579_6027451464190787584_n.jpg 720w\" sizes=\"auto, (max-width: 424px) 85vw, 424px\" \/><\/p>\n<p><span style=\"color: #0000ff;\">Und doch ist es echt:<\/span><\/p>\n<p><span style=\"color: #0000ff;\"><strong>Blaue Schafe<\/strong><\/span> \u00a0ziehen\u00a0 durch Europa und geben Denkanst\u00f6\u00dfe.<\/p>\n<p><img loading=\"lazy\" decoding=\"async\" class=\" wp-image-4893 aligncenter\" src=\"http:\/\/inselreport.eu\/wp-content\/uploads\/2019\/09\/BS-Koeln-001-1-225x300.jpg\" alt=\"BS-Koeln-001 1\" width=\"402\" height=\"536\" srcset=\"https:\/\/inselreport.eu\/wp-content\/uploads\/2019\/09\/BS-Koeln-001-1-225x300.jpg 225w, https:\/\/inselreport.eu\/wp-content\/uploads\/2019\/09\/BS-Koeln-001-1-768x1024.jpg 768w, https:\/\/inselreport.eu\/wp-content\/uploads\/2019\/09\/BS-Koeln-001-1.jpg 1181w\" sizes=\"auto, (max-width: 402px) 85vw, 402px\" \/><\/p>\n<h6><span style=\"color: #ff0000;\">Am Sonntag, 22. September 2029 war die gesamte Herde an verschiedenen Stationen der Fahrtstrecke des &#8222;Rasenden Rolands&#8220; zu sehen.\u00a0<\/span><\/h6>\n<p>Im Rahmen einer mehrj\u00e4hrigen Ausstellungstour macht eine gro\u00dfe Herde blauer Schafe aus Polyesterharz f\u00fcr kurze Zeit Station in europ\u00e4ischen St\u00e4dten. Auf gr\u00fcner Wiese erwecken sie die Illusion einer lebendigen, friedlich weidenden Schafsherde mit all ihren sympathischen Assoziationen.<\/p>\n<p>Das leuchtende Blau fesselt den Blick des Betrachters. Erst bei genauerem Hinsehen erkennt er, dass es sich bei den Schafen immer um die gleiche Figur handelt, nur in unterschiedlicher Positionierung.<\/p>\n<p><!--more--><\/p>\n<p>Diese Erkenntnis, verkn\u00fcpft mit der Symbolik der Herde f\u00fcr menschliches Miteinander, wird zur zentralen Botschaft des Kunstprojektes.<\/p>\n<h6><span style=\"color: #800080;\">ALLE SIND GLEICH\u00a0 &#8211;\u00a0 JEDER IST WICHTIG<\/span><\/h6>\n<p><strong>Warum sind die Schafe <span style=\"color: #0000ff;\">blau<\/span>?<\/strong><\/p>\n<p>Die Signalfarbe <span style=\"color: #0000ff;\">\u201eBlau\u201c<\/span> steht symbolisch f\u00fcr das Verbindende. Es ist die Farbe der EU, der Vereinten Nationen, der UNESCO und auch die Farbe der europ\u00e4ischen Friedensbewegung.<\/p>\n<p>Ziel des Projektes:\u00a0\u00a0 <strong>Die Blaue Friedensherde<\/strong><\/p>\n<p>Alle St\u00e4dte, die den Blauschafen Weiderecht gew\u00e4hren, werden selbst zum Bestandteil des Kunstprojektes. Sie werden zu Mitgliedern einer sich st\u00e4ndig vergr\u00f6\u00dfernden, imagin\u00e4ren <span style=\"color: #0000ff;\"><strong>Blauen Friedensherde<\/strong><\/span>, einem Verbund von St\u00e4dten, die die Botschaft und Zielsetzung der blauen Schafe bejahen und unterst\u00fctzen.<\/p>\n<p>Symbolisch wird ein Blauschaf dem B\u00fcrgermeister der jeweiligen Stadt \u00fcberreicht und verbleibt im Rathaus.<\/p>\n<p><span style=\"color: #0000ff;\"><strong>Je umfangreicher und internationaler die \u201eBlaue Friedensherde\u201c der beteiligten St\u00e4dte wird, desto intensiver wird auch die Botschaft, die sie sendet<\/strong>!<\/span><\/p>\n<p><img loading=\"lazy\" decoding=\"async\" class=\" wp-image-4897 aligncenter\" src=\"http:\/\/inselreport.eu\/wp-content\/uploads\/2019\/09\/69948074_2369307490002574_5214975013362335744_n-225x300.jpg\" alt=\"69948074_2369307490002574_5214975013362335744_n\" width=\"379\" height=\"505\" srcset=\"https:\/\/inselreport.eu\/wp-content\/uploads\/2019\/09\/69948074_2369307490002574_5214975013362335744_n-225x300.jpg 225w, https:\/\/inselreport.eu\/wp-content\/uploads\/2019\/09\/69948074_2369307490002574_5214975013362335744_n.jpg 720w\" sizes=\"auto, (max-width: 379px) 85vw, 379px\" \/><\/p>\n<h6><span style=\"color: #800080;\">ALLE SIND GLEICH\u00a0 &#8211;\u00a0 JEDER IST WICHTIG<\/span><\/h6>\n<p>\u201eJenseits aller ethnologischen, religi\u00f6sen oder kulturellen Unterschiede wollen die Blauschafe mit ihrem ganz speziellen Charme Denkanst\u00f6\u00dfe geben und deutlich auf das Verbindende hinweisen.<\/p>\n<p>Die Blausch\u00e4ferei Reetz m\u00f6chte mit diesem Kunstprojekt f\u00fcr friedliches Miteinander, Toleranz und Wir -Gef\u00fchl werben, auf der Basis von Wertsch\u00e4tzung des Anderen.<\/p>\n<p><em>F\u00fcr Interessenten an Blauschafen folgender Hinweis: Die Figuren k\u00f6nnen am Ausstellungstag &#8211; wo auch immer Du ihnen begegnest &#8211;\u00a0 f\u00fcr 160 \u20ac pro St\u00fcck erworben werden.<\/em><\/p>\n\n\n<figure class=\"wp-block-image size-large\"><img loading=\"lazy\" decoding=\"async\" width=\"1024\" height=\"768\" src=\"http:\/\/inselreport.eu\/wp-content\/uploads\/2019\/09\/Blauschafe-Philippshagen-1024x768.jpg\" alt=\"Der Bahnhof Philippshagen an der Strecke des &quot;Rasenden Rolands&quot;. Sieht aus, als h\u00e4tte der Buffetwagen 970-152 im Geb\u00e4ude eine kleine Filiale - am 22. September waren allerdings die Blauschafe der Hingucker\" class=\"wp-image-5184\" srcset=\"https:\/\/inselreport.eu\/wp-content\/uploads\/2019\/09\/Blauschafe-Philippshagen-1024x768.jpg 1024w, https:\/\/inselreport.eu\/wp-content\/uploads\/2019\/09\/Blauschafe-Philippshagen-300x225.jpg 300w, https:\/\/inselreport.eu\/wp-content\/uploads\/2019\/09\/Blauschafe-Philippshagen-768x576.jpg 768w, https:\/\/inselreport.eu\/wp-content\/uploads\/2019\/09\/Blauschafe-Philippshagen-1536x1152.jpg 1536w, https:\/\/inselreport.eu\/wp-content\/uploads\/2019\/09\/Blauschafe-Philippshagen-2048x1536.jpg 2048w, https:\/\/inselreport.eu\/wp-content\/uploads\/2019\/09\/Blauschafe-Philippshagen-1200x900.jpg 1200w\" sizes=\"auto, (max-width: 709px) 85vw, (max-width: 909px) 67vw, (max-width: 1362px) 62vw, 840px\" \/><figcaption>Der Bahnhof Philippshagen an der Strecke des &#8222;Rasenden Rolands&#8220;. Sieht aus, als h\u00e4tte der Buffetwagen 970-152 im Geb\u00e4ude eine kleine Filiale &#8211; am 22. September waren allerdings die Blauschafe der Hingucker<\/figcaption><\/figure>\n\n\n\n<figure class=\"wp-block-image size-large\"><img loading=\"lazy\" decoding=\"async\" width=\"1024\" height=\"768\" src=\"http:\/\/inselreport.eu\/wp-content\/uploads\/2019\/09\/Blauschaf_01-1024x768.jpg\" alt=\"\" class=\"wp-image-5187\" srcset=\"https:\/\/inselreport.eu\/wp-content\/uploads\/2019\/09\/Blauschaf_01-1024x768.jpg 1024w, https:\/\/inselreport.eu\/wp-content\/uploads\/2019\/09\/Blauschaf_01-300x225.jpg 300w, https:\/\/inselreport.eu\/wp-content\/uploads\/2019\/09\/Blauschaf_01-768x576.jpg 768w, https:\/\/inselreport.eu\/wp-content\/uploads\/2019\/09\/Blauschaf_01-1536x1152.jpg 1536w, https:\/\/inselreport.eu\/wp-content\/uploads\/2019\/09\/Blauschaf_01-2048x1536.jpg 2048w, https:\/\/inselreport.eu\/wp-content\/uploads\/2019\/09\/Blauschaf_01-1200x900.jpg 1200w\" sizes=\"auto, (max-width: 709px) 85vw, (max-width: 909px) 67vw, (max-width: 1362px) 62vw, 840px\" \/><figcaption>Auch vor dem Pfarrhaus in Gingst sind die Blauschafe inzwischen pr\u00e4sent.<\/figcaption><\/figure>\n\n\n\n<p style=\"color:#1700cc\" class=\"has-text-color\"><em>Auch interessant:<\/em><\/p>\n\n\n\n<figure class=\"wp-block-embed-wordpress wp-block-embed is-type-wp-embed is-provider-inselreport-eu\"><div class=\"wp-block-embed__wrapper\">\n<blockquote class=\"wp-embedded-content\" data-secret=\"wbZEyIbU6d\"><a href=\"http:\/\/inselreport.eu\/?p=5207\">Insel R\u00fcgen: Blaues Schaf im &#8222;Whisky-Express&#8220; und kein Bus f\u00e4hrt da hin<\/a><\/blockquote><iframe loading=\"lazy\" title=\"&#8222;Insel R\u00fcgen: Blaues Schaf im &#8222;Whisky-Express&#8220; und kein Bus f\u00e4hrt da hin&#8220; &#8212; inselreport.eu\" class=\"wp-embedded-content\" sandbox=\"allow-scripts\" security=\"restricted\" style=\"position: absolute; clip: rect(1px, 1px, 1px, 1px);\" src=\"http:\/\/inselreport.eu\/?p=5207&#038;embed=true#?secret=wbZEyIbU6d\" data-secret=\"wbZEyIbU6d\" width=\"600\" height=\"338\" frameborder=\"0\" marginwidth=\"0\" marginheight=\"0\" scrolling=\"no\"><\/iframe>\n<\/div><\/figure>\n\n\n\n<p style=\"color:#d9180d\" class=\"has-text-color has-background has-text-align-right has-white-background-color\">\u00a9 Fotos urheberrechtlich gesch\u00fctzt!<\/p>\n","protected":false},"excerpt":{"rendered":"<p>Der &#8222;Rasende Roland&#8220; auf R\u00fcgen hat jetzt ein blaues Schaf an Bord. Harald. Manchmal weidet es unterwegs. Ungl\u00e4ubige Blicke und Kommentare bei entsprechenden Facebook-Infos vom &#8222;B\u00fcro f\u00fcr Meer&#8220; bleiben nicht aus. Und doch ist es echt: Blaue Schafe \u00a0ziehen\u00a0 durch Europa und geben Denkanst\u00f6\u00dfe. Am Sonntag, 22. September 2029 war die gesamte Herde an verschiedenen &hellip; <a href=\"https:\/\/inselreport.eu\/?p=4892\" class=\"more-link\"><span class=\"screen-reader-text\">\u201eLila Kuh gibts nur eine &#8211; umso mehr blaue Schafe ziehen durch Europa!\u201c<\/span> weiterlesen<\/a><\/p>\n","protected":false},"author":1,"featured_media":4894,"comment_status":"open","ping_status":"open","sticky":false,"template":"","format":"standard","meta":{"om_disable_all_campaigns":false,"_exactmetrics_skip_tracking":false,"_exactmetrics_sitenote_active":false,"_exactmetrics_sitenote_note":"","_exactmetrics_sitenote_category":0,"_uf_show_specific_survey":0,"_uf_disable_surveys":false,"footnotes":""},"categories":[2,418,390],"tags":[26,442,82,11,118,443,21,102],"class_list":["post-4892","post","type-post","status-publish","format-standard","has-post-thumbnail","hentry","category-insel-ruegen","category-ostsee-inseln","category-rasender-roland","tag-binz","tag-blauschaefer","tag-insel-news","tag-insel-ruegen","tag-insel-ruegen-news","tag-lila-kuh","tag-ostsee","tag-rasender-roland"],"aioseo_notices":[],"_links":{"self":[{"href":"https:\/\/inselreport.eu\/index.php?rest_route=\/wp\/v2\/posts\/4892","targetHints":{"allow":["GET"]}}],"collection":[{"href":"https:\/\/inselreport.eu\/index.php?rest_route=\/wp\/v2\/posts"}],"about":[{"href":"https:\/\/inselreport.eu\/index.php?rest_route=\/wp\/v2\/types\/post"}],"author":[{"embeddable":true,"href":"https:\/\/inselreport.eu\/index.php?rest_route=\/wp\/v2\/users\/1"}],"replies":[{"embeddable":true,"href":"https:\/\/inselreport.eu\/index.php?rest_route=%2Fwp%2Fv2%2Fcomments&post=4892"}],"version-history":[{"count":17,"href":"https:\/\/inselreport.eu\/index.php?rest_route=\/wp\/v2\/posts\/4892\/revisions"}],"predecessor-version":[{"id":5331,"href":"https:\/\/inselreport.eu\/index.php?rest_route=\/wp\/v2\/posts\/4892\/revisions\/5331"}],"wp:featuredmedia":[{"embeddable":true,"href":"https:\/\/inselreport.eu\/index.php?rest_route=\/wp\/v2\/media\/4894"}],"wp:attachment":[{"href":"https:\/\/inselreport.eu\/index.php?rest_route=%2Fwp%2Fv2%2Fmedia&parent=4892"}],"wp:term":[{"taxonomy":"category","embeddable":true,"href":"https:\/\/inselreport.eu\/index.php?rest_route=%2Fwp%2Fv2%2Fcategories&post=4892"},{"taxonomy":"post_tag","embeddable":true,"href":"https:\/\/inselreport.eu\/index.php?rest_route=%2Fwp%2Fv2%2Ftags&post=4892"}],"curies":[{"name":"wp","href":"https:\/\/api.w.org\/{rel}","templated":true}]}}