{"id":4916,"date":"2019-09-20T12:50:28","date_gmt":"2019-09-20T10:50:28","guid":{"rendered":"http:\/\/inselreport.eu\/?p=4916"},"modified":"2019-11-26T10:39:27","modified_gmt":"2019-11-26T09:39:27","slug":"die-welt-macht-heute-klima-streik-ich-nicht-ich-hau-eins-drauf","status":"publish","type":"post","link":"https:\/\/inselreport.eu\/?p=4916","title":{"rendered":"Was ist eigentlich 1 Tonne CO2? Wir sollen ja zahlen&#8230;"},"content":{"rendered":"<pre><strong><span style=\"color: #ff0000;\">Vorwarnung: Dieser Artikel ist Textlastig, keine Fotos - aber GEIL!<\/span><\/strong><\/pre>\n<h6><span style=\"color: #ff0000;\">Schon viele Jahre reden wir davon, dass wir noch die Luft, die wir atmen besteuern d\u00fcrfen. Okay, <span style=\"color: #0000ff;\">NOCH<\/span> spricht davon kein Mensch, sondern nur von der Luft, die wir mit unserer Technik, unserer Heizung &#8222;verpesten&#8220;. Und von was reden die da eigentlich?<\/span><\/h6>\n<h6><span style=\"color: #0000ff;\">Kennst Du das? Du h\u00f6rst st\u00e4ndig den Begriff CO2 und wie b\u00f6se dieses Kohlendioxyd ist und wie viele Tonnen, Tausende Tonnen, ja sogar Giga-Tonnen davon produziert werden&#8230; von wem auch immer. <\/span><\/h6>\n<p><!--more--><\/p>\n<h6><span style=\"color: #0000ff;\">Wahrscheinlich will es keiner mehr h\u00f6ren, es prallt ab wie ein Schneeball an einer Jack-Wolfskin-Jacke. Aber noch nie hat Dir einer erkl\u00e4rt, wie<span style=\"color: #ff0000;\"> eine Tonne CO2<\/span> aussieht! Kannst Du Dir das vorstellen? Eine Tonne Fisch, das kann ich mir vorstellen. Ein h\u00fcbsches H\u00e4ufchen, wenn Tausend Fische mit etwa einem Kilo vor meinen F\u00fc\u00dfen liegen. <span style=\"color: #ff0000;\">Aber ein Gas<\/span>?<\/span><\/h6>\n<p>Im Jahr 2008, als die D\u00e4nen im deutschen Lubmin das gr\u00f6\u00dfte Steinkohlekraftwerk Deutschlands installieren wollten, fragte ich den Projektmanager, was 10 Millionen Tonnen CO2 im Jahr bedeuten. <span style=\"color: #0000ff;\">Und wie ich mir eine Tonne CO2 vorstellen darf.<\/span> Passt sie in den Greifswalder Dom oder nicht? Er wusste es nicht und beendete die Frage mit der Antwort, die Fragezeit sei zu Ende. (Zum Gl\u00fcck hat eine gro\u00dfe Initiative von B\u00fcrgern und Medien und und und\u2026 ihn wieder nach Hause geschickt und es gibt kein Steinkohlekraftwerk am Strand der Ostsee.)<\/p>\n<p>Okay, so ist das Leben. Danke dem Leben, dass es mich erschaffen hat. Ich bin daf\u00fcr bekannt, die kompliziertesten Dinge, die wir t\u00e4glich um die Ohren geballert bekommen, die niemand wahrnimmt, geschweige denn versteht&#8230; zu erkennen, zu erkl\u00e4ren &#8211; und zwar so, dass es auch der Biertrinker versteht. Also Klartext &#8211; auch f\u00fcr alle Politiker, die nicht wissen, \u00fcber WAS sie da eigentlich debattieren:<\/p>\n<h6><strong><span style=\"color: #ff0000;\">1 Gramm Co2 passt in eine Bierflasche.<\/span><\/strong> Gerade so.<!--more--><\/h6>\n<p>Kurzum: Tief einatmen und in eine Bierflasche ausatmen. Gewiss f\u00fcllt dieses Ausatmen mehr als eine Bierflasche. Aber, auch wenn sie \u00fcberl\u00e4uft: Dann schnell zumachen. Dann ist da 1 Gramm CO2 gefangen. In eine Bierkiste passen dann schon 20 Gramm.<\/p>\n<p>40 Kisten passen auf eine Euro-Palette und davon wiederum 32 auf einen Sattelzug, sprich gro\u00dfen LKW.<\/p>\n<p>Das sind dann 25.600 Flaschen, also 25.600 Gramm CO2. Kurzum: Ein 40-Tonner f\u00e4hrt 256 Kilogramm CO2 durch die Landschaft. Der Rest ist Holz, Glas und die Kiste selbst.<\/p>\n<p>4 Sattelz\u00fcge sind also notwendig, um 1 Tonne CO2 in Bierflaschen zu transportieren. Wenn jede Flasche mit nur 1 Gramm CO2 bef\u00fcllt ist, statt mit Bier.<\/p>\n<p>In Anbetracht der Tatsache, dass 10 Millionen Tonnen in nur einem Jahr in Lubmin geplant waren&#8230; na gut, bisschen rechnen darfst Du auch &#8211; Trotzdem: Es w\u00e4ren\u00a0 40 Millionen Sattelz\u00fcge, die unterwegs sein m\u00fcssten, dieses Gas zu transportieren. (Das ist \u00fcbrigens der gesamte CO2-Aussto\u00df von gesamt Mecklenburg-Vorpommern! Er w\u00e4re dann halt nur verdoppelt gewesen.)<\/p>\n<p>Die erste Flasche am Kap Arkona und dann immer der Stra\u00dfe entlang bis exakt auf den H\u00f6hepunkt der R\u00fcgenbr\u00fccke aufgereiht: Auch eine Tonne! Etwa jede 153. Flasche bef\u00fcllst Du mit CO2, wenn Du mit Deinem Auto da entlang f\u00e4hrst.<\/p>\n<h6><span style=\"color: #ff0000;\">Die einfachste Art, den CO2-Aussto\u00df zu lindern, w\u00e4re: Wir w\u00fcrden aufh\u00f6ren zu atmen!<\/span><\/h6>\n<p><span style=\"color: #0000ff;\">Keiner unserer Aus-Atemz\u00fcge passt in eine Bierflasche! W\u00fcrden wir also aufh\u00f6ren mit dem Quatsch, dann w\u00e4re das Problem in sich schon gekl\u00e4rt. Aber nee, wir wollen weiter atmen und mit dem Quatsch weitermachen.<\/span><\/p>\n<h6><span style=\"color: #ff0000;\">Und Quatsch definiert sich so:<\/span><\/h6>\n<p>Bevor der Mensch das \u00d6l und die Kohle entdeckte, war alles okay. Aber als er es entdeckte, war seine Macht unbegrenzt. Unwissend, dass er das CO2, welches die Natur viele Jahre vorher in den B\u00e4umen und Pflanzen gebunden hat &#8211; die zu \u00d6l und Kohle wurden &#8211; wieder an die Erdoberfl\u00e4che holt und es erneut freisetzt: <strong><span style=\"color: #ff0000;\">ZUS\u00c4TZLICH<\/span><\/strong> zu dem, was sowieso passiert. Dass wir atmen zum Beispiel. (Und das tun \u00fcber 7 Milliarden Menschen mehr als 18 mal pro Minute und mehr als das, was in eine Bierflasche passt.<\/p>\n<p>Der Mensch entdeckte aber noch mehr: Die freie Energie, \u00d6koenergie, eine Gl\u00fchlampe, die nie kaputt geht und so viel mehr, was alles unter Verschluss gehalten wird, bis der letzte Tropfen \u00d6l zu Geld gemacht wurde, der letzte Brocken Kohle verfeuert ist&#8230; Und JA, ich behaupte: Erst dann, wenn der Wasserstand vor dem Kanzleramt oder vor dem wei\u00dfen Haus konstant einen halben Meter betr\u00e4gt, erst DANN werden die wirklich wach! Und was tun sie dann? Nehmen ihre Pension und fliegen in sichere Gefilde&#8230; So wird es wohl enden.<\/p>\n<h6><span style=\"color: #0000ff;\">Aber das ist jetzt h\u00f6here Politik &#8211; das ist nicht mein Plan f\u00fcr diesen Artikel. <span style=\"color: #ff0000;\">Ich wollte nur, dass Du Dir vorstellen kannst, wie eine Tonne CO2 aussieht!<\/span><\/span><\/h6>\n<p>Und dann ist da Greta, die kleine Schwedin, die mit s\u00fc\u00dfen 16 Jahren diese Initiative ins Leben gerufen hat.<\/p>\n<p>Manche meinen:&#8220;Die Bl\u00f6de&#8230; \u2026 sie ist schon Million\u00e4rin&#8230;&#8220; Darum ging es ihr nie -und ob sie es ist, wei\u00df auch niemand&#8230;!<\/p>\n<p>Und egal, was manche meinen: Sie schaut in den Himmel, der nur maximal 50 km hoch ist. Dort endet n\u00e4mlich die Schutzh\u00fclle dieses Planeten &#8211; die H\u00fclle, um die es eigentlich geht, weil sie <strong><span style=\"color: #ff0000;\">UNS<\/span><\/strong> besch\u00fctzt vor der brutalen K\u00e4lte und dem NULL Sauerstoff des Universums. Ja &#8211; wir brauchen uns nicht ins Universum denken &#8211; wir sind MITTENDRIN! Wir fliegen in rasanter Geschwindigkeit um die Sonne, werden begleitet von dem Mond, der unsere Weltmeere bewegt und k\u00f6nnen es nur der Erdanziehungskraft verdanken, dass wir da sind. Denn bei der Geschwindigkeit, wie die Erde sich in sich selbst dreht, w\u00fcrden wir sonst davonfliegen wie auf einer Drehscheibe auf dem Rummel&#8230;<\/p>\n<p>Greta schaut in den Himmel &#8211; schaut, was gerade passiert und denkt einfach 50 Jahre weiter und will da auch noch atmen d\u00fcrfen! Und sie hatte den Mut zu beginnen&#8230; Ich finde es sch\u00f6n, dass ihr so viele folgen und w\u00fcnschte mir, dass ich mit 16 auch schon so was drauf gehabt h\u00e4tte!<\/p>\n<p>Dieser Artikel endet mit einem Zitat, dass auf einem Plakat der heute Demonstrierenden zu sehen war und gut zum Titelfoto passt:<\/p>\n<h3 style=\"text-align: center;\"><strong><span style=\"color: #ff0000;\">&#8222;Rettet die Erde, sie ist der einzige Planet mit Bier! Sonst ist Hopfen und Malz verloren&#8220;<\/span><\/strong><\/h3>\n<p style=\"text-align: right;\"><em>Na denn. Ich wei\u00df, was ICH tun kann. Du auch schon?<\/em><\/p>\n","protected":false},"excerpt":{"rendered":"<p>Vorwarnung: Dieser Artikel ist Textlastig, keine Fotos &#8211; aber GEIL! Schon viele Jahre reden wir davon, dass wir noch die Luft, die wir atmen besteuern d\u00fcrfen. Okay, NOCH spricht davon kein Mensch, sondern nur von der Luft, die wir mit unserer Technik, unserer Heizung &#8222;verpesten&#8220;. Und von was reden die da eigentlich? Kennst Du das? &hellip; <a href=\"https:\/\/inselreport.eu\/?p=4916\" class=\"more-link\"><span class=\"screen-reader-text\">\u201eWas ist eigentlich 1 Tonne CO2? Wir sollen ja zahlen&#8230;\u201c<\/span> weiterlesen<\/a><\/p>\n","protected":false},"author":1,"featured_media":4917,"comment_status":"open","ping_status":"open","sticky":false,"template":"","format":"standard","meta":{"om_disable_all_campaigns":false,"_exactmetrics_skip_tracking":false,"_exactmetrics_sitenote_active":false,"_exactmetrics_sitenote_note":"","_exactmetrics_sitenote_category":0,"_uf_show_specific_survey":0,"_uf_disable_surveys":false,"footnotes":""},"categories":[8,17],"tags":[445,450,446,11,444,449,21,447],"class_list":["post-4916","post","type-post","status-publish","format-standard","has-post-thumbnail","hentry","category-aktuelles","category-wissenswertes","tag-co2","tag-greifswalder-dom","tag-greta","tag-insel-ruegen","tag-klimastreik","tag-kohlendioxyd","tag-ostsee","tag-umweltverschmutzung"],"aioseo_notices":[],"_links":{"self":[{"href":"https:\/\/inselreport.eu\/index.php?rest_route=\/wp\/v2\/posts\/4916","targetHints":{"allow":["GET"]}}],"collection":[{"href":"https:\/\/inselreport.eu\/index.php?rest_route=\/wp\/v2\/posts"}],"about":[{"href":"https:\/\/inselreport.eu\/index.php?rest_route=\/wp\/v2\/types\/post"}],"author":[{"embeddable":true,"href":"https:\/\/inselreport.eu\/index.php?rest_route=\/wp\/v2\/users\/1"}],"replies":[{"embeddable":true,"href":"https:\/\/inselreport.eu\/index.php?rest_route=%2Fwp%2Fv2%2Fcomments&post=4916"}],"version-history":[{"count":14,"href":"https:\/\/inselreport.eu\/index.php?rest_route=\/wp\/v2\/posts\/4916\/revisions"}],"predecessor-version":[{"id":5176,"href":"https:\/\/inselreport.eu\/index.php?rest_route=\/wp\/v2\/posts\/4916\/revisions\/5176"}],"wp:featuredmedia":[{"embeddable":true,"href":"https:\/\/inselreport.eu\/index.php?rest_route=\/wp\/v2\/media\/4917"}],"wp:attachment":[{"href":"https:\/\/inselreport.eu\/index.php?rest_route=%2Fwp%2Fv2%2Fmedia&parent=4916"}],"wp:term":[{"taxonomy":"category","embeddable":true,"href":"https:\/\/inselreport.eu\/index.php?rest_route=%2Fwp%2Fv2%2Fcategories&post=4916"},{"taxonomy":"post_tag","embeddable":true,"href":"https:\/\/inselreport.eu\/index.php?rest_route=%2Fwp%2Fv2%2Ftags&post=4916"}],"curies":[{"name":"wp","href":"https:\/\/api.w.org\/{rel}","templated":true}]}}