{"id":5207,"date":"2019-11-27T18:44:27","date_gmt":"2019-11-27T17:44:27","guid":{"rendered":"http:\/\/inselreport.eu\/?p=5207"},"modified":"2023-12-09T20:25:11","modified_gmt":"2023-12-09T19:25:11","slug":"insel-ruegen-blaues-schaf-im-whisky-express-und-kein-bus-faehrt-hin","status":"publish","type":"post","link":"https:\/\/inselreport.eu\/?p=5207","title":{"rendered":"Insel R\u00fcgen: Blaues Schaf im &#8222;Whisky-Express&#8220; und kein Bus f\u00e4hrt da hin"},"content":{"rendered":"\n<div class=\"wp-block-image is-style-default\"><figure class=\"aligncenter size-large is-resized\"><img loading=\"lazy\" decoding=\"async\" src=\"http:\/\/inselreport.eu\/wp-content\/uploads\/2019\/11\/Morgendunst-1024x768.jpg\" alt=\"Sonntag fr\u00fch um 7 - kein Mensch auf der Stra\u00dfe - und mit dem Fahrrad unterwegs.\" class=\"wp-image-5215\" width=\"600\" height=\"434\"\/><figcaption>Sonntag fr\u00fch f\u00e4hrt auf R\u00fcgen fast nichts. Kein Bus, kein Auto&#8230; daf\u00fcr gibt es E-Bikes und sch\u00f6ne landschaftliche Impressionen <\/figcaption><\/figure><\/div>\n\n\n\n<p style=\"color:#e0140a\" class=\"has-text-color has-text-align-right\"><strong><em>Mit Videos!<\/em><\/strong><\/p>\n\n\n\n<p>\u201eEine Insel mit viel Bus\u201c \u2013 so wirbt die Verkehrsgesellschaft Vorpommern-R\u00fcgen (VVR) auf ihren Bussen. Tats\u00e4chlich fahren da auch ganz viele durch die Landschaft. Viel zu oft leer, oder fast leer. Sage ich zum Fahrer: \u201eNiemand da au\u00dfer mir \u2013 da bin ich ja ganz alleine in dem Riesenbus\u201c. Sagt er: \u201eSch\u00f6n, dass Du da bist, sonst w\u00e4re ICH ganz alleine\u201c. Das trifft meist abends zu. Am Tag sind ja die Sch\u00fcler, die wohl die \u00dcberzahl der Fahrg\u00e4ste darstellen. Deswegen f\u00e4hrt w\u00e4hrend der Ferien nicht mal ein Bus fr\u00fch am Morgen. Sonntags sowieso nicht. Und wenn doch, dann nicht dort, wo Du ihn brauchst.<\/p>\n\n\n\n<div class=\"wp-block-image\"><figure class=\"aligncenter size-large is-resized\"><img decoding=\"async\" src=\"http:\/\/inselreport.eu\/wp-content\/uploads\/2019\/11\/leerer-Bus-1024x768.jpg\" alt=\"\" class=\"wp-image-5243\" width=\"600\" srcset=\"https:\/\/inselreport.eu\/wp-content\/uploads\/2019\/11\/leerer-Bus-1024x768.jpg 1024w, https:\/\/inselreport.eu\/wp-content\/uploads\/2019\/11\/leerer-Bus-300x225.jpg 300w, https:\/\/inselreport.eu\/wp-content\/uploads\/2019\/11\/leerer-Bus-768x576.jpg 768w, https:\/\/inselreport.eu\/wp-content\/uploads\/2019\/11\/leerer-Bus-1536x1152.jpg 1536w, https:\/\/inselreport.eu\/wp-content\/uploads\/2019\/11\/leerer-Bus-2048x1536.jpg 2048w, https:\/\/inselreport.eu\/wp-content\/uploads\/2019\/11\/leerer-Bus-1200x900.jpg 1200w\" sizes=\"(max-width: 709px) 85vw, (max-width: 909px) 67vw, (max-width: 1362px) 62vw, 840px\" \/><figcaption>Au\u00dfer in der Hochsaison oder zu Sch\u00fclerfahrzeiten sind die Busse oft leer, fast leer&#8230;<\/figcaption><\/figure><\/div>\n\n\n\n<!--more-->\n\n\n\n<p>Im Notfall, als ich mal alleine an der Bushaltestelle\nstand &nbsp;(und als Opa eines s\u00e4chsischen\nEnkel-Kleinkindes nicht unbedingt \u00fcber die Ferienzeiten in Meck-Pomm informiert\nsein muss) aber der Fernbus in Stralsund nicht warten w\u00fcrde, erinnerte ich mich\nan alte Zeiten. <\/p>\n\n\n\n<p>Trampen! Jaaa, das geht erstaunlich gut auf R\u00fcgen.\nWenn ich an den Dienstag nach Pfingsten denke, wo eben Ferien waren und 7:19\nUhr einfach kein Bus kam\u2026 \u2013 ich war trotzdem p\u00fcnktlich beim \u201eGr\u00fcnen Bus\u201c in\nStralsund und dann ging die Reise nach Sachsen weiter. <\/p>\n\n\n\n<p style=\"color:#000dcc\" class=\"has-text-color\"><em>Das Ziel dieses Tages: Drei spannende Fahrten mit dem &#8222;Rasenden Roland&#8220;:<\/em><\/p>\n\n\n\n<figure class=\"wp-block-embed-youtube wp-block-embed is-type-video is-provider-youtube wp-embed-aspect-4-3 wp-has-aspect-ratio\"><div class=\"wp-block-embed__wrapper\">\n<iframe loading=\"lazy\" title=\"Roland im Morgendunst\" width=\"840\" height=\"630\" src=\"https:\/\/www.youtube.com\/embed\/tXaAmDD0gMA?feature=oembed\" frameborder=\"0\" allow=\"accelerometer; autoplay; encrypted-media; gyroscope; picture-in-picture\" allowfullscreen><\/iframe>\n<\/div><\/figure>\n\n\n\n<p>Aber eben nicht wie geplant mit dem Bus von Gingst nach Stralsund. An das Eisenbahnnetz ist Gingst auch nicht angeschlossen. Alternativ ein Taxi? F\u00e4ngt mit \u201eT\u201c an, ist also Teuer. (Gr\u00fcne Geldscheine lassen sich besser investieren.) Trampen f\u00e4ngt auch mit \u201eT\u201c an und: Geht! Schneller, preiswerter und zur Freude der Autofahrer, die da sagen: \u201eDas \u00fcberhaupt noch jemand trampt\u2026fr\u00fcher bin ich auch immer\u2026\u201c &nbsp;Es ist immer ein sch\u00f6nes Erlebnis mit tollen Gespr\u00e4chen. Kurzum: Bei gutem Wetter und mit nur einer Aktentasche unter\u2019m Arm ist es DIE Reisem\u00f6glichkeit f\u00fcr mich auf R\u00fcgen. Schnell, preiswert, flexibel. Allerdings nicht planbar \u2013 zum Beispiel f\u00fcr feste Termine. Obwohl, das eine Mal mit Rucksack ging aber auch ganz gut.<\/p>\n\n\n\n<div class=\"wp-block-image\"><figure class=\"aligncenter size-large\"><img loading=\"lazy\" decoding=\"async\" width=\"800\" height=\"532\" src=\"http:\/\/inselreport.eu\/wp-content\/uploads\/2018\/06\/DSC_0107.jpg\" alt=\"\" class=\"wp-image-3592\" srcset=\"https:\/\/inselreport.eu\/wp-content\/uploads\/2018\/06\/DSC_0107.jpg 800w, https:\/\/inselreport.eu\/wp-content\/uploads\/2018\/06\/DSC_0107-300x200.jpg 300w, https:\/\/inselreport.eu\/wp-content\/uploads\/2018\/06\/DSC_0107-768x511.jpg 768w\" sizes=\"auto, (max-width: 709px) 85vw, (max-width: 909px) 67vw, (max-width: 984px) 61vw, (max-width: 1362px) 45vw, 600px\" \/><figcaption>Mit einem Esel &#8211; das w\u00fcrde auch zu lange dauern \ud83d\ude41<\/figcaption><\/figure><\/div>\n\n\n\n<p>Denkaufgabe: \u201eWas mach ich an einem Sonntag, wenn ich von\nGingst nach Putbus will und dort der tempor\u00e4re \u201eWhisky-Express\u201c 8:08 startet?\u201c\nDas sind so Fragen. Mein Auto ist im \u201eAutokrankenhaus\u201c\u2026 Taxi f\u00e4llt aus und am\nSonntag gibt es keine Sch\u00fcler, also auch keine Busse. Aber viele Autos fahren\nda auch noch nicht. Und WIE komme ich abends wieder zur\u00fcck, so nach 20:00 Uhr,\nwenn es schon dunkel wird auf R\u00fcgen im September?<\/p>\n\n\n\n<div class=\"wp-block-image\"><figure class=\"aligncenter size-large is-resized\"><img decoding=\"async\" src=\"http:\/\/inselreport.eu\/wp-content\/uploads\/2019\/05\/DSC05710_A-1024x768.jpg\" alt=\"\" class=\"wp-image-4838\" width=\"600\" srcset=\"https:\/\/inselreport.eu\/wp-content\/uploads\/2019\/05\/DSC05710_A-1024x768.jpg 1024w, https:\/\/inselreport.eu\/wp-content\/uploads\/2019\/05\/DSC05710_A-300x225.jpg 300w, https:\/\/inselreport.eu\/wp-content\/uploads\/2019\/05\/DSC05710_A-768x576.jpg 768w, https:\/\/inselreport.eu\/wp-content\/uploads\/2019\/05\/DSC05710_A-1200x900.jpg 1200w\" sizes=\"(max-width: 709px) 85vw, (max-width: 909px) 67vw, (max-width: 1362px) 62vw, 840px\" \/><figcaption>Ja, da war doch noch was: Fahrr\u00e4der. Die L\u00f6sung liegt gleich bei mir um die Ecke.<\/figcaption><\/figure><\/div>\n\n\n\n<p>Okay, das Wetter ist super. Fahrrad w\u00e4re gut. Aber\nfast 30 km mal eben so? Moment, da war doch was. Ein e-Bike mieten. JAAA, das\nmach ich. Wie vereinbart bekomme ich das Fahrrad am Abend vorher und erwarte gespannt\nden Sonntag Morgen.<\/p>\n\n\n\n<p>Mit einer entspannten Reisegeschwindigkeit zwischen 20\nund 25 km\/h (bergab auch viel mehr) beginnt die Reise. Eine Stunde von Gingst\nbis Putbus. Super \u2013 und auch ganz entspannt. Bewegung ohne Qu\u00e4lerei. Dank\nelektrischer Unterst\u00fctzung.<\/p>\n\n\n\n<p style=\"color:#3000cc\" class=\"has-text-color\"><strong>Und da steht er, der \u201eRasende Roland\u201c mit seinem ganz speziellen Buffet-Wagen 970-152:<\/strong><\/p>\n\n\n\n<div class=\"wp-block-image\"><figure class=\"aligncenter size-large is-resized\"><img decoding=\"async\" src=\"http:\/\/inselreport.eu\/wp-content\/uploads\/2018\/12\/Roland_02-1024x768.jpg\" alt=\"\" class=\"wp-image-4183\" width=\"600\" srcset=\"https:\/\/inselreport.eu\/wp-content\/uploads\/2018\/12\/Roland_02-1024x768.jpg 1024w, https:\/\/inselreport.eu\/wp-content\/uploads\/2018\/12\/Roland_02-300x225.jpg 300w, https:\/\/inselreport.eu\/wp-content\/uploads\/2018\/12\/Roland_02-768x576.jpg 768w, https:\/\/inselreport.eu\/wp-content\/uploads\/2018\/12\/Roland_02-1200x900.jpg 1200w\" sizes=\"(max-width: 709px) 85vw, (max-width: 909px) 67vw, (max-width: 1362px) 62vw, 840px\" \/><figcaption>Der Buffetwagen 970-152 &#8211; eine besondere Attraktion auf R\u00fcgen<\/figcaption><\/figure><\/div>\n\n\n\n<div class=\"wp-block-image\"><figure class=\"aligncenter size-large is-resized\"><img loading=\"lazy\" decoding=\"async\" src=\"http:\/\/inselreport.eu\/wp-content\/uploads\/2019\/11\/Roland-im-Morgennebel_02-1024x768.jpg\" alt=\"Sonntag Morgen \" class=\"wp-image-5217\" width=\"600\" height=\"427\"\/><figcaption>Bei der ersten Fahrt nach G\u00f6hren sind kaum Fahrg\u00e4ste an Bord. Im September fr\u00fch halb 9<\/figcaption><\/figure><\/div>\n\n\n\n<p>Die Reise f\u00fchrt von Putbus nach G\u00f6hren \u2013 und zur\u00fcck. Dreimal an diesem Sonntag. Grund sind die blauen Schafe, die sich an diesem Tag entlang der Strecke positioniert haben. <\/p>\n\n\n\n<div class=\"wp-block-image\"><figure class=\"aligncenter size-large is-resized\"><img decoding=\"async\" src=\"http:\/\/inselreport.eu\/wp-content\/uploads\/2019\/11\/Waldfahrt-1024x768.jpg\" alt=\"\" class=\"wp-image-5220\" width=\"600\" srcset=\"https:\/\/inselreport.eu\/wp-content\/uploads\/2019\/11\/Waldfahrt-1024x768.jpg 1024w, https:\/\/inselreport.eu\/wp-content\/uploads\/2019\/11\/Waldfahrt-300x225.jpg 300w, https:\/\/inselreport.eu\/wp-content\/uploads\/2019\/11\/Waldfahrt-768x576.jpg 768w, https:\/\/inselreport.eu\/wp-content\/uploads\/2019\/11\/Waldfahrt-1536x1152.jpg 1536w, https:\/\/inselreport.eu\/wp-content\/uploads\/2019\/11\/Waldfahrt-2048x1536.jpg 2048w, https:\/\/inselreport.eu\/wp-content\/uploads\/2019\/11\/Waldfahrt-1200x900.jpg 1200w\" sizes=\"(max-width: 709px) 85vw, (max-width: 909px) 67vw, (max-width: 1362px) 62vw, 840px\" \/><figcaption>Nach der ersten Morgenrunde ist der Zug reichlich mit Fahrg\u00e4sten gef\u00fcllt &#8211; hier im Wald in der N\u00e4he von Sellin  <\/figcaption><\/figure><\/div>\n\n\n\n<p>Immer wieder an einem anderen Ort. Eins hat sich direkt in den B\u00fcffetwagen geschlichen. Es ist Harald \u2013 mit schottischem Touch \u2013 denn rein zuf\u00e4llig kommen bei der ersten Ankunft in G\u00f6hren G\u00e4ste an Bord, die an einer ausgiebigen Whiskyverkostung teilnehmen. Nat\u00fcrlich gibt es auch etwas zu essen. Zuerst Lachstatar mit Wachtelei \u2013 sp\u00e4ter dann Jakobsmuscheln aus dem Raclette-Pf\u00e4nnchen. Und andere Leckereien. <\/p>\n\n\n\n<div class=\"wp-block-image\"><figure class=\"aligncenter size-large is-resized\"><img decoding=\"async\" src=\"http:\/\/inselreport.eu\/wp-content\/uploads\/2019\/11\/Lachstartar-1024x768.jpg\" alt=\"\" class=\"wp-image-5214\" width=\"600\" srcset=\"https:\/\/inselreport.eu\/wp-content\/uploads\/2019\/11\/Lachstartar-1024x768.jpg 1024w, https:\/\/inselreport.eu\/wp-content\/uploads\/2019\/11\/Lachstartar-300x225.jpg 300w, https:\/\/inselreport.eu\/wp-content\/uploads\/2019\/11\/Lachstartar-768x576.jpg 768w, https:\/\/inselreport.eu\/wp-content\/uploads\/2019\/11\/Lachstartar-1536x1152.jpg 1536w, https:\/\/inselreport.eu\/wp-content\/uploads\/2019\/11\/Lachstartar-2048x1536.jpg 2048w, https:\/\/inselreport.eu\/wp-content\/uploads\/2019\/11\/Lachstartar-1200x900.jpg 1200w\" sizes=\"(max-width: 709px) 85vw, (max-width: 909px) 67vw, (max-width: 1362px) 62vw, 840px\" \/><figcaption>Leckeres Lachstartar mit Wachtelei &#8211; gibt es so etwas noch irgendwo in einem Buffetwagen?<\/figcaption><\/figure><\/div>\n\n\n\n<p>Wer diesen Buffetwagen \u2013 und seinen Betreiber Tobias Keucher &#8211; kennt, der wei\u00df, dass es fast nichts gibt, was es nicht gibt. Okay, Spanferkel am Spie\u00df \u00fcber offenem Feuer &#8211; das w\u00e4re mal eine echte Herausforderung. <\/p>\n\n\n\n<div class=\"wp-block-image\"><figure class=\"aligncenter size-large is-resized\"><img decoding=\"async\" src=\"http:\/\/inselreport.eu\/wp-content\/uploads\/2019\/11\/Jakobsmuschel-1024x768.jpg\" alt=\"\" class=\"wp-image-5213\" width=\"600\" srcset=\"https:\/\/inselreport.eu\/wp-content\/uploads\/2019\/11\/Jakobsmuschel-1024x768.jpg 1024w, https:\/\/inselreport.eu\/wp-content\/uploads\/2019\/11\/Jakobsmuschel-300x225.jpg 300w, https:\/\/inselreport.eu\/wp-content\/uploads\/2019\/11\/Jakobsmuschel-768x576.jpg 768w, https:\/\/inselreport.eu\/wp-content\/uploads\/2019\/11\/Jakobsmuschel-1536x1152.jpg 1536w, https:\/\/inselreport.eu\/wp-content\/uploads\/2019\/11\/Jakobsmuschel-2048x1536.jpg 2048w, https:\/\/inselreport.eu\/wp-content\/uploads\/2019\/11\/Jakobsmuschel-1200x900.jpg 1200w\" sizes=\"(max-width: 709px) 85vw, (max-width: 909px) 67vw, (max-width: 1362px) 62vw, 840px\" \/><figcaption>Jakobsmuscheln in der Raclette-Pfanne, die durch Teelichter beheizt wird. Schweizer &#8222;Technologie&#8220;.<\/figcaption><\/figure><\/div>\n\n\n\n<p>Glenfiddich-Botschafter Markus Heinze und die Globetrotter-Bar aus G\u00f6hren pr\u00e4sentieren also w\u00e4hrend der Fahrt Richtung Putbus im Buffetwagen verschiedene Sorten Whisky. <\/p>\n\n\n\n<figure class=\"wp-block-embed-youtube wp-block-embed is-type-video is-provider-youtube wp-embed-aspect-4-3 wp-has-aspect-ratio\"><div class=\"wp-block-embed__wrapper\">\n<iframe loading=\"lazy\" title=\"Whiskyverkostung\" width=\"840\" height=\"630\" src=\"https:\/\/www.youtube.com\/embed\/rNk18SnyZg4?feature=oembed\" frameborder=\"0\" allow=\"accelerometer; autoplay; encrypted-media; gyroscope; picture-in-picture\" allowfullscreen><\/iframe>\n<\/div><\/figure>\n\n\n\n<div class=\"wp-block-image\"><figure class=\"aligncenter size-large is-resized\"><a href=\"http:\/\/inselreport.eu\/?p=4892\"><img decoding=\"async\" src=\"http:\/\/inselreport.eu\/wp-content\/uploads\/2019\/11\/Whiskyverkostung-1024x768.jpg\" alt=\"\" class=\"wp-image-5221\" width=\"600\" srcset=\"https:\/\/inselreport.eu\/wp-content\/uploads\/2019\/11\/Whiskyverkostung-1024x768.jpg 1024w, https:\/\/inselreport.eu\/wp-content\/uploads\/2019\/11\/Whiskyverkostung-300x225.jpg 300w, https:\/\/inselreport.eu\/wp-content\/uploads\/2019\/11\/Whiskyverkostung-768x576.jpg 768w, https:\/\/inselreport.eu\/wp-content\/uploads\/2019\/11\/Whiskyverkostung-1536x1152.jpg 1536w, https:\/\/inselreport.eu\/wp-content\/uploads\/2019\/11\/Whiskyverkostung-2048x1536.jpg 2048w, https:\/\/inselreport.eu\/wp-content\/uploads\/2019\/11\/Whiskyverkostung-1200x900.jpg 1200w\" sizes=\"(max-width: 709px) 85vw, (max-width: 909px) 67vw, (max-width: 1362px) 62vw, 840px\" \/><\/a><figcaption>W\u00e4hrend der Fahrt entspannt eine Menge \u00fcber Whisky lernen und auch mal kosten d\u00fcrfen &#8211; so macht das Leben Freude<\/figcaption><\/figure><\/div>\n\n\n\n<p>\u201eThe Balvenie und Glenfiddich on Tour\u201c hei\u00dft die Veranstaltung und es ist ein sehr am\u00fcsantes Erlebnis. Whisky kann man einfach trinken \u2013 oder eben verschiedene Sorten verkosten und gleichzeitig viel Wissenswertes er-fahren. In diesem Fall im wahrsten Sinne des Wortes. <\/p>\n\n\n\n<div class=\"wp-block-image\"><figure class=\"aligncenter size-large is-resized\"><img decoding=\"async\" src=\"http:\/\/inselreport.eu\/wp-content\/uploads\/2019\/11\/Harald-1024x768.jpg\" alt=\"\" class=\"wp-image-5212\" width=\"600\" srcset=\"https:\/\/inselreport.eu\/wp-content\/uploads\/2019\/11\/Harald-1024x768.jpg 1024w, https:\/\/inselreport.eu\/wp-content\/uploads\/2019\/11\/Harald-300x225.jpg 300w, https:\/\/inselreport.eu\/wp-content\/uploads\/2019\/11\/Harald-768x576.jpg 768w, https:\/\/inselreport.eu\/wp-content\/uploads\/2019\/11\/Harald-1536x1152.jpg 1536w, https:\/\/inselreport.eu\/wp-content\/uploads\/2019\/11\/Harald-2048x1536.jpg 2048w, https:\/\/inselreport.eu\/wp-content\/uploads\/2019\/11\/Harald-1200x900.jpg 1200w\" sizes=\"(max-width: 709px) 85vw, (max-width: 909px) 67vw, (max-width: 1362px) 62vw, 840px\" \/><figcaption>Das Blauschaf Harald im Buffetwagen 970-152<\/figcaption><\/figure><\/div>\n\n\n\n<p>Harald \u2013 das Schaf an Bord ist auch blau. Das liegt\naber nicht am Whisky. Gemeinsam schauen wir nach drau\u00dfen und versuchen einen\nBlick auf seine Geschwister zu erhaschen, die sich in einer einzigartigen\nKunstaktion der \u201eBlausch\u00e4ferei Reetz\u201c an diesem Tag an der Strecke postiert\nhaben.<\/p>\n\n\n\n<div class=\"wp-block-image\"><figure class=\"aligncenter size-large is-resized\"><img decoding=\"async\" src=\"http:\/\/inselreport.eu\/wp-content\/uploads\/2019\/11\/Blauschafe-Philippshagen-1024x768.jpg\" alt=\"\" class=\"wp-image-5211\" width=\"610\" srcset=\"https:\/\/inselreport.eu\/wp-content\/uploads\/2019\/11\/Blauschafe-Philippshagen-1024x768.jpg 1024w, https:\/\/inselreport.eu\/wp-content\/uploads\/2019\/11\/Blauschafe-Philippshagen-300x225.jpg 300w, https:\/\/inselreport.eu\/wp-content\/uploads\/2019\/11\/Blauschafe-Philippshagen-768x576.jpg 768w, https:\/\/inselreport.eu\/wp-content\/uploads\/2019\/11\/Blauschafe-Philippshagen-1536x1152.jpg 1536w, https:\/\/inselreport.eu\/wp-content\/uploads\/2019\/11\/Blauschafe-Philippshagen-2048x1536.jpg 2048w, https:\/\/inselreport.eu\/wp-content\/uploads\/2019\/11\/Blauschafe-Philippshagen-1200x900.jpg 1200w\" sizes=\"(max-width: 709px) 85vw, (max-width: 909px) 67vw, (max-width: 1362px) 62vw, 840px\" \/><figcaption>Blauschafe in Philippshagen<\/figcaption><\/figure><\/div>\n\n\n\n<div class=\"wp-block-image\"><figure class=\"aligncenter size-large is-resized\"><img decoding=\"async\" src=\"http:\/\/inselreport.eu\/wp-content\/uploads\/2019\/11\/Blauschaf-Seelvitz-1024x768.jpg\" alt=\"\" class=\"wp-image-5208\" width=\"600\" srcset=\"https:\/\/inselreport.eu\/wp-content\/uploads\/2019\/11\/Blauschaf-Seelvitz-1024x768.jpg 1024w, https:\/\/inselreport.eu\/wp-content\/uploads\/2019\/11\/Blauschaf-Seelvitz-300x225.jpg 300w, https:\/\/inselreport.eu\/wp-content\/uploads\/2019\/11\/Blauschaf-Seelvitz-768x576.jpg 768w, https:\/\/inselreport.eu\/wp-content\/uploads\/2019\/11\/Blauschaf-Seelvitz-1536x1152.jpg 1536w, https:\/\/inselreport.eu\/wp-content\/uploads\/2019\/11\/Blauschaf-Seelvitz-2048x1536.jpg 2048w, https:\/\/inselreport.eu\/wp-content\/uploads\/2019\/11\/Blauschaf-Seelvitz-1200x900.jpg 1200w\" sizes=\"(max-width: 709px) 85vw, (max-width: 909px) 67vw, (max-width: 1362px) 62vw, 840px\" \/><figcaption>&#8230; und in Seelvitz<\/figcaption><\/figure><\/div>\n\n\n\n<div class=\"wp-block-image\"><figure class=\"aligncenter size-large is-resized\"><img decoding=\"async\" src=\"http:\/\/inselreport.eu\/wp-content\/uploads\/2019\/11\/Blauschaf-Teich-1024x768.jpg\" alt=\"\" class=\"wp-image-5210\" width=\"600\" srcset=\"https:\/\/inselreport.eu\/wp-content\/uploads\/2019\/11\/Blauschaf-Teich-1024x768.jpg 1024w, https:\/\/inselreport.eu\/wp-content\/uploads\/2019\/11\/Blauschaf-Teich-300x225.jpg 300w, https:\/\/inselreport.eu\/wp-content\/uploads\/2019\/11\/Blauschaf-Teich-768x576.jpg 768w, https:\/\/inselreport.eu\/wp-content\/uploads\/2019\/11\/Blauschaf-Teich-1536x1152.jpg 1536w, https:\/\/inselreport.eu\/wp-content\/uploads\/2019\/11\/Blauschaf-Teich-2048x1536.jpg 2048w, https:\/\/inselreport.eu\/wp-content\/uploads\/2019\/11\/Blauschaf-Teich-1200x900.jpg 1200w\" sizes=\"(max-width: 709px) 85vw, (max-width: 909px) 67vw, (max-width: 1362px) 62vw, 840px\" \/><figcaption>&#8230;und am Wasser.<\/figcaption><\/figure><\/div>\n\n\n\n<p style=\"color:#1600cc\" class=\"has-text-color\"><strong><em>Hintergr\u00fcnde der Kunstaktion findest Du hier: <\/em><\/strong><\/p>\n\n\n\n<figure class=\"wp-block-embed-wordpress wp-block-embed is-type-wp-embed is-provider-inselreport-eu\"><div class=\"wp-block-embed__wrapper\">\n<blockquote class=\"wp-embedded-content\" data-secret=\"0ALPSqIzsR\"><a href=\"http:\/\/inselreport.eu\/?p=4892\">Lila Kuh gibts nur eine &#8211; aber: VIELE blaue Schafe ziehen  durch Europa &#8211; am 22. September fra\u00dfen sie auf der Insel R\u00fcgen!<\/a><\/blockquote><iframe loading=\"lazy\" title=\"&#8222;Lila Kuh gibts nur eine &#8211; aber: VIELE blaue Schafe ziehen  durch Europa &#8211; am 22. September fra\u00dfen sie auf der Insel R\u00fcgen!&#8220; &#8212; inselreport.eu\" class=\"wp-embedded-content\" sandbox=\"allow-scripts\" security=\"restricted\" style=\"position: absolute; clip: rect(1px, 1px, 1px, 1px);\" src=\"http:\/\/inselreport.eu\/?p=4892&#038;embed=true#?secret=0ALPSqIzsR\" data-secret=\"0ALPSqIzsR\" width=\"600\" height=\"338\" frameborder=\"0\" marginwidth=\"0\" marginheight=\"0\" scrolling=\"no\"><\/iframe>\n<\/div><\/figure>\n\n\n\n<p>Am Abend ist dann das E-Bike weg. Ein kleiner Schreck durchzuckt meinen K\u00f6rper (schlie\u00dflich ist es ja nicht mal meins und ich hatte es vorsorglich direkt vor dem B\u00fcro der R\u00fcgenschen B\u00e4derbahn abgestellt), aber der l\u00f6ste sich schnell wieder auf. Den Bahnhofsangestellten stand es einfach ZU lange dort. Immerhin 12 Stunden. Und bevor es jemand klaut, haben sie es in ihr B\u00fcro gestellt. Danke!<\/p>\n\n\n\n<p>Am n\u00e4chsten Morgen konnte ich es dann wieder bei Peter Baaske in Gingst abgeben und so war es eine sehr interessante und vielf\u00e4ltige Reise. Und siehe da \u2013 es ist Montag, da kommt sogar wieder ein Bus an mir vorbeigefahren.<\/p>\n\n\n\n<div class=\"wp-block-image is-style-circle-mask\"><figure class=\"aligncenter size-medium\"><img loading=\"lazy\" decoding=\"async\" width=\"300\" height=\"225\" src=\"http:\/\/inselreport.eu\/wp-content\/uploads\/2019\/11\/E-Bike-Gingst-300x225.jpg\" alt=\"Gl\u00fccklich und zufrieden konnte ich das Fahrrad nach einer spannenden Reise wieder abgeben.\" class=\"wp-image-5202\" srcset=\"https:\/\/inselreport.eu\/wp-content\/uploads\/2019\/11\/E-Bike-Gingst-300x225.jpg 300w, https:\/\/inselreport.eu\/wp-content\/uploads\/2019\/11\/E-Bike-Gingst-1024x768.jpg 1024w, https:\/\/inselreport.eu\/wp-content\/uploads\/2019\/11\/E-Bike-Gingst-768x576.jpg 768w, https:\/\/inselreport.eu\/wp-content\/uploads\/2019\/11\/E-Bike-Gingst-1536x1152.jpg 1536w, https:\/\/inselreport.eu\/wp-content\/uploads\/2019\/11\/E-Bike-Gingst-2048x1536.jpg 2048w, https:\/\/inselreport.eu\/wp-content\/uploads\/2019\/11\/E-Bike-Gingst-1200x900.jpg 1200w\" sizes=\"auto, (max-width: 300px) 85vw, 300px\" \/><figcaption>Gl\u00fccklich und zufrieden konnte ich das Fahrrad nach einer spannenden Reise wieder abgeben<br><\/figcaption><\/figure><\/div>\n\n\n\n<p style=\"color:#1700cc\" class=\"has-text-color\"><em>Auch interessant:<\/em><\/p>\n\n\n\n<figure class=\"wp-block-embed-wordpress wp-block-embed is-type-wp-embed is-provider-inselreport-eu\"><div class=\"wp-block-embed__wrapper\">\n<blockquote class=\"wp-embedded-content\" data-secret=\"EjdMDztK0C\"><a href=\"http:\/\/inselreport.eu\/?p=5042\">Warum Du Dein e-Bike unbedingt beim Fachh\u00e4ndler kaufen musst:<\/a><\/blockquote><iframe loading=\"lazy\" title=\"&#8222;Warum Du Dein e-Bike unbedingt beim Fachh\u00e4ndler kaufen musst:&#8220; &#8212; inselreport.eu\" class=\"wp-embedded-content\" sandbox=\"allow-scripts\" security=\"restricted\" style=\"position: absolute; clip: rect(1px, 1px, 1px, 1px);\" src=\"http:\/\/inselreport.eu\/?p=5042&#038;embed=true#?secret=EjdMDztK0C\" data-secret=\"EjdMDztK0C\" width=\"600\" height=\"338\" frameborder=\"0\" marginwidth=\"0\" marginheight=\"0\" scrolling=\"no\"><\/iframe>\n<\/div><\/figure>\n\n\n\n<figure class=\"wp-block-embed-wordpress wp-block-embed is-type-wp-embed is-provider-inselreport-eu\"><div class=\"wp-block-embed__wrapper\">\n<blockquote class=\"wp-embedded-content\" data-secret=\"54DzxvDpPa\"><a href=\"http:\/\/inselreport.eu\/?p=4079\">UFO-Alarm auf der Insel R\u00fcgen!<\/a><\/blockquote><iframe loading=\"lazy\" title=\"&#8222;UFO-Alarm auf der Insel R\u00fcgen!&#8220; &#8212; inselreport.eu\" class=\"wp-embedded-content\" sandbox=\"allow-scripts\" security=\"restricted\" style=\"position: absolute; clip: rect(1px, 1px, 1px, 1px);\" src=\"http:\/\/inselreport.eu\/?p=4079&#038;embed=true#?secret=54DzxvDpPa\" data-secret=\"54DzxvDpPa\" width=\"600\" height=\"338\" frameborder=\"0\" marginwidth=\"0\" marginheight=\"0\" scrolling=\"no\"><\/iframe>\n<\/div><\/figure>\n\n\n\n<div class=\"wp-block-image\"><figure class=\"aligncenter size-large is-resized\"><img decoding=\"async\" src=\"http:\/\/inselreport.eu\/wp-content\/uploads\/2019\/11\/Schafe-1024x768.jpg\" alt=\"\" class=\"wp-image-5219\" width=\"600\" srcset=\"https:\/\/inselreport.eu\/wp-content\/uploads\/2019\/11\/Schafe-1024x768.jpg 1024w, https:\/\/inselreport.eu\/wp-content\/uploads\/2019\/11\/Schafe-300x225.jpg 300w, https:\/\/inselreport.eu\/wp-content\/uploads\/2019\/11\/Schafe-768x576.jpg 768w, https:\/\/inselreport.eu\/wp-content\/uploads\/2019\/11\/Schafe-1536x1152.jpg 1536w, https:\/\/inselreport.eu\/wp-content\/uploads\/2019\/11\/Schafe-2048x1536.jpg 2048w, https:\/\/inselreport.eu\/wp-content\/uploads\/2019\/11\/Schafe-1200x900.jpg 1200w\" sizes=\"(max-width: 709px) 85vw, (max-width: 909px) 67vw, (max-width: 1362px) 62vw, 840px\" \/><figcaption>Echte Schafe gibt es auf R\u00fcgen \u00fcbrigens auch!<\/figcaption><\/figure><\/div>\n\n\n\n<p style=\"color:#2300cc\" class=\"has-text-color\">Und da ist noch was: <\/p>\n\n\n\n<figure class=\"wp-block-embed-wordpress wp-block-embed is-type-wp-embed is-provider-inselreport-eu\"><div class=\"wp-block-embed__wrapper\">\n<blockquote class=\"wp-embedded-content\" data-secret=\"jeStW7LTak\"><a href=\"http:\/\/inselreport.eu\/?p=3776\">Nein, nein, nein &#8211; DAS ist nicht das alte Amerika. NEIN! Das ist auf R\u00fcgen der &#8222;Blues-Train&#8220;.<\/a><\/blockquote><iframe loading=\"lazy\" title=\"&#8222;Nein, nein, nein &#8211; DAS ist nicht das alte Amerika. NEIN! Das ist auf R\u00fcgen der &#8222;Blues-Train&#8220;.&#8220; &#8212; inselreport.eu\" class=\"wp-embedded-content\" sandbox=\"allow-scripts\" security=\"restricted\" style=\"position: absolute; clip: rect(1px, 1px, 1px, 1px);\" src=\"http:\/\/inselreport.eu\/?p=3776&#038;embed=true#?secret=jeStW7LTak\" data-secret=\"jeStW7LTak\" width=\"600\" height=\"338\" frameborder=\"0\" marginwidth=\"0\" marginheight=\"0\" scrolling=\"no\"><\/iframe>\n<\/div><\/figure>\n\n\n\n<p><\/p>\n\n\n\n<p><\/p>\n\n\n\n<p style=\"color:#f2180c\" class=\"has-text-color has-text-align-right\"><em>Fotos: \u00a9 Marius Jaster<\/em><\/p>\n","protected":false},"excerpt":{"rendered":"<p>Mit Videos! \u201eEine Insel mit viel Bus\u201c \u2013 so wirbt die Verkehrsgesellschaft Vorpommern-R\u00fcgen (VVR) auf ihren Bussen. Tats\u00e4chlich fahren da auch ganz viele durch die Landschaft. Viel zu oft leer, oder fast leer. Sage ich zum Fahrer: \u201eNiemand da au\u00dfer mir \u2013 da bin ich ja ganz alleine in dem Riesenbus\u201c. Sagt er: \u201eSch\u00f6n, dass &hellip; <a href=\"https:\/\/inselreport.eu\/?p=5207\" class=\"more-link\"><span class=\"screen-reader-text\">\u201eInsel R\u00fcgen: Blaues Schaf im &#8222;Whisky-Express&#8220; und kein Bus f\u00e4hrt da hin\u201c<\/span> weiterlesen<\/a><\/p>\n","protected":false},"author":1,"featured_media":5209,"comment_status":"open","ping_status":"open","sticky":false,"template":"","format":"standard","meta":{"om_disable_all_campaigns":false,"_exactmetrics_skip_tracking":false,"_exactmetrics_sitenote_active":false,"_exactmetrics_sitenote_note":"","_exactmetrics_sitenote_category":0,"_uf_show_specific_survey":0,"_uf_disable_surveys":false,"footnotes":""},"categories":[2,390,53,407],"tags":[472,468,474,475,11,118,21,102,504,473],"class_list":["post-5207","post","type-post","status-publish","format-standard","has-post-thumbnail","hentry","category-insel-ruegen","category-rasender-roland","category-reportage","category-unterhaltung","tag-blauschafe","tag-e-bike","tag-glenfiddich","tag-globetrotter","tag-insel-ruegen","tag-insel-ruegen-news","tag-ostsee","tag-rasender-roland","tag-urlaub-ruegen","tag-whisky"],"aioseo_notices":[],"_links":{"self":[{"href":"https:\/\/inselreport.eu\/index.php?rest_route=\/wp\/v2\/posts\/5207","targetHints":{"allow":["GET"]}}],"collection":[{"href":"https:\/\/inselreport.eu\/index.php?rest_route=\/wp\/v2\/posts"}],"about":[{"href":"https:\/\/inselreport.eu\/index.php?rest_route=\/wp\/v2\/types\/post"}],"author":[{"embeddable":true,"href":"https:\/\/inselreport.eu\/index.php?rest_route=\/wp\/v2\/users\/1"}],"replies":[{"embeddable":true,"href":"https:\/\/inselreport.eu\/index.php?rest_route=%2Fwp%2Fv2%2Fcomments&post=5207"}],"version-history":[{"count":32,"href":"https:\/\/inselreport.eu\/index.php?rest_route=\/wp\/v2\/posts\/5207\/revisions"}],"predecessor-version":[{"id":5263,"href":"https:\/\/inselreport.eu\/index.php?rest_route=\/wp\/v2\/posts\/5207\/revisions\/5263"}],"wp:featuredmedia":[{"embeddable":true,"href":"https:\/\/inselreport.eu\/index.php?rest_route=\/wp\/v2\/media\/5209"}],"wp:attachment":[{"href":"https:\/\/inselreport.eu\/index.php?rest_route=%2Fwp%2Fv2%2Fmedia&parent=5207"}],"wp:term":[{"taxonomy":"category","embeddable":true,"href":"https:\/\/inselreport.eu\/index.php?rest_route=%2Fwp%2Fv2%2Fcategories&post=5207"},{"taxonomy":"post_tag","embeddable":true,"href":"https:\/\/inselreport.eu\/index.php?rest_route=%2Fwp%2Fv2%2Ftags&post=5207"}],"curies":[{"name":"wp","href":"https:\/\/api.w.org\/{rel}","templated":true}]}}