{"id":5272,"date":"2019-11-29T22:22:29","date_gmt":"2019-11-29T21:22:29","guid":{"rendered":"http:\/\/inselreport.eu\/?p=5272"},"modified":"2019-11-30T10:24:48","modified_gmt":"2019-11-30T09:24:48","slug":"eilmeldung-black-friday-for-future-nonsens-nonstop","status":"publish","type":"post","link":"https:\/\/inselreport.eu\/?p=5272","title":{"rendered":"EILMELDUNG &#8211; black friday for future &#8211; Nonsens NonStop"},"content":{"rendered":"\n<p style=\"color:#d1180b\" class=\"has-text-color has-medium-font-size\">Was f\u00fcr ein schwarzer Freitag! Zuerst springt eine ganz wichtige <strong>Eilmeldung<\/strong> auf den Bildschirm. Die ist so wichtig, dass es Deutschland und die Welt aus den Sesseln rei\u00dft. Der neue Flughafen in Berlin, der <em><strong>BER<\/strong><\/em> wurde au\u00dferplanm\u00e4\u00dfig in Betrieb genommen! <\/p>\n\n\n\n<figure class=\"wp-block-image size-large is-resized\"><img decoding=\"async\" src=\"http:\/\/inselreport.eu\/wp-content\/uploads\/2019\/11\/Screenshot-14-1024x576.png\" alt=\"\" class=\"wp-image-5275\" width=\"600\" srcset=\"https:\/\/inselreport.eu\/wp-content\/uploads\/2019\/11\/Screenshot-14-1024x576.png 1024w, https:\/\/inselreport.eu\/wp-content\/uploads\/2019\/11\/Screenshot-14-300x169.png 300w, https:\/\/inselreport.eu\/wp-content\/uploads\/2019\/11\/Screenshot-14-768x432.png 768w, https:\/\/inselreport.eu\/wp-content\/uploads\/2019\/11\/Screenshot-14-1200x675.png 1200w, https:\/\/inselreport.eu\/wp-content\/uploads\/2019\/11\/Screenshot-14.png 1366w\" sizes=\"(max-width: 709px) 85vw, (max-width: 909px) 67vw, (max-width: 1362px) 62vw, 840px\" \/><\/figure>\n\n\n\n<p><em>Nachdem der T\u00dcV in den Morgenstunden feststellte, dass alle M\u00e4ngel behoben sind, konnte der Flughafen heute spontan in Betrieb genommen werden. Hunderte leere Koffer standen sowieso schon bereit, weil n\u00e4chste Woche mit Tausenden Probanden die Generalprobe f\u00fcr den Ablauf im Terminal stattfinden sollte. Aus purer \u00fcbersprudelnder Freude wurde heute fr\u00fch der Plan ge\u00e4ndert. <\/em><\/p>\n\n\n\n<!--more-->\n\n\n\n<p><em>Vor dem Bahnhof und aus dem Bahnhofsviertel wurden mit Taxen bereitwillige Obdachlose eingesammelt, die sich einen leeren Koffer aussuchen durften, der dann nach ihren W\u00fcnschen bef\u00fcllt wurde. Und ab gings mit einer Sondermaschine in den S\u00fcden. F\u00fcr 24 Stunden! \ud83d\ude42<\/em><\/p>\n\n\n\n<p>Okay, bis hierher ist das nat\u00fcrlich v\u00f6lliger Quatsch, Unfug, Nonsens. Die wirkliche Eilmeldung bestand darin, dass heute ein Er\u00f6ffnungstermin f\u00fcr Ende Oktober 2020 festgelegt wurde. DAS ist den Medien wirklich eine EILMELDUNG wert! Immerhin, nach 9 Jahren Versp\u00e4tung und noch 11 Monaten Zeit, in der sich ja sooo viel \u00e4ndern kann. Na ja, so ist die Medienlandschaft.<\/p>\n\n\n\n<p style=\"color:#0043cc\" class=\"has-text-color\">Und w\u00e4hrend runde 30.000 Menschen ihre \u201eFriday-for-Future\u201c-Demonstration vor dem Brandenburger Tor abhalten, l\u00e4uft fr\u00f6hlich auf allen Kan\u00e4len, inclusive im Internet die letzte Zuckung, den \u201eVerbraucher\u201c, \u201eKonsumenten\u201c \u2013 nenne es wie DU willst, doch noch zu einem weiteren Schn\u00e4ppchen zu \u00fcberreden. Etwa 3,5 Milliarden Euro wechseln den Besitzer. In Deutschland. Heute.<\/p>\n\n\n\n<p>Das Schlimme daran ist vielleicht nicht, dass Menschen, die\nnicht so viel Geld haben heute mal ein Schn\u00e4ppchen machen konnten. Das ist ja\nokay!<\/p>\n\n\n\n<figure class=\"wp-block-image size-large is-resized\"><img decoding=\"async\" src=\"http:\/\/inselreport.eu\/wp-content\/uploads\/2019\/11\/Screenshot-15-1024x576.png\" alt=\"\" class=\"wp-image-5274\" width=\"600\" srcset=\"https:\/\/inselreport.eu\/wp-content\/uploads\/2019\/11\/Screenshot-15-1024x576.png 1024w, https:\/\/inselreport.eu\/wp-content\/uploads\/2019\/11\/Screenshot-15-300x169.png 300w, https:\/\/inselreport.eu\/wp-content\/uploads\/2019\/11\/Screenshot-15-768x432.png 768w, https:\/\/inselreport.eu\/wp-content\/uploads\/2019\/11\/Screenshot-15-1200x675.png 1200w, https:\/\/inselreport.eu\/wp-content\/uploads\/2019\/11\/Screenshot-15.png 1366w\" sizes=\"(max-width: 709px) 85vw, (max-width: 909px) 67vw, (max-width: 1362px) 62vw, 840px\" \/><figcaption>Der &#8222;Black Friday&#8220; ist ja f\u00fcr manche schon ein einzelnes Gesch\u00e4ftsmodell<\/figcaption><\/figure>\n\n\n\n<p>Das Schlimme daran ist, dass Massen von Menschen zu einem\nsinnlosen Konsum verleitet werden. Sie kaufen Dinge, die sie nie brauchen (Und\nRessourcen sind nicht nur \u00d6l und Luft, sondern ALLES was wir haben \u2013 kommt n\u00e4mlich\naus der Erde irgendwie), dann wieder wegschmei\u00dfen \u2013 oder, wenn im Internet bestellt,\neinfach wieder zur\u00fcck schicken. Schlimmer noch: Umtauschen, weil die Jeans\nnicht passt. Okay, kommt eine andere.<\/p>\n\n\n\n<p style=\"color:#0045cc\" class=\"has-text-color\"><strong>Wei\u00dft Du warum es ein SCHWARZER FREITAG ist? Weil allein in Deutschland an einem normalen Tag ein LKW 2200 mal (!) von Hamburg nach Moskau und zur\u00fcck fahren m\u00fcsste, um Retouren zur\u00fcckzubringen. Meist Klamotten und Schuhe.<\/strong><\/p>\n\n\n\n<p>Dank heute \u2013 dem schwarzen Freitag \u2013 werden es wohl 6000 bis\n8000 Fahrten werden.<\/p>\n\n\n\n<p>Das Problem: Insgesamt bel\u00e4uft sich die Ersparnis\ndurchschnittlich auf nur 6%! Weil viele H\u00e4ndler vorher sanft die Preise\nerh\u00f6hen, um dann HEUTE sooo gro\u00dfe Rabatte geben zu k\u00f6nnen.<\/p>\n\n\n\n<p>Der \u201eBlack Friday\u201c kommt aus Amerika. Der Beginn der Weihnachtseinkaufs-Saison. Bei uns so um den ersten Advent.<\/p>\n\n\n\n<figure class=\"wp-block-image size-large is-resized\"><img decoding=\"async\" src=\"http:\/\/inselreport.eu\/wp-content\/uploads\/2019\/11\/Screenshot-16-1024x576.png\" alt=\"\" class=\"wp-image-5291\" width=\"600\" srcset=\"https:\/\/inselreport.eu\/wp-content\/uploads\/2019\/11\/Screenshot-16-1024x576.png 1024w, https:\/\/inselreport.eu\/wp-content\/uploads\/2019\/11\/Screenshot-16-300x169.png 300w, https:\/\/inselreport.eu\/wp-content\/uploads\/2019\/11\/Screenshot-16-768x432.png 768w, https:\/\/inselreport.eu\/wp-content\/uploads\/2019\/11\/Screenshot-16-1200x675.png 1200w, https:\/\/inselreport.eu\/wp-content\/uploads\/2019\/11\/Screenshot-16.png 1366w\" sizes=\"(max-width: 709px) 85vw, (max-width: 909px) 67vw, (max-width: 1362px) 62vw, 840px\" \/><\/figure>\n\n\n\n<p style=\"color:#004bcc\" class=\"has-text-color\"><em>Und zu allem \u00dcberfluss kommt dann noch der Cyber-Monday. AM WOCHENENDE! Mehr &#8222;Balla&#8220; geht eigentlich nicht.<\/em><\/p>\n\n\n\n<p>PS: Ich mache n\u00e4chstes Jahr auch \u201eBlack Friday\u201c: Ich schreibe hin: \u201eNUR HEUTE! Bezahle doch mal was es wirklich wert ist! Statt 368,- Euro 3.368,-Euro\u201e (Das ist dann wenigstens keine schleichende Vorab-Erh\u00f6hung)<\/p>\n\n\n\n<p><\/p>\n","protected":false},"excerpt":{"rendered":"<p>Was f\u00fcr ein schwarzer Freitag! Zuerst springt eine ganz wichtige Eilmeldung auf den Bildschirm. Die ist so wichtig, dass es Deutschland und die Welt aus den Sesseln rei\u00dft. Der neue Flughafen in Berlin, der BER wurde au\u00dferplanm\u00e4\u00dfig in Betrieb genommen! Nachdem der T\u00dcV in den Morgenstunden feststellte, dass alle M\u00e4ngel behoben sind, konnte der Flughafen &hellip; <a href=\"https:\/\/inselreport.eu\/?p=5272\" class=\"more-link\"><span class=\"screen-reader-text\">\u201eEILMELDUNG &#8211; black friday for future &#8211; Nonsens NonStop\u201c<\/span> weiterlesen<\/a><\/p>\n","protected":false},"author":1,"featured_media":5273,"comment_status":"open","ping_status":"open","sticky":false,"template":"","format":"standard","meta":{"om_disable_all_campaigns":false,"_exactmetrics_skip_tracking":false,"_exactmetrics_sitenote_active":false,"_exactmetrics_sitenote_note":"","_exactmetrics_sitenote_category":0,"_uf_show_specific_survey":0,"_uf_disable_surveys":false,"footnotes":""},"categories":[8,56],"tags":[477,479,484,482,481,483,478,480],"class_list":["post-5272","post","type-post","status-publish","format-standard","has-post-thumbnail","hentry","category-aktuelles","category-kolumnen","tag-ber","tag-black-friday","tag-brandenburger-tor","tag-cyber-monday","tag-eilmeldung","tag-flughafen","tag-friday-for-future","tag-nonsens"],"aioseo_notices":[],"_links":{"self":[{"href":"https:\/\/inselreport.eu\/index.php?rest_route=\/wp\/v2\/posts\/5272","targetHints":{"allow":["GET"]}}],"collection":[{"href":"https:\/\/inselreport.eu\/index.php?rest_route=\/wp\/v2\/posts"}],"about":[{"href":"https:\/\/inselreport.eu\/index.php?rest_route=\/wp\/v2\/types\/post"}],"author":[{"embeddable":true,"href":"https:\/\/inselreport.eu\/index.php?rest_route=\/wp\/v2\/users\/1"}],"replies":[{"embeddable":true,"href":"https:\/\/inselreport.eu\/index.php?rest_route=%2Fwp%2Fv2%2Fcomments&post=5272"}],"version-history":[{"count":12,"href":"https:\/\/inselreport.eu\/index.php?rest_route=\/wp\/v2\/posts\/5272\/revisions"}],"predecessor-version":[{"id":5294,"href":"https:\/\/inselreport.eu\/index.php?rest_route=\/wp\/v2\/posts\/5272\/revisions\/5294"}],"wp:featuredmedia":[{"embeddable":true,"href":"https:\/\/inselreport.eu\/index.php?rest_route=\/wp\/v2\/media\/5273"}],"wp:attachment":[{"href":"https:\/\/inselreport.eu\/index.php?rest_route=%2Fwp%2Fv2%2Fmedia&parent=5272"}],"wp:term":[{"taxonomy":"category","embeddable":true,"href":"https:\/\/inselreport.eu\/index.php?rest_route=%2Fwp%2Fv2%2Fcategories&post=5272"},{"taxonomy":"post_tag","embeddable":true,"href":"https:\/\/inselreport.eu\/index.php?rest_route=%2Fwp%2Fv2%2Ftags&post=5272"}],"curies":[{"name":"wp","href":"https:\/\/api.w.org\/{rel}","templated":true}]}}