{"id":5403,"date":"2019-12-16T06:50:19","date_gmt":"2019-12-16T05:50:19","guid":{"rendered":"http:\/\/inselreport.eu\/?p=5403"},"modified":"2019-12-21T22:08:00","modified_gmt":"2019-12-21T21:08:00","slug":"studie-beweist-kinder-krank-durch-smartphone-nutzung","status":"publish","type":"post","link":"https:\/\/inselreport.eu\/?p=5403","title":{"rendered":"Studie beweist: Kinder krank durch Smartphone-Nutzung"},"content":{"rendered":"\n<figure class=\"wp-block-table is-style-regular\"><table class=\"\"><tbody><tr><td><\/td><\/tr><\/tbody><\/table><\/figure>\n\n\n\n<p style=\"color:#070ae0\" class=\"has-text-color\"><strong>Smartphones, Tablets und Spielekonsolen ziehen Kinder in ihren Bann. Das hat dramatische Folgen f\u00fcr die Gesundheit: Kinder\u00e4rzte sehen bei Kindern aller Altersgruppen gesundheitliche Probleme, die sie auf die zunehmende Mediennutzung zur\u00fcckf\u00fchren. Am st\u00e4rksten betroffen sind Kinder zwischen zehn und 13 Jahren. Aber auch Kleinkinder leiden erheblich unter der t\u00e4glichen Besch\u00e4ftigung mit dem Smartphone. <\/strong><\/p>\n\n\n\n<p>Dies sind Ergebnisse der Studie &#8222;Smart Aufwachsen 2019?&#8220; der pronova BKK, f\u00fcr die 100 niedergelassene Kinder\u00e4rzte befragt wurden.  Drei Viertel der P\u00e4diater stellen fest, das die zwischen zehn und 13-j\u00e4hrigen&nbsp; gesundheitliche Probleme wie \u00dcbergewicht oder Lernschwierigkeiten haben. Diese werten sie als eine Folge zunehmender Mediennutzung schon im Kindesalter. <\/p>\n\n\n\n<!--more-->\n\n\n\n<p style=\"color:#0007cc\" class=\"has-text-color\"><strong>&#8222;Im Alter zwischen zehn und 13 Jahren bekommen viele Kinder ihr erstes eigenes Smartphone. Die Folgen zeigen sich in den Kinderarztpraxen. Das sollte Eltern, aber auch Lehrer und Erzieher aufr\u00fctteln und dazu bewegen, Kinder beim Umgang mit eigenen Ger\u00e4ten eng zu begleiten&#8220;, sagt Dr. Gerd Herold, Beratungsarzt bei der pronova BKK. <\/strong><\/p>\n\n\n\n<p>Die Schwierigkeiten beginnen aber schon viel fr\u00fcher und sind aus Sicht der Mediziner sogar bereits im Kleinkindalter deutlich zu erkennen: Ein Drittel der Kinder\u00e4rzte diagnostiziert bei den unter Dreij\u00e4hrigen Defizite etwa in der motorischen Entwicklung, weil auch diese Altersgruppe schon Smartphones und Tablets in die H\u00e4nde bekommt. 95 Prozent der P\u00e4diater sind sich einig: Kinder, die in Folge der Mediennutzung beeintr\u00e4chtigt sind, werden immer j\u00fcnger. <\/p>\n\n\n\n<p style=\"color:#ef0f04\" class=\"has-text-color\"><strong>&#8222;Unkontrollierter Medienkonsum von Kleinkindern kann ihrer Entwicklung in vielerlei Hinsicht schaden: Diese Kinder bewegen sich meist zu wenig, sind in ihrer Sprachentwicklung gehemmt und ihre Kreativit\u00e4t kann sich nicht entfalten&#8220;, sagt Stella Beck, Gesundheitsp\u00e4dagogin (M. Sc.) von der pronova BKK.  <\/strong><\/p>\n\n\n\n<p>Konsolen, Tablets und Smartphones sind in allen Altersgruppen Begleiter durch die Kindheit. Rund zwei Drittel der \u00c4rzte sehen auch die Gesundheit von Kindergarten- und Grundschulkindern im Alter zwischen drei und neun Jahren dadurch belastet. Etwas besser scheinen Teenager zwischen 14 und 17 Jahren die Nutzung von Smartphone und Co. wegzustecken: Aber auch f\u00fcr diese Altersgruppe erkennt noch rund die H\u00e4lfte der Kinder\u00e4rzte gesundheitliche Beeintr\u00e4chtigungen infolge der Smartphone-Nutzung.&nbsp;   Zunahme sozialer Auff\u00e4lligkeiten.   <\/p>\n\n\n\n<p>Gleich eine ganze Reihe von Krankheitssymptomen f\u00fchren Kinder\u00e4rzte auf \u00fcberm\u00e4\u00dfigen Medienkonsum zur\u00fcck. Dazu geh\u00f6ren laut Befragung \u00dcbergewicht, soziale Auff\u00e4lligkeiten, motorische Defizite und Lernentwicklungsst\u00f6rungen. Zugleich sehen die Kinder\u00e4rzte diese Probleme auf dem Vormarsch. <\/p>\n\n\n\n<p>So berichten 79 Prozent der befragten \u00c4rzte, dass sie in den vergangenen f\u00fcnf Jahren verst\u00e4rkt soziale Auff\u00e4lligkeiten bei ihren jungen Patienten feststellen. 75 Prozent registrieren, dass immer mehr Kinder zu viel wiegen. 82 Prozent stellen schon heute eine soziale Isolation des Nachwuchses fest, f\u00fcr die sie die Mediennutzung mitverantwortlich machen.  <\/p>\n\n\n\n<p>Zur Studie\u00a0 \u00a0 \u00a0   Die Studie &#8222;Smart Aufwachsen 2019?&#8220; wurde im Oktober 2019 im Auftrag der pronova BKK im Rahmen einer Online-Befragung durchgef\u00fchrt. Bundesweit wurden 100 niedergelassene Kinder\u00e4rztinnen und Kinder\u00e4rzte befragt.  <\/p>\n\n\n\n<p><\/p>\n","protected":false},"excerpt":{"rendered":"<p>Smartphones, Tablets und Spielekonsolen ziehen Kinder in ihren Bann. Das hat dramatische Folgen f\u00fcr die Gesundheit: Kinder\u00e4rzte sehen bei Kindern aller Altersgruppen gesundheitliche Probleme, die sie auf die zunehmende Mediennutzung zur\u00fcckf\u00fchren. Am st\u00e4rksten betroffen sind Kinder zwischen zehn und 13 Jahren. Aber auch Kleinkinder leiden erheblich unter der t\u00e4glichen Besch\u00e4ftigung mit dem Smartphone. Dies sind &hellip; <a href=\"https:\/\/inselreport.eu\/?p=5403\" class=\"more-link\"><span class=\"screen-reader-text\">\u201eStudie beweist: Kinder krank durch Smartphone-Nutzung\u201c<\/span> weiterlesen<\/a><\/p>\n","protected":false},"author":1,"featured_media":5415,"comment_status":"open","ping_status":"open","sticky":false,"template":"","format":"standard","meta":{"om_disable_all_campaigns":false,"_exactmetrics_skip_tracking":false,"_exactmetrics_sitenote_active":false,"_exactmetrics_sitenote_note":"","_exactmetrics_sitenote_category":0,"_uf_show_specific_survey":0,"_uf_disable_surveys":false,"footnotes":""},"categories":[1,5,17],"tags":[508,509,507,512],"class_list":["post-5403","post","type-post","status-publish","format-standard","has-post-thumbnail","hentry","category-allgemein","category-koerper-geist-und-seele-einfach-gesund","category-wissenswertes","tag-kind-krank","tag-kinderarzt","tag-smartphone","tag-smombie"],"aioseo_notices":[],"_links":{"self":[{"href":"https:\/\/inselreport.eu\/index.php?rest_route=\/wp\/v2\/posts\/5403","targetHints":{"allow":["GET"]}}],"collection":[{"href":"https:\/\/inselreport.eu\/index.php?rest_route=\/wp\/v2\/posts"}],"about":[{"href":"https:\/\/inselreport.eu\/index.php?rest_route=\/wp\/v2\/types\/post"}],"author":[{"embeddable":true,"href":"https:\/\/inselreport.eu\/index.php?rest_route=\/wp\/v2\/users\/1"}],"replies":[{"embeddable":true,"href":"https:\/\/inselreport.eu\/index.php?rest_route=%2Fwp%2Fv2%2Fcomments&post=5403"}],"version-history":[{"count":5,"href":"https:\/\/inselreport.eu\/index.php?rest_route=\/wp\/v2\/posts\/5403\/revisions"}],"predecessor-version":[{"id":5418,"href":"https:\/\/inselreport.eu\/index.php?rest_route=\/wp\/v2\/posts\/5403\/revisions\/5418"}],"wp:featuredmedia":[{"embeddable":true,"href":"https:\/\/inselreport.eu\/index.php?rest_route=\/wp\/v2\/media\/5415"}],"wp:attachment":[{"href":"https:\/\/inselreport.eu\/index.php?rest_route=%2Fwp%2Fv2%2Fmedia&parent=5403"}],"wp:term":[{"taxonomy":"category","embeddable":true,"href":"https:\/\/inselreport.eu\/index.php?rest_route=%2Fwp%2Fv2%2Fcategories&post=5403"},{"taxonomy":"post_tag","embeddable":true,"href":"https:\/\/inselreport.eu\/index.php?rest_route=%2Fwp%2Fv2%2Ftags&post=5403"}],"curies":[{"name":"wp","href":"https:\/\/api.w.org\/{rel}","templated":true}]}}