{"id":5525,"date":"2020-02-01T18:55:35","date_gmt":"2020-02-01T17:55:35","guid":{"rendered":"http:\/\/inselreport.eu\/?p=5525"},"modified":"2020-02-02T19:48:58","modified_gmt":"2020-02-02T18:48:58","slug":"einzigartig-verrueckt-auf-ruegen-der-buffetwagen-970-152-im-rasenden-roland-sonst-waere-es-ja-normal-und-damit-langweilig","status":"publish","type":"post","link":"https:\/\/inselreport.eu\/?p=5525","title":{"rendered":"Verr\u00fcckt auf R\u00fcgen: Der Food-Train. Oder: Das 5-G\u00e4nge-Men\u00fc im Buffetwagen 970-152 des &#8222;Rasenden Roland&#8220;."},"content":{"rendered":"\n<p style=\"color:#1200cc\" class=\"has-text-color\"><strong>Du hast was verpasst heute: Als Premiere das 5-G\u00e4nge Men\u00fc im besten Buffetwagen, den die Insel R\u00fcgen je gesehen hat. Okay, das ist gelogen, weil es n\u00e4mlich DEUTSCHLANDS bester Buffetwagen ist, der hin und wieder zum Blues-Train oder (ganz neu) zum Foodtrain mutiert. \u00dcber weltweit will ich nicht sprechen, ich kenne noch nicht die ganze Welt. Aber EINZIGARTIG ist er dennoch (und verr\u00fcckt, sonst w\u00e4re er ja langweilig normal) und verpasst hast Du heute -JAAA, das erz\u00e4hle ich Dir gleich, aber zuerst das, was Du noch erleben darfst:<\/strong><\/p>\n\n\n\n<p>Jeden Monat wird es an einem Tag unter dem Motto <strong>&#8222;Wir k\u00f6nnen auch kochen &#8211; nat\u00fcrlich nur mit guten Freunden&#8220;<\/strong> ein besonderes Men\u00fc geben. F\u00fcr diese Tage l\u00e4dt Buffetwagenbetreiber Tobias Keucher jeweils einen befreundeten Koch ein. Und dann wird gezaubert. Schon aus diesem Grund lohnt sich an einem dieser Tage eine Reise mit dem &#8222;Rasenden Roland&#8220;.<\/p>\n\n\n\n<p style=\"color:#de0918\" class=\"has-text-color\"><strong>Am 14. Februar f\u00e4hrt anl\u00e4sslich des Valentintages der &#8222;Love-Train&#8220; durch R\u00fcgens sch\u00f6ne Landschaft. Mit dem &#8222;Love-Men\u00fc&#8220; an Bord. Und DU darfst mit. Mit Deinem Schatz!<\/strong><\/p>\n\n\n\n<p>Angelehnt an das Buch von Martin Suter &#8222;Der Koch&#8220; wird es ein spannendes Abenteuer. Nein, kein 10-Gang-Men\u00fc, bei dem auf Grund exzellenter  Zutaten schon beim 4. Gang die Liebenden \u00fcbereinander herfallen und bis zum 5. Gang erst mal mit sich selbst verschmolzen sind. Nein, das wird es nicht. (Oder Du fragst beim &#8222;Rasenden Roland&#8220;, ob sie Dir einen extra Waggon dranh\u00e4ngen. Geht auch.) <\/p>\n\n\n\n<p style=\"color:#da060d\" class=\"has-text-color\"><strong>Auf jeden Fall geht es 15:53 in G\u00f6hren los. Nach Putbus. Und dann nat\u00fcrlich wieder zur\u00fcck. 18:08 Uhr.  Beste Pl\u00e4tze sichern also am besten schon, wenn der Zug in G\u00f6hren einf\u00e4hrt &#8211; das ist 15:23 Uhr. Oder schlicht und ergreifend VORBESTELLEN bei:<\/strong><\/p>\n\n\n\n<h3 class=\"has-text-color has-text-align-center wp-block-heading\" style=\"color:#1000cc\"><strong> Tobias Keucher: 0162 \/ 426 43 19      <\/strong><\/h3>\n\n\n\n<p>Das &#8222;Love-Men\u00fc&#8220; mit ganz speziellen Zutaten kocht Mustafa aus Bangladesch. Ein Freund von Buffetwagenchef Tobias Keucher. Das wird auf jeden Fall spannend!<\/p>\n\n\n\n<p>Und hier siehst Du, was m\u00f6glich ist, und DU heute verpasst hast:<\/p>\n\n\n\n<p style=\"color:#0500cc\" class=\"has-text-color\"><strong>Die Men\u00fckarte:<\/strong><\/p>\n\n\n\n<p>&#8211; Amuse Gueule<\/p>\n\n\n\n<p>&#8211; Rote Beete \/ Sahne<\/p>\n\n\n\n<p>&#8211; Rehkeule \/ Rotkohl \/ Kl\u00f6\u00dfe<\/p>\n\n\n\n<p>&#8211; Cr\u00e9me Br\u00fal\u00e9e<\/p>\n\n\n\n<p>&#8211; K\u00e4se<\/p>\n\n\n\n<p>Stand so geschrieben. Das sind Buchstaben. Sonst nix. Und HIER kommt das Erlebnis: But not Forget: Die Bildunterschriften geh\u00f6ren dazu!<\/p>\n\n\n\n<!--more WEITERLESEN-->\n\n\n\n<p>\u00dcbrigens ist das ja klar, wenn es hier ein Jagdschloss gibt, dass es dann nat\u00fcrlich nur eine Rehkeule aus der Granitz sein kann. Und heute kochte Andreas Hietel aus dem Binzer Hotel &#8222;Villa Neander&#8220; gemeinsam mit Tobias. Die Rehkeule wurde schon mal vorbereitet. Stunden lang bei 80 Grad im Ofen gegart. (Niedrigtemperaturgaren *)<\/p>\n\n\n\n<div class=\"wp-block-image\"><figure class=\"aligncenter size-large is-resized\"><img decoding=\"async\" src=\"http:\/\/inselreport.eu\/wp-content\/uploads\/2020\/02\/Jagdschloss-Granitz-R\u00fcgen-1024x768.jpg\" alt=\"\" class=\"wp-image-5539\" width=\"600\" srcset=\"https:\/\/inselreport.eu\/wp-content\/uploads\/2020\/02\/Jagdschloss-Granitz-R\u00fcgen-1024x768.jpg 1024w, https:\/\/inselreport.eu\/wp-content\/uploads\/2020\/02\/Jagdschloss-Granitz-R\u00fcgen-300x225.jpg 300w, https:\/\/inselreport.eu\/wp-content\/uploads\/2020\/02\/Jagdschloss-Granitz-R\u00fcgen-768x576.jpg 768w, https:\/\/inselreport.eu\/wp-content\/uploads\/2020\/02\/Jagdschloss-Granitz-R\u00fcgen-1536x1152.jpg 1536w, https:\/\/inselreport.eu\/wp-content\/uploads\/2020\/02\/Jagdschloss-Granitz-R\u00fcgen-2048x1536.jpg 2048w, https:\/\/inselreport.eu\/wp-content\/uploads\/2020\/02\/Jagdschloss-Granitz-R\u00fcgen-1200x900.jpg 1200w\" sizes=\"(max-width: 709px) 85vw, (max-width: 909px) 67vw, (max-width: 1362px) 62vw, 840px\" \/><figcaption>Eine Station vom &#8222;Rasenden Roland&#8220; &#8211; das Jagdschloss Granitz<\/figcaption><\/figure><\/div>\n\n\n\n<div class=\"wp-block-image\"><figure class=\"aligncenter size-large is-resized\"><img decoding=\"async\" src=\"http:\/\/inselreport.eu\/wp-content\/uploads\/2020\/02\/Buffetwagen_11-1024x768.jpg\" alt=\"\" class=\"wp-image-5536\" width=\"600\" srcset=\"https:\/\/inselreport.eu\/wp-content\/uploads\/2020\/02\/Buffetwagen_11-1024x768.jpg 1024w, https:\/\/inselreport.eu\/wp-content\/uploads\/2020\/02\/Buffetwagen_11-300x225.jpg 300w, https:\/\/inselreport.eu\/wp-content\/uploads\/2020\/02\/Buffetwagen_11-768x576.jpg 768w, https:\/\/inselreport.eu\/wp-content\/uploads\/2020\/02\/Buffetwagen_11-1536x1152.jpg 1536w, https:\/\/inselreport.eu\/wp-content\/uploads\/2020\/02\/Buffetwagen_11-2048x1536.jpg 2048w, https:\/\/inselreport.eu\/wp-content\/uploads\/2020\/02\/Buffetwagen_11-1200x900.jpg 1200w\" sizes=\"(max-width: 709px) 85vw, (max-width: 909px) 67vw, (max-width: 1362px) 62vw, 840px\" \/><figcaption>So wurden die G\u00e4ste begr\u00fc\u00dft. Die Vorspeise &#8222;Amuse Gueule&#8220; auf dem Teller<\/figcaption><\/figure><\/div>\n\n\n\n<div class=\"wp-block-image\"><figure class=\"aligncenter size-large is-resized\"><img decoding=\"async\" src=\"http:\/\/inselreport.eu\/wp-content\/uploads\/2020\/02\/Buffetwagen_09-1024x768.jpg\" alt=\"\" class=\"wp-image-5534\" width=\"600\" srcset=\"https:\/\/inselreport.eu\/wp-content\/uploads\/2020\/02\/Buffetwagen_09-1024x768.jpg 1024w, https:\/\/inselreport.eu\/wp-content\/uploads\/2020\/02\/Buffetwagen_09-300x225.jpg 300w, https:\/\/inselreport.eu\/wp-content\/uploads\/2020\/02\/Buffetwagen_09-768x576.jpg 768w, https:\/\/inselreport.eu\/wp-content\/uploads\/2020\/02\/Buffetwagen_09-1536x1152.jpg 1536w, https:\/\/inselreport.eu\/wp-content\/uploads\/2020\/02\/Buffetwagen_09-2048x1536.jpg 2048w, https:\/\/inselreport.eu\/wp-content\/uploads\/2020\/02\/Buffetwagen_09-1200x900.jpg 1200w\" sizes=\"(max-width: 709px) 85vw, (max-width: 909px) 67vw, (max-width: 1362px) 62vw, 840px\" \/><figcaption>Sp\u00e4ter gab es dann aus der Kanne direkt am Tisch eine ganz ganz leckere und gesunde Rote Beete-Sahne Suppe. Noch nie gegessen, aber soooo was von lecker!<\/figcaption><\/figure><\/div>\n\n\n\n<div class=\"wp-block-image\"><figure class=\"aligncenter size-large is-resized\"><img decoding=\"async\" src=\"http:\/\/inselreport.eu\/wp-content\/uploads\/2020\/02\/Buffetwagen_08-1024x768.jpg\" alt=\"\" class=\"wp-image-5533\" width=\"600\" srcset=\"https:\/\/inselreport.eu\/wp-content\/uploads\/2020\/02\/Buffetwagen_08-1024x768.jpg 1024w, https:\/\/inselreport.eu\/wp-content\/uploads\/2020\/02\/Buffetwagen_08-300x225.jpg 300w, https:\/\/inselreport.eu\/wp-content\/uploads\/2020\/02\/Buffetwagen_08-768x576.jpg 768w, https:\/\/inselreport.eu\/wp-content\/uploads\/2020\/02\/Buffetwagen_08-1536x1152.jpg 1536w, https:\/\/inselreport.eu\/wp-content\/uploads\/2020\/02\/Buffetwagen_08-2048x1536.jpg 2048w, https:\/\/inselreport.eu\/wp-content\/uploads\/2020\/02\/Buffetwagen_08-1200x900.jpg 1200w\" sizes=\"(max-width: 709px) 85vw, (max-width: 909px) 67vw, (max-width: 1362px) 62vw, 840px\" \/><figcaption>Tja, und so sieht sie dann aus, diese Suppe. Herrlich!<\/figcaption><\/figure><\/div>\n\n\n\n<div class=\"wp-block-image\"><figure class=\"aligncenter size-large is-resized\"><img decoding=\"async\" src=\"http:\/\/inselreport.eu\/wp-content\/uploads\/2020\/02\/Buffetwagen_06-1024x768.jpg\" alt=\"\" class=\"wp-image-5531\" width=\"600\" srcset=\"https:\/\/inselreport.eu\/wp-content\/uploads\/2020\/02\/Buffetwagen_06-1024x768.jpg 1024w, https:\/\/inselreport.eu\/wp-content\/uploads\/2020\/02\/Buffetwagen_06-300x225.jpg 300w, https:\/\/inselreport.eu\/wp-content\/uploads\/2020\/02\/Buffetwagen_06-768x576.jpg 768w, https:\/\/inselreport.eu\/wp-content\/uploads\/2020\/02\/Buffetwagen_06-1536x1152.jpg 1536w, https:\/\/inselreport.eu\/wp-content\/uploads\/2020\/02\/Buffetwagen_06-2048x1536.jpg 2048w, https:\/\/inselreport.eu\/wp-content\/uploads\/2020\/02\/Buffetwagen_06-1200x900.jpg 1200w\" sizes=\"(max-width: 709px) 85vw, (max-width: 909px) 67vw, (max-width: 1362px) 62vw, 840px\" \/><figcaption>Der Starkoch des Tages: Andreas Hietel. Normalerweise kocht er am echten Herd. Heute (und er sagte den sch\u00f6nen Satz: &#8222;Der Platzmangel ist die Herausforderung&#8220;) kocht er auf und in dem Ofen, der eigentlich nur f\u00fcr die Heizung des B\u00fcffetwagens gedacht ist. Entsprechend oft hat er Briketts nachgelegt und entsprechend warm war es bei fr\u00fchlingshaften Au\u00dfentemperaturen. ABER GEIL! Die Kl\u00f6\u00dfe jedenfalls sind fertig.<\/figcaption><\/figure><\/div>\n\n\n\n<div class=\"wp-block-image\"><figure class=\"aligncenter size-large is-resized\"><img decoding=\"async\" src=\"http:\/\/inselreport.eu\/wp-content\/uploads\/2020\/02\/Buffetwagen_03-1024x768.jpg\" alt=\"\" class=\"wp-image-5528\" width=\"600\" srcset=\"https:\/\/inselreport.eu\/wp-content\/uploads\/2020\/02\/Buffetwagen_03-1024x768.jpg 1024w, https:\/\/inselreport.eu\/wp-content\/uploads\/2020\/02\/Buffetwagen_03-300x225.jpg 300w, https:\/\/inselreport.eu\/wp-content\/uploads\/2020\/02\/Buffetwagen_03-768x576.jpg 768w, https:\/\/inselreport.eu\/wp-content\/uploads\/2020\/02\/Buffetwagen_03-1536x1152.jpg 1536w, https:\/\/inselreport.eu\/wp-content\/uploads\/2020\/02\/Buffetwagen_03-2048x1536.jpg 2048w, https:\/\/inselreport.eu\/wp-content\/uploads\/2020\/02\/Buffetwagen_03-1200x900.jpg 1200w\" sizes=\"(max-width: 709px) 85vw, (max-width: 909px) 67vw, (max-width: 1362px) 62vw, 840px\" \/><figcaption>So sieht es dann aus, das Hauptgericht. Rehkeule mit Kl\u00f6\u00dfen und Rotkohl. Und LECKER! Goethe w\u00fcrde sagen: &#8222;Ein Gedicht und ein Gedicht und ein Gedicht. Also die Mehrzahl davon.&#8220; Oder er w\u00fcrde sagen: &#8222;Die wirklichen Gedichte kann man nicht schreiben. Man muss sie kochen.&#8220;<\/figcaption><\/figure><\/div>\n\n\n\n<p>Nun kann ich Goethe nicht fragen. Er ist ja zur Zeit tot. Aber bestimmt w\u00fcrde er mir zustimmen.<\/p>\n\n\n\n<div class=\"wp-block-image\"><figure class=\"aligncenter size-large is-resized\"><img decoding=\"async\" src=\"http:\/\/inselreport.eu\/wp-content\/uploads\/2020\/02\/Buffetwagen_05-1024x768.jpg\" alt=\"\" class=\"wp-image-5530\" width=\"600\" srcset=\"https:\/\/inselreport.eu\/wp-content\/uploads\/2020\/02\/Buffetwagen_05-1024x768.jpg 1024w, https:\/\/inselreport.eu\/wp-content\/uploads\/2020\/02\/Buffetwagen_05-300x225.jpg 300w, https:\/\/inselreport.eu\/wp-content\/uploads\/2020\/02\/Buffetwagen_05-768x576.jpg 768w, https:\/\/inselreport.eu\/wp-content\/uploads\/2020\/02\/Buffetwagen_05-1536x1152.jpg 1536w, https:\/\/inselreport.eu\/wp-content\/uploads\/2020\/02\/Buffetwagen_05-2048x1536.jpg 2048w, https:\/\/inselreport.eu\/wp-content\/uploads\/2020\/02\/Buffetwagen_05-1200x900.jpg 1200w\" sizes=\"(max-width: 709px) 85vw, (max-width: 909px) 67vw, (max-width: 1362px) 62vw, 840px\" \/><figcaption>Hier ist alles vorbereitet. Die leckere Rehkeule, das Rotkraut&#8230; und jederzeit warm. Tja, in so einem kleinen Waggon &#8211; das ist alles eine gro\u00dfe Kunst!<\/figcaption><\/figure><\/div>\n\n\n\n<div class=\"wp-block-image\"><figure class=\"aligncenter size-large is-resized\"><img decoding=\"async\" src=\"http:\/\/inselreport.eu\/wp-content\/uploads\/2020\/02\/Buffetwagen_02-1024x768.jpg\" alt=\"\" class=\"wp-image-5527\" width=\"600\" srcset=\"https:\/\/inselreport.eu\/wp-content\/uploads\/2020\/02\/Buffetwagen_02-1024x768.jpg 1024w, https:\/\/inselreport.eu\/wp-content\/uploads\/2020\/02\/Buffetwagen_02-300x225.jpg 300w, https:\/\/inselreport.eu\/wp-content\/uploads\/2020\/02\/Buffetwagen_02-768x576.jpg 768w, https:\/\/inselreport.eu\/wp-content\/uploads\/2020\/02\/Buffetwagen_02-1536x1152.jpg 1536w, https:\/\/inselreport.eu\/wp-content\/uploads\/2020\/02\/Buffetwagen_02-2048x1536.jpg 2048w, https:\/\/inselreport.eu\/wp-content\/uploads\/2020\/02\/Buffetwagen_02-1200x900.jpg 1200w\" sizes=\"(max-width: 709px) 85vw, (max-width: 909px) 67vw, (max-width: 1362px) 62vw, 840px\" \/><figcaption>Immer sch\u00f6n Kohlen nachlegen, damit alles warm bleibt. Koch Andreas Hietel mal abseits vom heimischen Herd. Hinter ihm Tobias Keucher.<\/figcaption><\/figure><\/div>\n\n\n\n<div class=\"wp-block-image\"><figure class=\"aligncenter size-large is-resized\"><img decoding=\"async\" src=\"http:\/\/inselreport.eu\/wp-content\/uploads\/2020\/02\/Buffetwagen_01-1024x768.jpg\" alt=\"\" class=\"wp-image-5526\" width=\"600\" srcset=\"https:\/\/inselreport.eu\/wp-content\/uploads\/2020\/02\/Buffetwagen_01-1024x768.jpg 1024w, https:\/\/inselreport.eu\/wp-content\/uploads\/2020\/02\/Buffetwagen_01-300x225.jpg 300w, https:\/\/inselreport.eu\/wp-content\/uploads\/2020\/02\/Buffetwagen_01-768x576.jpg 768w, https:\/\/inselreport.eu\/wp-content\/uploads\/2020\/02\/Buffetwagen_01-1536x1152.jpg 1536w, https:\/\/inselreport.eu\/wp-content\/uploads\/2020\/02\/Buffetwagen_01-2048x1536.jpg 2048w, https:\/\/inselreport.eu\/wp-content\/uploads\/2020\/02\/Buffetwagen_01-1200x900.jpg 1200w\" sizes=\"(max-width: 709px) 85vw, (max-width: 909px) 67vw, (max-width: 1362px) 62vw, 840px\" \/><figcaption>Und immernoch das Feuerchen bewachen. Elke Keucher (Tobis Mutti) bedient gerne, muss eben aber auch mal warten&#8230; Der Enge geschuldet.<\/figcaption><\/figure><\/div>\n\n\n\n<div class=\"wp-block-image\"><figure class=\"aligncenter size-large is-resized\"><img decoding=\"async\" src=\"http:\/\/inselreport.eu\/wp-content\/uploads\/2020\/02\/Dessert-1024x768.jpg\" alt=\"\" class=\"wp-image-5538\" width=\"600\" srcset=\"https:\/\/inselreport.eu\/wp-content\/uploads\/2020\/02\/Dessert-1024x768.jpg 1024w, https:\/\/inselreport.eu\/wp-content\/uploads\/2020\/02\/Dessert-300x225.jpg 300w, https:\/\/inselreport.eu\/wp-content\/uploads\/2020\/02\/Dessert-768x576.jpg 768w, https:\/\/inselreport.eu\/wp-content\/uploads\/2020\/02\/Dessert-1536x1152.jpg 1536w, https:\/\/inselreport.eu\/wp-content\/uploads\/2020\/02\/Dessert-2048x1536.jpg 2048w, https:\/\/inselreport.eu\/wp-content\/uploads\/2020\/02\/Dessert-1200x900.jpg 1200w\" sizes=\"(max-width: 709px) 85vw, (max-width: 909px) 67vw, (max-width: 1362px) 62vw, 840px\" \/><figcaption>Schon wieder ein Gedicht! Die Nachspeise. Esse ich so etwas? Normal nicht. Gleich gar nicht nach der Hauptspeise. Aber in diesem Fall hatte ich ja GANZ viel Zeit&#8230; und eine Stunde sp\u00e4ter dann doch&#8230;Jo, lecker!<\/figcaption><\/figure><\/div>\n\n\n\n<div class=\"wp-block-image\"><figure class=\"aligncenter size-large is-resized\"><img decoding=\"async\" src=\"http:\/\/inselreport.eu\/wp-content\/uploads\/2020\/02\/Kaese-1024x768.jpg\" alt=\"\" class=\"wp-image-5540\" width=\"600\" srcset=\"https:\/\/inselreport.eu\/wp-content\/uploads\/2020\/02\/Kaese-1024x768.jpg 1024w, https:\/\/inselreport.eu\/wp-content\/uploads\/2020\/02\/Kaese-300x225.jpg 300w, https:\/\/inselreport.eu\/wp-content\/uploads\/2020\/02\/Kaese-768x576.jpg 768w, https:\/\/inselreport.eu\/wp-content\/uploads\/2020\/02\/Kaese-1536x1152.jpg 1536w, https:\/\/inselreport.eu\/wp-content\/uploads\/2020\/02\/Kaese-2048x1536.jpg 2048w, https:\/\/inselreport.eu\/wp-content\/uploads\/2020\/02\/Kaese-1200x900.jpg 1200w\" sizes=\"(max-width: 709px) 85vw, (max-width: 909px) 67vw, (max-width: 1362px) 62vw, 840px\" \/><figcaption>Ganz zum Abschluss dann noch die letzten Leckereien, K\u00e4se in verschiedenen Variationen, ein Bierchen dazu&#8230; Sch\u00f6ner kann ein Samstag nicht sein!<\/figcaption><\/figure><\/div>\n\n\n\n<div class=\"wp-block-image\"><figure class=\"aligncenter size-large is-resized\"><img decoding=\"async\" src=\"http:\/\/inselreport.eu\/wp-content\/uploads\/2020\/02\/Buffetwagen_12-1024x768.jpg\" alt=\"\" class=\"wp-image-5537\" width=\"600\" srcset=\"https:\/\/inselreport.eu\/wp-content\/uploads\/2020\/02\/Buffetwagen_12-1024x768.jpg 1024w, https:\/\/inselreport.eu\/wp-content\/uploads\/2020\/02\/Buffetwagen_12-300x225.jpg 300w, https:\/\/inselreport.eu\/wp-content\/uploads\/2020\/02\/Buffetwagen_12-768x576.jpg 768w, https:\/\/inselreport.eu\/wp-content\/uploads\/2020\/02\/Buffetwagen_12-1536x1152.jpg 1536w, https:\/\/inselreport.eu\/wp-content\/uploads\/2020\/02\/Buffetwagen_12-2048x1536.jpg 2048w, https:\/\/inselreport.eu\/wp-content\/uploads\/2020\/02\/Buffetwagen_12-1200x900.jpg 1200w\" sizes=\"(max-width: 709px) 85vw, (max-width: 909px) 67vw, (max-width: 1362px) 62vw, 840px\" \/><figcaption>Und da Isser ja schon wieder &#8211; der Koch f\u00fcr heute. Er guckt so, als ob er nochmal wiederkommen will.<\/figcaption><\/figure><\/div>\n\n\n\n<p>Okay, und wenn das dann so sein sollte, erf\u00e4hrst Du es hier zuerst \ud83d\ude42<\/p>\n\n\n\n<p class=\"has-text-align-right\">Fotos: (C) Marius Jaster<\/p>\n\n\n\n<p>Weitere Termine findest Du &#8211; wenn sie dann feststehen &#8211; in diesem Artikel oder hier:   <a href=\"https:\/\/www.facebook.com\/buerofuermeer\">https:\/\/www.facebook.com\/buerofuermeer<\/a><\/p>\n\n\n\n<pre class=\"wp-block-preformatted\"><em><strong>* Niedrigtemperaturgaren:<\/strong> \n\nDamit sich aromatische R\u00f6ststoffe bilden, wird das Fleisch zun\u00e4chst kurz von allen Seiten goldbraun angebraten und sofort vom Feuer genommen. \n\nAnschlie\u00dfend wird es gew\u00fcrzt und bei 60\u201380&nbsp;\u00b0C im Backofen gegart. Das Gargut kann dabei offen im Garraum liegen oder auch abgedeckt werden, um den Fl\u00fcssigkeitsverlust an der Oberfl\u00e4che zu minimieren. Die Reihenfolge kann auch umgekehrt werden \u2013 dann wird das im Ofen gegarte Fleisch erst vor dem Servieren angebraten. \n\nDie Garzeit h\u00e4ngt stark von der Beschaffenheit und Gr\u00f6\u00dfe des Fleischst\u00fccks ab. \n<\/em>\n<em>Als grobe Orientierung kann man f\u00fcr einige Fleischsorten etwa folgende Zeiten angeben: <a href=\"https:\/\/de.wikipedia.org\/wiki\/Filet_(Fleisch)\">Filet<\/a> ist nach etwa einer Stunde rosa und gar, Rinderbraten wie <a href=\"https:\/\/de.wikipedia.org\/wiki\/Tafelspitz_(Gericht)\">Tafelspitz<\/a> nach f\u00fcnf bis sechs, <a href=\"https:\/\/de.wikipedia.org\/wiki\/Weihnachtsgans\">G\u00e4nsebraten<\/a> nach acht bis neun Stunden. Die Garzeiten k\u00f6nnen dabei auch deutlich verl\u00e4ngert werden. Je n\u00e4her die Ofentemperatur dabei an der gew\u00fcnschten Kerntemperatur des Garguts liegt, umso unproblematischer ist eine Verl\u00e4ngerung der Garzeit. Es gibt K\u00f6che, die f\u00fcr St\u00fccke aus der Schulter oder der H\u00fcfte Zeiten von 14 bis 60 Stunden bei 60&nbsp;\u00b0C anwenden. \n<\/em>\n<em>Das sogenannte Ruhen nach dem Garen entf\u00e4llt bei der Niedrigtemperaturmethode. \n\nDa anders als beim herk\u00f6mmlichen Braten oder Schmoren kaum Fl\u00fcssigkeit austritt und auch nicht hinzugegeben wird, muss die <a href=\"https:\/\/de.wikipedia.org\/wiki\/Sauce\">Sauce<\/a> \u2013 von der Verwendung des <a href=\"https:\/\/de.wikipedia.org\/wiki\/Bratensatz\">Bratensatzes<\/a> vom Anbraten abgesehen \u2013 aus anderen Zutaten hergestellt werden.<\/em> (Quelle: Wikipedia)<\/pre>\n\n\n\n<p style=\"color:#0006cc\" class=\"has-text-color\"><strong><em>Auch interessant:<\/em><\/strong><\/p>\n\n\n\n<figure class=\"wp-block-embed-wordpress wp-block-embed is-type-wp-embed is-provider-inselreport-eu\"><div class=\"wp-block-embed__wrapper\">\n<blockquote class=\"wp-embedded-content\" data-secret=\"UaMZwqapnM\"><a href=\"http:\/\/inselreport.eu\/?p=551\">Das Spielzeug der gro\u00dfen Jungs &#8211; und eine Attraktion auf R\u00fcgen: Der &#8222;Rasende Roland&#8220;<\/a><\/blockquote><iframe loading=\"lazy\" title=\"&#8222;Das Spielzeug der gro\u00dfen Jungs &#8211; und eine Attraktion auf R\u00fcgen: Der &#8222;Rasende Roland&#8220;&#8220; &#8212; inselreport.eu\" class=\"wp-embedded-content\" sandbox=\"allow-scripts\" security=\"restricted\" style=\"position: absolute; clip: rect(1px, 1px, 1px, 1px);\" src=\"http:\/\/inselreport.eu\/?p=551&#038;embed=true#?secret=UaMZwqapnM\" data-secret=\"UaMZwqapnM\" width=\"600\" height=\"338\" frameborder=\"0\" marginwidth=\"0\" marginheight=\"0\" scrolling=\"no\"><\/iframe>\n<\/div><\/figure>\n\n\n\n<figure class=\"wp-block-embed-wordpress wp-block-embed is-type-wp-embed is-provider-inselreport-eu\"><div class=\"wp-block-embed__wrapper\">\n<blockquote class=\"wp-embedded-content\" data-secret=\"wUoLSrjPew\"><a href=\"http:\/\/inselreport.eu\/?p=4228\">Der &#8222;Rasende Roland&#8220; und sein kleines Geheimnis<\/a><\/blockquote><iframe loading=\"lazy\" title=\"&#8222;Der &#8222;Rasende Roland&#8220; und sein kleines Geheimnis&#8220; &#8212; inselreport.eu\" class=\"wp-embedded-content\" sandbox=\"allow-scripts\" security=\"restricted\" style=\"position: absolute; clip: rect(1px, 1px, 1px, 1px);\" src=\"http:\/\/inselreport.eu\/?p=4228&#038;embed=true#?secret=wUoLSrjPew\" data-secret=\"wUoLSrjPew\" width=\"600\" height=\"338\" frameborder=\"0\" marginwidth=\"0\" marginheight=\"0\" scrolling=\"no\"><\/iframe>\n<\/div><\/figure>\n","protected":false},"excerpt":{"rendered":"<p>Du hast was verpasst heute: Als Premiere das 5-G\u00e4nge Men\u00fc im besten Buffetwagen, den die Insel R\u00fcgen je gesehen hat. Okay, das ist gelogen, weil es n\u00e4mlich DEUTSCHLANDS bester Buffetwagen ist, der hin und wieder zum Blues-Train oder (ganz neu) zum Foodtrain mutiert. \u00dcber weltweit will ich nicht sprechen, ich kenne noch nicht die ganze &hellip; <a href=\"https:\/\/inselreport.eu\/?p=5525\" class=\"more-link\"><span class=\"screen-reader-text\">\u201eVerr\u00fcckt auf R\u00fcgen: Der Food-Train. Oder: Das 5-G\u00e4nge-Men\u00fc im Buffetwagen 970-152 des &#8222;Rasenden Roland&#8220;.\u201c<\/span> weiterlesen<\/a><\/p>\n","protected":false},"author":1,"featured_media":5535,"comment_status":"open","ping_status":"open","sticky":false,"template":"","format":"standard","meta":{"om_disable_all_campaigns":false,"_exactmetrics_skip_tracking":false,"_exactmetrics_sitenote_active":false,"_exactmetrics_sitenote_note":"","_exactmetrics_sitenote_category":0,"_uf_show_specific_survey":0,"_uf_disable_surveys":false,"footnotes":""},"categories":[8,2,418,390,17],"tags":[526,11,118,527,21,102,525,493,524],"class_list":["post-5525","post","type-post","status-publish","format-standard","has-post-thumbnail","hentry","category-aktuelles","category-insel-ruegen","category-ostsee-inseln","category-rasender-roland","category-wissenswertes","tag-buffetwagen","tag-insel-ruegen","tag-insel-ruegen-news","tag-niedrigtemperaturgaren","tag-ostsee","tag-rasender-roland","tag-rehkeule","tag-sternekueche","tag-valentinstag"],"aioseo_notices":[],"_links":{"self":[{"href":"https:\/\/inselreport.eu\/index.php?rest_route=\/wp\/v2\/posts\/5525","targetHints":{"allow":["GET"]}}],"collection":[{"href":"https:\/\/inselreport.eu\/index.php?rest_route=\/wp\/v2\/posts"}],"about":[{"href":"https:\/\/inselreport.eu\/index.php?rest_route=\/wp\/v2\/types\/post"}],"author":[{"embeddable":true,"href":"https:\/\/inselreport.eu\/index.php?rest_route=\/wp\/v2\/users\/1"}],"replies":[{"embeddable":true,"href":"https:\/\/inselreport.eu\/index.php?rest_route=%2Fwp%2Fv2%2Fcomments&post=5525"}],"version-history":[{"count":33,"href":"https:\/\/inselreport.eu\/index.php?rest_route=\/wp\/v2\/posts\/5525\/revisions"}],"predecessor-version":[{"id":5587,"href":"https:\/\/inselreport.eu\/index.php?rest_route=\/wp\/v2\/posts\/5525\/revisions\/5587"}],"wp:featuredmedia":[{"embeddable":true,"href":"https:\/\/inselreport.eu\/index.php?rest_route=\/wp\/v2\/media\/5535"}],"wp:attachment":[{"href":"https:\/\/inselreport.eu\/index.php?rest_route=%2Fwp%2Fv2%2Fmedia&parent=5525"}],"wp:term":[{"taxonomy":"category","embeddable":true,"href":"https:\/\/inselreport.eu\/index.php?rest_route=%2Fwp%2Fv2%2Fcategories&post=5525"},{"taxonomy":"post_tag","embeddable":true,"href":"https:\/\/inselreport.eu\/index.php?rest_route=%2Fwp%2Fv2%2Ftags&post=5525"}],"curies":[{"name":"wp","href":"https:\/\/api.w.org\/{rel}","templated":true}]}}