{"id":5899,"date":"2020-09-19T18:01:08","date_gmt":"2020-09-19T16:01:08","guid":{"rendered":"http:\/\/inselreport.eu\/?p=5899"},"modified":"2020-09-19T18:05:28","modified_gmt":"2020-09-19T16:05:28","slug":"mit-dem-lkw-gespann-auf-dem-radweg-unterwegs-das-kann-nicht-gutgehen","status":"publish","type":"post","link":"https:\/\/inselreport.eu\/?p=5899","title":{"rendered":"Mit dem LKW-Gespann auf dem Radweg unterwegs. Das KANN nicht gutgehen!"},"content":{"rendered":"\n<h2 class=\"has-text-color wp-block-heading\" style=\"color:#0400cc\">Radwege im Ostseeland und auf den Inseln sind meist als solche gekennzeichnet, oder zumindest erkennbar. Und f\u00fcr LKWs nicht ausgelegt. Und so geht es dann aus:<\/h2>\n\n\n\n<p><em><a href=\"https:\/\/www.presseportal.de\/blaulicht\/r\/Pruchten\">Pruchten<\/a>&nbsp;(ots)<\/em><\/p>\n\n\n\n<p>Am Vormittag des 18.09.2020 erhielt das Polizeirevier in Barth den Hinweis, dass sich ein Lkw-Gespann auf dem Radweg zwischen der Ortschaft Pruchten und der Landesstra\u00dfe 211 befindet. Die umgehend eingesetzten Beamten konnten vor Ort einen abgestellten Anh\u00e4nger feststellen und erg\u00e4nzend das dazugeh\u00f6rige Zugfahrzeug ermitteln, welches sich in Pruchten befand. Sowohl am Radweg, an diversen dem Radweg angrenzenden B\u00e4umen, einer Br\u00fccke und dem Lkw-Gespann fanden die Beamten Besch\u00e4digungen. <\/p>\n\n\n\n<!--more-->\n\n\n\n<p>Die Ermittlungen gegen den 45-j\u00e4hrigen deutschen Fahrer zum Verdacht der Verkehrsunfallflucht sind aufgenommen worden.<\/p>\n\n\n\n<p>Nach bisherigem Stand der Ermittlungen befuhr der 45-J\u00e4hrige mit seinem Lkw-Gespann gegen 09:30 Uhr die Ortslage Pruchten aus Richtung L21 kommend. Vermutlich verfuhr sich der aus Berlin stammende Fahrer und bog nach links auf den Radweg ab. Dort kollidierte das Zuggespann w\u00e4hrend der Weiterfahrt auf dem Radweg teilweise mit den angrenzenden B\u00e4umen und Teilen einer Br\u00fccke. Durch die falsche Nutzung der Fahrbahn entstanden auch am Radweg starke Besch\u00e4digungen. Der 45-J\u00e4hrige h\u00e4ngte den Anh\u00e4nger ab und entfernte sich anschlie\u00dfend mit seinem Lkw unerlaubt von der Unfallstelle.<\/p>\n\n\n\n<h2 class=\"has-text-color wp-block-heading\" style=\"color:#df1e14\">Der Gesamtsachschaden wird gegenw\u00e4rtig auf rund 75.000 Euro gesch\u00e4tzt. Allein 60.000 Euro werden den Besch\u00e4digungen am Radweg und den B\u00e4umen zugeschrieben.<\/h2>\n\n\n\n<p>Leider wurde nicht mitgeteilt, wie das gestrandete Gespann letztlich geborgen wurde, und ob der Fahrer eigener Unternehmer ist, oder sich jetzt heftig mit seinem Chef auseinandersetzen muss. In jedem Fall ist es dumm gelaufen!<\/p>\n\n\n\n<p class=\"has-text-align-right\">Foto: Polizei<\/p>\n","protected":false},"excerpt":{"rendered":"<p>Radwege im Ostseeland und auf den Inseln sind meist als solche gekennzeichnet, oder zumindest erkennbar. Und f\u00fcr LKWs nicht ausgelegt. Und so geht es dann aus: Pruchten&nbsp;(ots) Am Vormittag des 18.09.2020 erhielt das Polizeirevier in Barth den Hinweis, dass sich ein Lkw-Gespann auf dem Radweg zwischen der Ortschaft Pruchten und der Landesstra\u00dfe 211 befindet. Die &hellip; <a href=\"https:\/\/inselreport.eu\/?p=5899\" class=\"more-link\"><span class=\"screen-reader-text\">\u201eMit dem LKW-Gespann auf dem Radweg unterwegs. Das KANN nicht gutgehen!\u201c<\/span> weiterlesen<\/a><\/p>\n","protected":false},"author":1,"featured_media":5900,"comment_status":"open","ping_status":"open","sticky":false,"template":"","format":"standard","meta":{"om_disable_all_campaigns":false,"_exactmetrics_skip_tracking":false,"_exactmetrics_sitenote_active":false,"_exactmetrics_sitenote_note":"","_exactmetrics_sitenote_category":0,"_uf_show_specific_survey":0,"_uf_disable_surveys":false,"footnotes":""},"categories":[8],"tags":[561,562],"class_list":["post-5899","post","type-post","status-publish","format-standard","has-post-thumbnail","hentry","category-aktuelles","tag-pruchten","tag-radweg-mit-lkw-genutzt"],"aioseo_notices":[],"_links":{"self":[{"href":"https:\/\/inselreport.eu\/index.php?rest_route=\/wp\/v2\/posts\/5899","targetHints":{"allow":["GET"]}}],"collection":[{"href":"https:\/\/inselreport.eu\/index.php?rest_route=\/wp\/v2\/posts"}],"about":[{"href":"https:\/\/inselreport.eu\/index.php?rest_route=\/wp\/v2\/types\/post"}],"author":[{"embeddable":true,"href":"https:\/\/inselreport.eu\/index.php?rest_route=\/wp\/v2\/users\/1"}],"replies":[{"embeddable":true,"href":"https:\/\/inselreport.eu\/index.php?rest_route=%2Fwp%2Fv2%2Fcomments&post=5899"}],"version-history":[{"count":3,"href":"https:\/\/inselreport.eu\/index.php?rest_route=\/wp\/v2\/posts\/5899\/revisions"}],"predecessor-version":[{"id":5903,"href":"https:\/\/inselreport.eu\/index.php?rest_route=\/wp\/v2\/posts\/5899\/revisions\/5903"}],"wp:featuredmedia":[{"embeddable":true,"href":"https:\/\/inselreport.eu\/index.php?rest_route=\/wp\/v2\/media\/5900"}],"wp:attachment":[{"href":"https:\/\/inselreport.eu\/index.php?rest_route=%2Fwp%2Fv2%2Fmedia&parent=5899"}],"wp:term":[{"taxonomy":"category","embeddable":true,"href":"https:\/\/inselreport.eu\/index.php?rest_route=%2Fwp%2Fv2%2Fcategories&post=5899"},{"taxonomy":"post_tag","embeddable":true,"href":"https:\/\/inselreport.eu\/index.php?rest_route=%2Fwp%2Fv2%2Ftags&post=5899"}],"curies":[{"name":"wp","href":"https:\/\/api.w.org\/{rel}","templated":true}]}}