{"id":5912,"date":"2020-09-25T22:50:03","date_gmt":"2020-09-25T20:50:03","guid":{"rendered":"http:\/\/inselreport.eu\/?p=5912"},"modified":"2021-07-25T10:14:31","modified_gmt":"2021-07-25T08:14:31","slug":"dummheit-und-tragik-im-ruegen-urlaub-immer-wieder","status":"publish","type":"post","link":"https:\/\/inselreport.eu\/?p=5912","title":{"rendered":"Dummheit und Tragik im R\u00fcgen-Urlaub. Immer wieder!"},"content":{"rendered":"\n<p class=\"has-background has-text-align-right has-light-gray-background-color\"><em>Titelfoto: Ein St\u00fcck der ehemaligen Treppe am K\u00f6nigsstuhl, die gesperrt ist und abgebaut wird. Foto: Sabine Funke<\/em><\/p>\n\n\n\n<h2 class=\"has-text-color wp-block-heading\" style=\"color:#0d00a3\">Es sind nicht Wenige, die ihren Urlaub auf R\u00fcgen nicht so schnell vergessen werden. So etwas lie\u00dfe sich jedes Jahr schreiben. Besonders die Kreidek\u00fcste hat es den Leichtsinnigen angetan. <\/h2>\n\n\n\n<p>Es ist noch nicht lange her, als die Rettungsteams ausr\u00fccken mussten, um festsitzende Urlauber zu retten, die da meinten, sie k\u00f6nnten mal eben die steile K\u00fcste hinunter klettern. Und das war nicht das erste Mal!<\/p>\n\n\n\n<p>Am 24. August 2020 allerdings war es anders herum: Da wurde in der Zeit von 15:16 Uhr bis ca. 19:30 Uhr ein gemeinsamer Einsatz von Polizei- und Rettungskr\u00e4ften an den Kreidefelsen <em>unterhalb<\/em> des K\u00f6nigsstuhles erforderlich. Hier waren eine 55-j\u00e4hrige Frau und ihr 43-j\u00e4hriger Ehemann in Not geraten. <\/p>\n\n\n\n<p>Die beiden Th\u00fcringer gingen am Strand auf der H\u00f6he des K\u00f6nigsstuhls spazieren.  Dann waren sie wohl zu faul, bis zum n\u00e4chsten Aufstieg zu laufen, oder zur\u00fcck, Richtung Sassnitz. Kurzum: Sie versuchten tats\u00e4chlich den Weg abzuk\u00fcrzen und versuchten beide, den Kreidefelsen <strong><em>hinaufzuklettern<\/em><\/strong>. <\/p>\n\n\n\n<div class=\"wp-block-image\"><figure class=\"aligncenter size-large is-resized\"><img decoding=\"async\" src=\"http:\/\/inselreport.eu\/wp-content\/uploads\/2016\/02\/Luft_04_-1024x597.jpg\" alt=\"Insel R\u00fcgen Urlaub K\u00f6nigsstuhl\" class=\"wp-image-71\" width=\"600\" srcset=\"https:\/\/inselreport.eu\/wp-content\/uploads\/2016\/02\/Luft_04_-1024x597.jpg 1024w, https:\/\/inselreport.eu\/wp-content\/uploads\/2016\/02\/Luft_04_-300x175.jpg 300w, https:\/\/inselreport.eu\/wp-content\/uploads\/2016\/02\/Luft_04_-768x448.jpg 768w, https:\/\/inselreport.eu\/wp-content\/uploads\/2016\/02\/Luft_04_.jpg 1200w\" sizes=\"(max-width: 709px) 85vw, (max-width: 909px) 67vw, (max-width: 1362px) 62vw, 840px\" \/><figcaption>In der Mitte der K\u00f6nigsstuhl. Wer da einfach so hochklettern will, m\u00fcsste eigentlich lebenslanges R\u00fcgen-Verbot bekommen. Wegen absoluter Unzurechnungsf\u00e4higkeit.<\/figcaption><\/figure><\/div>\n\n\n\n<p>In 15 Meter H\u00f6he ging es weder vor noch zur\u00fcck. Der Mann rief den Notruf der Polizei und informierte sie \u00fcber die Notlage.<\/p>\n\n\n\n<!--more-->\n\n\n\n<p>Umgehend machten sie Beamte der Polizei Sassnitz, die Wasserschutzpolizei , Rettungskr\u00e4fte, sowie mehrere Kameraden der H\u00f6henrettung der Sassnitzer Feuerwehr auf den Weg zu den Touristen.<\/p>\n\n\n\n<p>Die Kameraden der H\u00f6henrettung seilten sich in der N\u00e4he des K\u00f6nigsstuhls ab und konnten die Urlauber wieder sicher und unverletzt an den Strand bringen.<\/p>\n\n\n\n<div class=\"wp-block-image\"><figure class=\"aligncenter size-large is-resized\"><img decoding=\"async\" src=\"http:\/\/inselreport.eu\/wp-content\/uploads\/2017\/04\/Kreide_01_A-1024x798.jpg\" alt=\"Urlaub an Kreidek\u00fcste Sassnitz Insel R\u00fcgen\" class=\"wp-image-1578\" width=\"600\" srcset=\"https:\/\/inselreport.eu\/wp-content\/uploads\/2017\/04\/Kreide_01_A-1024x798.jpg 1024w, https:\/\/inselreport.eu\/wp-content\/uploads\/2017\/04\/Kreide_01_A-300x234.jpg 300w, https:\/\/inselreport.eu\/wp-content\/uploads\/2017\/04\/Kreide_01_A-768x598.jpg 768w, https:\/\/inselreport.eu\/wp-content\/uploads\/2017\/04\/Kreide_01_A.jpg 1200w\" sizes=\"(max-width: 709px) 85vw, (max-width: 909px) 67vw, (max-width: 1362px) 62vw, 840px\" \/><figcaption>Kreidek\u00fcste bei Sassnitz. Immer wieder rutscht ein St\u00fcck Kreidek\u00fcste nach unten. Spazierg\u00e4nge sind immer gef\u00e4hrlich. Wer jedoch meint, er k\u00f6nnte mal eben daran rumklettern, muss krank sein.<\/figcaption><\/figure><\/div>\n\n\n\n<p>Bleibt zu hoffen, dass solche dummen und ignoranten Urlauber derartige Eins\u00e4tze selbst bezahlen m\u00fcssen. Das l\u00e4sst sich am Montag leicht erkunden.<\/p>\n\n\n\n<h2 class=\"wp-block-heading\">TOD BEI DER ANREISE<\/h2>\n\n\n\n<p><br>Tragisch endete der Urlaub f\u00fcr einen  57-j\u00e4hrigen aus Sachsen Anhalt. Und sein Leben gleich mit. Er wollte mit seinem Wohnmobil das Gel\u00e4nde des Feriencamps in G\u00f6hren befahren. An der Einfahrtschranke verlie\u00df er das Fahrzeug. Vor lauter Vorfreude auf den Urlaub &#8211; oder auch Strapazen bei der Anreise verga\u00df er allerdings die Handbremse anzuziehen und\/oder den Gang einzuelegen.<\/p>\n\n\n\n<p>Bei dem absch\u00fcssigen Gel\u00e4nde dauerte es nicht lange, bis sich das Fahrzeug r\u00fcckw\u00e4rts in Bewegung setzte. Der Fahrer rannte sofort zum Wohnmobil und rutschte beim Versuch die Handbremse anzuziehen aus. Er wurde vom Fahrzeug \u00fcberrollt und mit lebensgef\u00e4hrlichen Verletzungen ins Klinikum Greifswald geflogen, wo er wenig sp\u00e4ter verstarb. Weitere Personen und auch das Wohnmobil kamen nicht zu Schaden.<br><\/p>\n\n\n\n<figure class=\"wp-block-embed-wordpress wp-block-embed is-type-wp-embed is-provider-inselreport-eu\"><div class=\"wp-block-embed__wrapper\">\n<blockquote class=\"wp-embedded-content\" data-secret=\"PmIJc3Lnqk\"><a href=\"http:\/\/inselreport.eu\/?p=2114\">Insel R\u00fcgen: Faszination und Gefahr der R\u00fcgener Kreidek\u00fcste: Update # 02 &#8211; wieder ein t\u00f6dlicher Absturz<\/a><\/blockquote><iframe loading=\"lazy\" class=\"wp-embedded-content\" sandbox=\"allow-scripts\" security=\"restricted\" style=\"position: absolute; clip: rect(1px, 1px, 1px, 1px);\" title=\"&#8222;Insel R\u00fcgen: Faszination und Gefahr der R\u00fcgener Kreidek\u00fcste: Update # 02 &#8211; wieder ein t\u00f6dlicher Absturz&#8220; &#8212; inselreport.eu\" src=\"http:\/\/inselreport.eu\/?p=2114&#038;embed=true#?secret=PmIJc3Lnqk\" data-secret=\"PmIJc3Lnqk\" width=\"600\" height=\"338\" frameborder=\"0\" marginwidth=\"0\" marginheight=\"0\" scrolling=\"no\"><\/iframe>\n<\/div><\/figure>\n\n\n\n<p>Auch interessant:  <\/p>\n\n\n\n<figure class=\"wp-block-embed-wordpress wp-block-embed is-type-wp-embed is-provider-inselreport-eu\"><div class=\"wp-block-embed__wrapper\">\n<blockquote class=\"wp-embedded-content\" data-secret=\"Wl8enCJT67\"><a href=\"http:\/\/inselreport.eu\/?p=2277\">Insel R\u00fcgen: Nie wieder diese &#8222;Landung&#8220; am Strand! Treppe am K\u00f6nigsstuhl wird abgerissen.<\/a><\/blockquote><iframe loading=\"lazy\" class=\"wp-embedded-content\" sandbox=\"allow-scripts\" security=\"restricted\" style=\"position: absolute; clip: rect(1px, 1px, 1px, 1px);\" title=\"&#8222;Insel R\u00fcgen: Nie wieder diese &#8222;Landung&#8220; am Strand! Treppe am K\u00f6nigsstuhl wird abgerissen.&#8220; &#8212; inselreport.eu\" src=\"http:\/\/inselreport.eu\/?p=2277&#038;embed=true#?secret=Wl8enCJT67\" data-secret=\"Wl8enCJT67\" width=\"600\" height=\"338\" frameborder=\"0\" marginwidth=\"0\" marginheight=\"0\" scrolling=\"no\"><\/iframe>\n<\/div><\/figure>\n\n\n\n<p><\/p>\n","protected":false},"excerpt":{"rendered":"<p>Titelfoto: Ein St\u00fcck der ehemaligen Treppe am K\u00f6nigsstuhl, die gesperrt ist und abgebaut wird. Foto: Sabine Funke Es sind nicht Wenige, die ihren Urlaub auf R\u00fcgen nicht so schnell vergessen werden. So etwas lie\u00dfe sich jedes Jahr schreiben. Besonders die Kreidek\u00fcste hat es den Leichtsinnigen angetan. Es ist noch nicht lange her, als die Rettungsteams &hellip; <a href=\"https:\/\/inselreport.eu\/?p=5912\" class=\"more-link\"><span class=\"screen-reader-text\">\u201eDummheit und Tragik im R\u00fcgen-Urlaub. Immer wieder!\u201c<\/span> weiterlesen<\/a><\/p>\n","protected":false},"author":1,"featured_media":2294,"comment_status":"open","ping_status":"open","sticky":false,"template":"","format":"standard","meta":{"om_disable_all_campaigns":false,"_exactmetrics_skip_tracking":false,"_exactmetrics_sitenote_active":false,"_exactmetrics_sitenote_note":"","_exactmetrics_sitenote_category":0,"_uf_show_specific_survey":0,"_uf_disable_surveys":false,"footnotes":""},"categories":[2,418],"tags":[28,118,91,64,39,168,354,51,567],"class_list":["post-5912","post","type-post","status-publish","format-standard","has-post-thumbnail","hentry","category-insel-ruegen","category-ostsee-inseln","tag-goehren","tag-insel-ruegen-news","tag-koenigsstuhl","tag-kreidekueste","tag-ruegen","tag-tod","tag-unfall","tag-urlaub","tag-urlaub-insel-ruegen"],"aioseo_notices":[],"_links":{"self":[{"href":"https:\/\/inselreport.eu\/index.php?rest_route=\/wp\/v2\/posts\/5912","targetHints":{"allow":["GET"]}}],"collection":[{"href":"https:\/\/inselreport.eu\/index.php?rest_route=\/wp\/v2\/posts"}],"about":[{"href":"https:\/\/inselreport.eu\/index.php?rest_route=\/wp\/v2\/types\/post"}],"author":[{"embeddable":true,"href":"https:\/\/inselreport.eu\/index.php?rest_route=\/wp\/v2\/users\/1"}],"replies":[{"embeddable":true,"href":"https:\/\/inselreport.eu\/index.php?rest_route=%2Fwp%2Fv2%2Fcomments&post=5912"}],"version-history":[{"count":15,"href":"https:\/\/inselreport.eu\/index.php?rest_route=\/wp\/v2\/posts\/5912\/revisions"}],"predecessor-version":[{"id":6006,"href":"https:\/\/inselreport.eu\/index.php?rest_route=\/wp\/v2\/posts\/5912\/revisions\/6006"}],"wp:featuredmedia":[{"embeddable":true,"href":"https:\/\/inselreport.eu\/index.php?rest_route=\/wp\/v2\/media\/2294"}],"wp:attachment":[{"href":"https:\/\/inselreport.eu\/index.php?rest_route=%2Fwp%2Fv2%2Fmedia&parent=5912"}],"wp:term":[{"taxonomy":"category","embeddable":true,"href":"https:\/\/inselreport.eu\/index.php?rest_route=%2Fwp%2Fv2%2Fcategories&post=5912"},{"taxonomy":"post_tag","embeddable":true,"href":"https:\/\/inselreport.eu\/index.php?rest_route=%2Fwp%2Fv2%2Ftags&post=5912"}],"curies":[{"name":"wp","href":"https:\/\/api.w.org\/{rel}","templated":true}]}}