{"id":6694,"date":"2024-01-10T21:04:24","date_gmt":"2024-01-10T20:04:24","guid":{"rendered":"http:\/\/inselreport.eu\/?p=6694"},"modified":"2024-01-12T15:32:43","modified_gmt":"2024-01-12T14:32:43","slug":"schon-wieder-wird-ruegens-kreidekueste-kleiner-dank-regen-und-frost-also-achtung-lebensgefahr","status":"publish","type":"post","link":"https:\/\/inselreport.eu\/?p=6694","title":{"rendered":"Schon wieder wird R\u00fcgens Kreidek\u00fcste kleiner! Dank Regen und Frost! Also: Achtung Lebensgefahr!"},"content":{"rendered":"\n<h2 class=\"wp-block-heading\" id=\"R\u00fcgenKreidek\u00fcste\">R\u00fcgens Kreidek\u00fcste wird t\u00e4glich kleiner. Millimeter f\u00fcr Millimeter, aber auch durch gr\u00f6\u00dfere Abbr\u00fcche.<\/h2>\n\n\n<div class=\"wp-block-image\">\n<figure class=\"aligncenter size-large is-resized\"><img loading=\"lazy\" decoding=\"async\" width=\"1024\" height=\"637\" src=\"http:\/\/inselreport.eu\/wp-content\/uploads\/2016\/06\/Sassnitz_05_A-1024x637.jpg\" alt=\"\" class=\"wp-image-282\" style=\"aspect-ratio:3\/2;object-fit:contain;width:600px\" srcset=\"https:\/\/inselreport.eu\/wp-content\/uploads\/2016\/06\/Sassnitz_05_A-1024x637.jpg 1024w, https:\/\/inselreport.eu\/wp-content\/uploads\/2016\/06\/Sassnitz_05_A-300x187.jpg 300w, https:\/\/inselreport.eu\/wp-content\/uploads\/2016\/06\/Sassnitz_05_A-768x478.jpg 768w, https:\/\/inselreport.eu\/wp-content\/uploads\/2016\/06\/Sassnitz_05_A.jpg 1200w\" sizes=\"auto, (max-width: 709px) 85vw, (max-width: 909px) 67vw, (max-width: 1362px) 62vw, 840px\" \/><figcaption class=\"wp-element-caption\">Kreidek\u00fcste bei Sassnitz auf R\u00fcgen. Nicht auszudenken, was passiert, wenn eine der &#8222;Beulen&#8220; pl\u00f6tzlich in die Tiefe rauscht.<\/figcaption><\/figure><\/div>\n\n\n<p class=\"has-text-align-left\">Lebensgefahr besteht f\u00fcr Touristen und Fossiliensammler. Der Regen der letzten Wochen ist tief in die Kreidefelsen und deren Ritzen, Fugen und Spalten eingedrungen. Jetzt dr\u00fcckt der Frost&#8230; Logisch, dass weitere Abbr\u00fcche bevorstehen. Und wenn Du es kommen siehst &#8211; dann ist es bereits zu sp\u00e4t. Deswegen wird dringend von Wanderungen am Strand der Steilk\u00fcsten abgeraten und gewarnt.<\/p>\n\n\n\n<!--more-->\n\n\n\n<p class=\"has-text-align-left\">Aber auch auf den Hochuferwegen wird es spannend! Nicht \u00fcberall, wo eine Grasnarbe  zu sehen ist, ist auch noch etwas drunter! Freilich werden die Wege vom Nationalparkamt \u00fcberwacht, gegebenenfalls auch weiter ins Innere der Insel verlegt. Trotzdem &#8211; &#8222;die Bekloppten sterben ja nicht aus&#8220; &#8211; gibt es immer wieder Unf\u00e4lle jenseits der Wege, weil einige Menschen meinen, sie k\u00f6nnten bessere Fotos machen, wenn sie die Wege verlassen und bis an die Grenzen gehen. Das Mitleid an versch\u00fctteten Menschen an der Steilk\u00fcste &#8211; oder den Abgest\u00fcrzten h\u00e4lt sich dann in Grenzen. Und wer unbedingt nach neuen, freigelegten Fossilien suchen muss, der sollte zuerst immer nach oben schauen, und dann erst nach unten&#8230; So einfach!<\/p>\n\n\n<div class=\"wp-block-image\">\n<figure class=\"aligncenter size-full is-resized\"><img loading=\"lazy\" decoding=\"async\" width=\"1200\" height=\"720\" src=\"http:\/\/inselreport.eu\/wp-content\/uploads\/2017\/04\/Kreide_10.jpg\" alt=\"\" class=\"wp-image-1586\" style=\"width:900px\" srcset=\"https:\/\/inselreport.eu\/wp-content\/uploads\/2017\/04\/Kreide_10.jpg 1200w, https:\/\/inselreport.eu\/wp-content\/uploads\/2017\/04\/Kreide_10-300x180.jpg 300w, https:\/\/inselreport.eu\/wp-content\/uploads\/2017\/04\/Kreide_10-768x461.jpg 768w, https:\/\/inselreport.eu\/wp-content\/uploads\/2017\/04\/Kreide_10-1024x614.jpg 1024w\" sizes=\"auto, (max-width: 709px) 85vw, (max-width: 909px) 67vw, (max-width: 1362px) 62vw, 840px\" \/><figcaption class=\"wp-element-caption\">Von oben sind die \u00dcberh\u00e4nge auf den R\u00fcgener Kreidefelsen nicht zu erkennen. Auch die Risse in den Felsen sind nicht zu untersch\u00e4tzen.<\/figcaption><\/figure><\/div>\n\n\n<p><\/p>\n\n\n<div class=\"wp-block-image\">\n<figure class=\"aligncenter size-full is-resized\"><img loading=\"lazy\" decoding=\"async\" width=\"1200\" height=\"918\" src=\"http:\/\/inselreport.eu\/wp-content\/uploads\/2016\/11\/See_01.jpg\" alt=\"\" class=\"wp-image-702\" style=\"width:900px\" srcset=\"https:\/\/inselreport.eu\/wp-content\/uploads\/2016\/11\/See_01.jpg 1200w, https:\/\/inselreport.eu\/wp-content\/uploads\/2016\/11\/See_01-300x230.jpg 300w, https:\/\/inselreport.eu\/wp-content\/uploads\/2016\/11\/See_01-768x588.jpg 768w, https:\/\/inselreport.eu\/wp-content\/uploads\/2016\/11\/See_01-1024x783.jpg 1024w\" sizes=\"auto, (max-width: 709px) 85vw, (max-width: 909px) 67vw, (max-width: 1362px) 62vw, 840px\" \/><figcaption class=\"wp-element-caption\">Der Kolliker Ort &#8211; die beliebte Stelle f\u00fcr Seebestattungen. Hier brachen etwa 200 Kubikmeter der Kreidek\u00fcste ab und liegen jetzt am Strand.<\/figcaption><\/figure><\/div>\n\n\n<p><\/p>\n\n\n\n<p class=\"has-text-align-left\">Nicht immer f\u00e4rbt sich das Meer wei\u00df wie s\u00e4chsischer Milchkaffee, dass dann nicht selten auch in Sassnitz noch wei\u00df ist. Wenn also, dann ist das ein Zeichen, dass die Kreidek\u00fcste sehr instabil ist und gemieden werden sollte.<\/p>\n\n\n\n<p class=\"has-text-align-left\">Am &#8222;Kolliker Ort&#8220;, n\u00f6rdlich des K\u00f6nigsstuhls sind etwa 200 Kubikmeter abgest\u00fcrzt, beim Kieler Bach etwa 5000 Kubikmeter. <\/p>\n\n\n\n<p class=\"has-text-align-left\">Deswegen nochmal und gerne immer wieder: Die Kreidek\u00fcste ist vollgesaugt wie ein Schwamm. Der Frost dr\u00fcckt; Zig-Tausende Tonnen Material dr\u00fccken nach unten. Und dann kommt die Sekunde, in der es sich nicht mehr halten kann.<\/p>\n\n\n<div class=\"wp-block-image\">\n<figure class=\"aligncenter size-full is-resized\"><img loading=\"lazy\" decoding=\"async\" width=\"1200\" height=\"721\" src=\"http:\/\/inselreport.eu\/wp-content\/uploads\/2016\/12\/Kreide_Header.jpg\" alt=\"\" class=\"wp-image-957\" style=\"width:900px\" srcset=\"https:\/\/inselreport.eu\/wp-content\/uploads\/2016\/12\/Kreide_Header.jpg 1200w, https:\/\/inselreport.eu\/wp-content\/uploads\/2016\/12\/Kreide_Header-300x180.jpg 300w, https:\/\/inselreport.eu\/wp-content\/uploads\/2016\/12\/Kreide_Header-768x461.jpg 768w, https:\/\/inselreport.eu\/wp-content\/uploads\/2016\/12\/Kreide_Header-1024x615.jpg 1024w\" sizes=\"auto, (max-width: 709px) 85vw, (max-width: 909px) 67vw, (max-width: 1362px) 62vw, 840px\" \/><figcaption class=\"wp-element-caption\">Kreidek\u00fcste auf R\u00fcgen bei Sassnitz. Imposant, ein Anziehungspunkt f\u00fcr Fossiliensammler &#8211; aber eben auch verdammt gef\u00e4hrlich!<\/figcaption><\/figure><\/div>\n\n\n<p class=\"has-text-align-left\">Die Kreidek\u00fcste ist ungef\u00e4hr 15 km lang und sehr anf\u00e4llig f\u00fcr Wetterereignisse. Durch die Erosion schwindet die Kreidek\u00fcste einige Zentimeter j\u00e4hrlich. Seit ihrer Entstehung etwa 2 Kilometer. Also keine Angst: In unserem Leben wird sie nicht verschwinden.<\/p>\n\n\n\n<p class=\"has-text-align-left\">Und trotzdem nochmal: Passt auf Euch auf!<\/p>\n\n\n<div class=\"wp-block-image\">\n<figure class=\"aligncenter size-full is-resized\"><img loading=\"lazy\" decoding=\"async\" width=\"500\" height=\"387\" src=\"http:\/\/inselreport.eu\/wp-content\/uploads\/2017\/04\/KK_18_A.jpg\" alt=\"\" class=\"wp-image-1650\" style=\"width:600px\" srcset=\"https:\/\/inselreport.eu\/wp-content\/uploads\/2017\/04\/KK_18_A.jpg 500w, https:\/\/inselreport.eu\/wp-content\/uploads\/2017\/04\/KK_18_A-300x232.jpg 300w\" sizes=\"auto, (max-width: 500px) 85vw, 500px\" \/><\/figure><\/div>\n\n\n<p>Auch interessant: <\/p>\n\n\n\n<p><a href=\"http:\/\/inselreport.eu\/?p=5912\">Dummheit und Tragik im R\u00fcgen-Urlaub. Immer wieder! \u2013 inselreport.eu<\/a><\/p>\n","protected":false},"excerpt":{"rendered":"<p>R\u00fcgens Kreidek\u00fcste ist aktuell eine Gefahr durch Abbr\u00fcche<\/p>\n","protected":false},"author":1,"featured_media":71,"comment_status":"open","ping_status":"open","sticky":false,"template":"","format":"standard","meta":{"om_disable_all_campaigns":false,"_exactmetrics_skip_tracking":false,"_exactmetrics_sitenote_active":false,"_exactmetrics_sitenote_note":"","_exactmetrics_sitenote_category":0,"_uf_show_specific_survey":0,"_uf_disable_surveys":false,"footnotes":""},"categories":[8,2,418,17],"tags":[687,11,118,686,64,21,40,39,48,51,226],"class_list":["post-6694","post","type-post","status-publish","format-standard","has-post-thumbnail","hentry","category-aktuelles","category-insel-ruegen","category-ostsee-inseln","category-wissenswertes","tag-abbruch-kreidekueste","tag-insel-ruegen","tag-insel-ruegen-news","tag-kreidefelsen","tag-kreidekueste","tag-ostsee","tag-ostsee-news","tag-ruegen","tag-sassnitz","tag-urlaub","tag-urlaub-auf-ruegen"],"aioseo_notices":[],"_links":{"self":[{"href":"https:\/\/inselreport.eu\/index.php?rest_route=\/wp\/v2\/posts\/6694","targetHints":{"allow":["GET"]}}],"collection":[{"href":"https:\/\/inselreport.eu\/index.php?rest_route=\/wp\/v2\/posts"}],"about":[{"href":"https:\/\/inselreport.eu\/index.php?rest_route=\/wp\/v2\/types\/post"}],"author":[{"embeddable":true,"href":"https:\/\/inselreport.eu\/index.php?rest_route=\/wp\/v2\/users\/1"}],"replies":[{"embeddable":true,"href":"https:\/\/inselreport.eu\/index.php?rest_route=%2Fwp%2Fv2%2Fcomments&post=6694"}],"version-history":[{"count":28,"href":"https:\/\/inselreport.eu\/index.php?rest_route=\/wp\/v2\/posts\/6694\/revisions"}],"predecessor-version":[{"id":6743,"href":"https:\/\/inselreport.eu\/index.php?rest_route=\/wp\/v2\/posts\/6694\/revisions\/6743"}],"wp:featuredmedia":[{"embeddable":true,"href":"https:\/\/inselreport.eu\/index.php?rest_route=\/wp\/v2\/media\/71"}],"wp:attachment":[{"href":"https:\/\/inselreport.eu\/index.php?rest_route=%2Fwp%2Fv2%2Fmedia&parent=6694"}],"wp:term":[{"taxonomy":"category","embeddable":true,"href":"https:\/\/inselreport.eu\/index.php?rest_route=%2Fwp%2Fv2%2Fcategories&post=6694"},{"taxonomy":"post_tag","embeddable":true,"href":"https:\/\/inselreport.eu\/index.php?rest_route=%2Fwp%2Fv2%2Ftags&post=6694"}],"curies":[{"name":"wp","href":"https:\/\/api.w.org\/{rel}","templated":true}]}}