{"id":6823,"date":"2024-07-10T20:26:26","date_gmt":"2024-07-10T18:26:26","guid":{"rendered":"http:\/\/inselreport.eu\/?p=6823"},"modified":"2024-07-10T21:09:41","modified_gmt":"2024-07-10T19:09:41","slug":"sassnitz-feiert-jubilaeum-30-jahre-hafentage-mit-grosser-sause","status":"publish","type":"post","link":"https:\/\/inselreport.eu\/?p=6823","title":{"rendered":"Sassnitz feiert Jubil\u00e4um! 30 Jahre Hafentage &#8211; mit gro\u00dfer Sause"},"content":{"rendered":"\n<p class=\"has-light-gray-background-color has-text-color has-background has-link-color has-medium-font-size wp-elements-4bcf8aa11e1def1832df3bf7513cc4f9\" style=\"color:#e51409\"><br><strong>Am zweiten Juli-Wochenende feiert die Stadt Sassnitz gemeinsam mit Einheimischen und G\u00e4sten die traditionellen R\u00fcgener Hafentage, das gr\u00f6\u00dfte Volksfest der Insel, im Stadthafen Sassnitz. <\/strong><\/p>\n\n\n<div class=\"wp-block-image\">\n<figure class=\"aligncenter size-large\"><img loading=\"lazy\" decoding=\"async\" width=\"1024\" height=\"768\" src=\"http:\/\/inselreport.eu\/wp-content\/uploads\/2023\/10\/Sassnitz_06-1024x768.jpg\" alt=\"\" class=\"wp-image-6538\" srcset=\"https:\/\/inselreport.eu\/wp-content\/uploads\/2023\/10\/Sassnitz_06-1024x768.jpg 1024w, https:\/\/inselreport.eu\/wp-content\/uploads\/2023\/10\/Sassnitz_06-300x225.jpg 300w, https:\/\/inselreport.eu\/wp-content\/uploads\/2023\/10\/Sassnitz_06-768x576.jpg 768w, https:\/\/inselreport.eu\/wp-content\/uploads\/2023\/10\/Sassnitz_06-1536x1152.jpg 1536w, https:\/\/inselreport.eu\/wp-content\/uploads\/2023\/10\/Sassnitz_06-2048x1536.jpg 2048w, https:\/\/inselreport.eu\/wp-content\/uploads\/2023\/10\/Sassnitz_06-1200x900.jpg 1200w\" sizes=\"auto, (max-width: 709px) 85vw, (max-width: 909px) 67vw, (max-width: 1362px) 62vw, 840px\" \/><\/figure><\/div>\n\n\n<p><strong>Zum 30-j\u00e4hrigen Jubil\u00e4um verwandelt sich der Stadthafen in eine farbenfrohe<br>Fest- und Flaniermeile, die Besucherinnen und Besuchern eine Mischung aus maritimem Volksfest und Jahrmarkt bietet.<\/strong><\/p>\n\n\n\n<p>Das abwechslungsreiche Programm h\u00e4lt f\u00fcr jeden etwas bereit: Showprogramm, Fahrgesch\u00e4fte, Verkaufsst\u00e4nde und kulinarische K\u00f6stlichkeiten werden von Freitag bis Sonntag (12. bis 14. Juli)<br>zahlreiche Besucher anlocken. Die Showb\u00fchne direkt am Wasser bietet ein vielf\u00e4ltiges Unterhaltungsprogramm mit Live-Musik, DJs und kulturellen Darbietungen.<\/p>\n\n\n\n<p><strong>Am Freitag<\/strong> er\u00f6ffnet der Sassnitzer B\u00fcrgermeister, Leon Kr\u00e4usche, das Hafenfest, das mit Live-Musik von \u201eBos Taurus\u201c und DJ Alex Schwartz in ein Partywochenende startet.<\/p>\n\n\n\n<p class=\"has-text-color has-link-color has-medium-font-size wp-elements-9784f6c1e0f9d607ce55192f7bb48b6b\" style=\"color:#1300cc\"><strong>Ein erster H\u00f6hepunkt ist das gro\u00dfe H\u00f6henfeuerwerk am Freitagabend um 23.00 Uhr, das den R\u00fcgener Nachthimmel erleuchten wird.<\/strong><\/p>\n\n\n\n<!--more-->\n\n\n\n<p><br><strong>Der Samstag<\/strong> steht im Zeichen der maritimen Traditionen. Der Jasmund Cup, organisiert vom Gewerbeverein Sassnitz e.V., l\u00e4sst Seglerherzen h\u00f6herschlagen. Die Regatta f\u00fchrt die Teilnehmer in einem Dreieckskurs etwa 20 Seemeilen von Sassnitz \u00fcber Prora-Wieck nach Klein Helgoland. Auf<br>der Festmeile im Stadthafen wird die Seefahrt mit maritimen Shanty-Ch\u00f6ren auf der B\u00fchne gefeiert.<\/p>\n\n\n\n<p><br>Abends laden DJ Stefan Haschler und die schwedische Partyband REDNEX zum Tanzen ein.<\/p>\n\n\n\n<p><br><strong>Am Sonntag<\/strong> werden Einheimische und G\u00e4ste unter anderem von der Pommeranian Brass Band, De Jasmunder Plattd\u00e4nzer und Danny Buller, der Schlagerstimme aus Mecklenburg-Vorpommern, unterhalten. Die R\u00fcgener Hafentage enden mit dem Finalspiel der Fu\u00dfball-Europameisterschaft,<br>das auf der gro\u00dfen B\u00fchnenwand gemeinsam verfolgt werden kann.<br>\u201eWir freuen uns sehr, das 30-j\u00e4hrige Jubil\u00e4um der R\u00fcgener Hafentage gemeinsam mit unseren G\u00e4sten zu feiern. Dieses Fest ist ein Symbol f\u00fcr die maritime Tradition unserer Stadt und die lebendige Gemeinschaft der Insel R\u00fcgen. Ich lade alle herzlich ein, dieses besondere Wochenende mit uns zu genie\u00dfen\u201c, sagt Leon Kr\u00e4usche, B\u00fcrgermeister der Stadt Sassnitz.<\/p>\n\n\n\n<p class=\"has-light-gray-background-color has-text-color has-background has-link-color has-medium-font-size wp-elements-0cad50934deae745cd440749f46c9fc7\" style=\"color:#4300cc\"><em><strong>\u00dcber den Stadthafen Sassnitz<\/strong>:<\/em><\/p>\n\n\n\n<p class=\"has-light-gray-background-color has-text-color has-background has-link-color wp-elements-a414ed35d44607d0a3b868963dd2a5f4\" style=\"color:#4300cc\"><br><em>Der Stadthafen Sassnitz pr\u00e4sentiert sich als eine attraktive Mischung aus Fischerei- und Tourismushafen.<br>Wasserwanderer, die mit ihren Booten hier anlegen, erwartet eine Marina, die den h\u00f6chstm\u00f6glichen Komfort bietet. \u00dcber kurze Wege sind Schiffsausr\u00fcster, Segelmacher, Bunkerstation, Einkaufsm\u00f6glichkeiten sowie Gastst\u00e4tten, die alle direkt im Stadthafen ans\u00e4ssig sind, erreichbar.  In einer B\u00e4ckerei werden frische Backwaren angeboten, auf ehemaligen Fischkuttern R\u00e4ucherfisch und Fischbr\u00f6tchen. Museen, Kunsthandwerker und lokale H\u00e4ndler bieten Kultur, Kunst und Kulinarisches aus der Region.<\/em><\/p>\n\n\n\n<p>Fotos (C): Titelfotos Stadt Sassnitz \/ Andere: Marius Jaster<\/p>\n\n\n<div class=\"wp-block-image\">\n<figure class=\"aligncenter size-large\"><img loading=\"lazy\" decoding=\"async\" width=\"1024\" height=\"768\" src=\"http:\/\/inselreport.eu\/wp-content\/uploads\/2023\/10\/Sassnitz_10-1024x768.jpg\" alt=\"\" class=\"wp-image-6543\" srcset=\"https:\/\/inselreport.eu\/wp-content\/uploads\/2023\/10\/Sassnitz_10-1024x768.jpg 1024w, https:\/\/inselreport.eu\/wp-content\/uploads\/2023\/10\/Sassnitz_10-300x225.jpg 300w, https:\/\/inselreport.eu\/wp-content\/uploads\/2023\/10\/Sassnitz_10-768x576.jpg 768w, https:\/\/inselreport.eu\/wp-content\/uploads\/2023\/10\/Sassnitz_10-1536x1152.jpg 1536w, https:\/\/inselreport.eu\/wp-content\/uploads\/2023\/10\/Sassnitz_10-2048x1536.jpg 2048w, https:\/\/inselreport.eu\/wp-content\/uploads\/2023\/10\/Sassnitz_10-1200x900.jpg 1200w\" sizes=\"auto, (max-width: 709px) 85vw, (max-width: 909px) 67vw, (max-width: 1362px) 62vw, 840px\" \/><\/figure><\/div>\n\n\n<p>Auch interessant:  <a href=\"http:\/\/inselreport.eu\/?p=6771\">Insel R\u00fcgen: Der Sturm hat die Str\u00e4nde geputzt. In Sassnitz hat er es wohl zu gut gemeint. Und DAS ist Sassnitz: \u2013 inselreport.eu<\/a><\/p>\n","protected":false},"excerpt":{"rendered":"<p>Am zweiten Juli-Wochenende feiert die Stadt Sassnitz gemeinsam mit Einheimischen und G\u00e4sten die traditionellen R\u00fcgener Hafentage, das gr\u00f6\u00dfte Volksfest der Insel, im Stadthafen Sassnitz. Zum 30-j\u00e4hrigen Jubil\u00e4um verwandelt sich der Stadthafen in eine farbenfroheFest- und Flaniermeile, die Besucherinnen und Besuchern eine Mischung aus maritimem Volksfest und Jahrmarkt bietet. Das abwechslungsreiche Programm h\u00e4lt f\u00fcr jeden etwas &hellip; <a href=\"https:\/\/inselreport.eu\/?p=6823\" class=\"more-link\"><span class=\"screen-reader-text\">\u201eSassnitz feiert Jubil\u00e4um! 30 Jahre Hafentage &#8211; mit gro\u00dfer Sause\u201c<\/span> weiterlesen<\/a><\/p>\n","protected":false},"author":1,"featured_media":6825,"comment_status":"open","ping_status":"open","sticky":false,"template":"","format":"standard","meta":{"om_disable_all_campaigns":false,"_exactmetrics_skip_tracking":false,"_exactmetrics_sitenote_active":false,"_exactmetrics_sitenote_note":"","_exactmetrics_sitenote_category":0,"_uf_show_specific_survey":0,"_uf_disable_surveys":false,"footnotes":""},"categories":[8,2,43,418,17],"tags":[695,693,11,118,694,21,40,696,48,51],"class_list":["post-6823","post","type-post","status-publish","format-standard","has-post-thumbnail","hentry","category-aktuelles","category-insel-ruegen","category-maritim","category-ostsee-inseln","category-wissenswertes","tag-finalspiel-der-europameisterschaft-auf-riesiger-leinwand","tag-hafenfest","tag-insel-ruegen","tag-insel-ruegen-news","tag-jubilaeum","tag-ostsee","tag-ostsee-news","tag-public-viewing","tag-sassnitz","tag-urlaub"],"aioseo_notices":[],"_links":{"self":[{"href":"https:\/\/inselreport.eu\/index.php?rest_route=\/wp\/v2\/posts\/6823","targetHints":{"allow":["GET"]}}],"collection":[{"href":"https:\/\/inselreport.eu\/index.php?rest_route=\/wp\/v2\/posts"}],"about":[{"href":"https:\/\/inselreport.eu\/index.php?rest_route=\/wp\/v2\/types\/post"}],"author":[{"embeddable":true,"href":"https:\/\/inselreport.eu\/index.php?rest_route=\/wp\/v2\/users\/1"}],"replies":[{"embeddable":true,"href":"https:\/\/inselreport.eu\/index.php?rest_route=%2Fwp%2Fv2%2Fcomments&post=6823"}],"version-history":[{"count":4,"href":"https:\/\/inselreport.eu\/index.php?rest_route=\/wp\/v2\/posts\/6823\/revisions"}],"predecessor-version":[{"id":6830,"href":"https:\/\/inselreport.eu\/index.php?rest_route=\/wp\/v2\/posts\/6823\/revisions\/6830"}],"wp:featuredmedia":[{"embeddable":true,"href":"https:\/\/inselreport.eu\/index.php?rest_route=\/wp\/v2\/media\/6825"}],"wp:attachment":[{"href":"https:\/\/inselreport.eu\/index.php?rest_route=%2Fwp%2Fv2%2Fmedia&parent=6823"}],"wp:term":[{"taxonomy":"category","embeddable":true,"href":"https:\/\/inselreport.eu\/index.php?rest_route=%2Fwp%2Fv2%2Fcategories&post=6823"},{"taxonomy":"post_tag","embeddable":true,"href":"https:\/\/inselreport.eu\/index.php?rest_route=%2Fwp%2Fv2%2Ftags&post=6823"}],"curies":[{"name":"wp","href":"https:\/\/api.w.org\/{rel}","templated":true}]}}