{"id":6888,"date":"2025-01-22T20:36:59","date_gmt":"2025-01-22T19:36:59","guid":{"rendered":"https:\/\/inselreport.eu\/?p=6888"},"modified":"2025-01-22T20:50:50","modified_gmt":"2025-01-22T19:50:50","slug":"kurzentschlossen-winterferien-auf-ostsee-inseln-und-im-ostseeland-so-gehts","status":"publish","type":"post","link":"https:\/\/inselreport.eu\/?p=6888","title":{"rendered":"Kurzentschlossen: Winterferien auf Ostsee-Inseln und im Ostseeland. So gehts:"},"content":{"rendered":"\n<p><strong>Mini-Drama und M\u00e4rchen-Schreibwerkstatt: Winterferien in Mecklenburg-Vorpommern<\/strong><\/p>\n\n\n\n<p><\/p>\n\n\n\n<p><strong>Winterstrandfest auf Usedom mit Strandkorb-WM und Winterbadespektakel<\/strong><br>Im Seeheilbad Ahlbeck auf Usedom k\u00f6nnen G\u00e4ste vom 24. bis 25. Januar die 17. Strandkorb-WM verfolgen. Dabei legen Teilnehmende in Zweierteams eine Strecke von 20 Metern zur\u00fcck, w\u00e4hrend sie einen 60 Kilogramm schweren Strandkorb tragen. Das schnellste Team gewinnt 1.000,- Euro. Nach dem Qualifikationsrennen am 24. Januar folgt am 25. Januar um 16:00 Uhr der Finalwettkampf. Zudem findet am 25. Januar um 15:30 Uhr die Kinder-Strandkorb-Olympiade statt. Abends gibt es ein gro\u00dfes Strandfeuer sowie eine Winterstrandparty mit Livemusik in einem beheizten Festzelt. Beim 29. Usedomer Winterbadespektakel am 25. Januar verkleiden sich Eisbader passend zum Titel \u201e80\u2019s 80\u2019s\u201c, pr\u00e4sentieren ihr Kost\u00fcm auf einem Laufsteg und begeben sich um 14:00 Uhr in die Ostsee.<br>Weitere Informationen:&nbsp;<a href=\"https:\/\/www.kaiserbaeder-auf-usedom.de\/highlights\/winterstrandfest\/\" target=\"_blank\" rel=\"noreferrer noopener\">kaiserbaeder-auf-usedom.de<\/a><\/p>\n\n\n\n<p><strong>Warnem\u00fcnder Wintervergn\u00fcgen<\/strong><br>Vom 31. Januar bis 9. Februar findet in Rostock das Warnem\u00fcnder Wintervergn\u00fcgen statt. Vor allem Familien werden dann durch zahlreiche Angebote an den Strand gelockt: Am 31. Januar wird die Veranstaltung mit einem gro\u00dfen Strandfeuer er\u00f6ffnet. An den darauffolgenden Tagen k\u00f6nnen G\u00e4ste unter anderem beim Schnitzen von Eisskulpturen in Kooperation mit der Skulpturenausstellung \u201eEiswelt\u201c vom Karls Erlebnis-Dorf zusehen, Angebote wie Kinderschminken und M\u00e4rchenstunden am Kinderaktionstag nutzen oder Wissenswertes \u00fcber die Geschichte und gesundheitliche Vorteile von Eisbaden vom Verein Rostocker Seehunde erfahren. Beim anschlie\u00dfenden Eisbadefasching steigen die Vereinsmitglieder kost\u00fcmiert in die Ostsee. \u00dcber den gesamten Zeitraum des Warnem\u00fcnder Wintervergn\u00fcgens hinweg k\u00f6nnen Besucherinnen und Besucher auf der Promenade mit dem Leuchtturmvorplatz sowie \u00fcber ein so genanntes Marktdorf mit zahlreichen Verkaufsst\u00e4nden schlendern. Detaillierte Informationen zum Programm erhalten Interessierte unter&nbsp;<a href=\"https:\/\/www.rostock.de\/kultur\/highlights\/warnemuender-wintervergnuegen.html\" target=\"_blank\" rel=\"noreferrer noopener\">rostock.de<\/a>.<br>Weitere Informationen:&nbsp;<a href=\"https:\/\/www.rostock.de\/kultur\/highlights\/warnemuender-wintervergnuegen.html\" target=\"_blank\" rel=\"noreferrer noopener\">rostock.de<\/a><\/p>\n\n\n<div class=\"wp-block-image\">\n<figure class=\"aligncenter size-large\"><img loading=\"lazy\" decoding=\"async\" width=\"1024\" height=\"683\" src=\"https:\/\/inselreport.eu\/wp-content\/uploads\/2025\/01\/Winterferien_im_Theater-1024x683.jpg\" alt=\"\" class=\"wp-image-6894\" srcset=\"https:\/\/inselreport.eu\/wp-content\/uploads\/2025\/01\/Winterferien_im_Theater-1024x683.jpg 1024w, https:\/\/inselreport.eu\/wp-content\/uploads\/2025\/01\/Winterferien_im_Theater-300x200.jpg 300w, https:\/\/inselreport.eu\/wp-content\/uploads\/2025\/01\/Winterferien_im_Theater-768x512.jpg 768w, https:\/\/inselreport.eu\/wp-content\/uploads\/2025\/01\/Winterferien_im_Theater-1536x1025.jpg 1536w, https:\/\/inselreport.eu\/wp-content\/uploads\/2025\/01\/Winterferien_im_Theater-1200x800.jpg 1200w, https:\/\/inselreport.eu\/wp-content\/uploads\/2025\/01\/Winterferien_im_Theater.jpg 2048w\" sizes=\"auto, (max-width: 709px) 85vw, (max-width: 909px) 67vw, (max-width: 1362px) 62vw, 840px\" \/><figcaption class=\"wp-element-caption\">Eine abendliche Taschenlampenf\u00fchrung bietet in den Winterferien ungew\u00f6hnliche Einblicke in das OZEANEUM. \u00a9 Anke Neumeister\/Deutsches Meeresmuseum Winterferien_im_Theater.jpg In der M*Halle des Schweriner Staatstheaters werden verschiedene Ferienangebote offeriert, darunter Schauspieltraining und Sing-Workshops. Foto: Silke Winkler<\/figcaption><\/figure><\/div>\n\n\n<!--more-->\n\n\n\n<p><strong>Schauspieltraining und Sing-Workshop am Mecklenburgischen Staatstheater<\/strong><br>In der M*Halle des Schweriner Staatstheaters werden verschiedene Ferienangebote offeriert: Jugendliche zwischen 14 und 18 Jahren k\u00f6nnen sich am 3. und 4. Februar von 13:00 Uhr bis 15:00 Uhr beim Schauspieltraining mit Theaterp\u00e4dagoginnen erproben. In dem Workshop erlernen Teilnehmende unter anderem Methoden, mit Texten umzugehen und das K\u00f6rpergef\u00fchl und die B\u00fchnenpr\u00e4senz zu trainieren. Kinder zwischen sieben und zehn Jahren k\u00f6nnen am 5. und 6. Februar von 9:00 Uhr bis 11:00 Uhr bei Atem-, Stimm- und Sprachspielen mitmachen. Am 7. Februar l\u00e4dt die Theaterp\u00e4dagogik Jugendliche im Alter von 11 bis 13 Jahren zum Teenie-Tag von 10:00 Uhr bis 14:00 Uhr ein. Teilnehmende entwickeln dabei gemeinsam ein Minidrama. Die Teilnahme an den Winterferienangeboten ist ohne Vorkenntnisse und kostenfrei m\u00f6glich und kann per E-Mail unter&nbsp;<a href=\"mailto:theaterpaedagogik@mecklenburgisches-staatstheater.de\" target=\"_blank\" rel=\"noreferrer noopener\">theaterpaedagogik@meck&#8230;theater.de<\/a>&nbsp;oder unter der Rufnummer 0385 53 00144 angemeldet werden.<br>Weitere Informationen:&nbsp;<a href=\"https:\/\/www.mecklenburgisches-staatstheater.de\/fuer-alle.html\" target=\"_blank\" rel=\"noreferrer noopener\">mecklenburgisches-staatstheater.de<\/a><\/p>\n\n\n\n<p><strong>Taschenlampenf\u00fchrungen im OZEANEUM<\/strong><br>Im OZEANEUM in der Hansestadt Stralsund wird vom 4. bis 6. Februar sowie vom 11. bis 13. Februar jeweils von 17:00 Uhr bis 18:30 Uhr eine Taschenlampenf\u00fchrung unter dem Titel \u201e\u201aFunkeln im Dunkeln\u2018: Nachts ins OZEANEUM\u201c angeboten. Dabei werden Museumsexponate und Aquarienbewohner nach der Museumsschlie\u00dfung im Licht von Taschenlampen betrachtet. Teilnehmende erfahren spielerisch Wissenswertes zum Verhalten der Meeresbewohner in der Nacht. Die F\u00fchrung ist f\u00fcr Kinder ab acht Jahren in Begleitung eines Erwachsenen geeignet. Die Tickets sind im Vorverkauf an den Museumskassen erh\u00e4ltlich und bereits ab 15:00 Uhr im OZEANEUM g\u00fcltig, sodass Teilnehmende das Museum auch schon vor der Taschenlampenf\u00fchrung besuchen k\u00f6nnen.<br>Weitere Informationen:&nbsp;<a href=\"https:\/\/www.deutsches-meeresmuseum.de\/veranstaltungen\" target=\"_blank\" rel=\"noreferrer noopener\">deutsches-meeresmuseum.de<\/a><\/p>\n\n\n\n<p><strong>Wismarer Sagen, Sonderausstellung und Puzzeln im SCHABBELL<\/strong><br>Im Stadtgeschichtlichen Museum SCHABBELL in der Hansestadt Wismar an der Mecklenburgischen Ostseek\u00fcste k\u00f6nnen Kinder von sechs bis zw\u00f6lf Jahren am 4., 6., 11. und 13. Februar jeweils von 10:00 Uhr bis 12:00 Uhr das Ferienprogramm nutzen. Gemeinsam mit einem Museumsp\u00e4dagogen werden Sagengeschichten aus Wismar und der Umgebung unter die Lupe genommen. Nach einem anschlie\u00dfenden Besuch der aktuellen Sonderausstellung gibt es Zeit f\u00fcr Kreativit\u00e4t. Kinder k\u00f6nnen sich dabei zwischen Malb\u00f6gen, Sagenpuzzles und dem Basteln eines Andenkens an den Museumsbesuch entscheiden. Die Anmeldung ist per E-Mail an&nbsp;<a href=\"mailto:aholst@wismar.de\" target=\"_blank\" rel=\"noreferrer noopener\">aholst@wismar.de<\/a>&nbsp;oder per Anruf unter der Rufnummer 03841 2243122 m\u00f6glich. Die Kosten betragen drei Euro pro teilnehmendem Kind.<br>Weitere Informationen:&nbsp;<a href=\"https:\/\/www.ostseeferien.de\/export\/sites\/vmo\/downloads\/Winterferienprogramm-im-Schabbell.pdf\" target=\"_blank\" rel=\"noreferrer noopener\">ostseeferien.de<\/a><\/p>\n\n\n\n<p><strong>Waren (M\u00fcritz): Ferienaktionen im M\u00fcritzeum<\/strong><br>Im M\u00fcritzeum in Waren (M\u00fcritz) in der Mecklenburgischen Seenplatte wird am 5. Februar die Ferienaktion \u201eDer M\u00fcll, der M\u00fcll, der macht was er will \u2013 als M\u00fclldetektive unterwegs\u201c angeboten. Dabei werden die Themen M\u00fclltrennung, Upcycling sowie Auswirkungen von M\u00fcll auf Tiere beleuchtet. Unter dem Titel \u201eTiere im Wandel der Jahreszeiten\u201c erfahren Kinder bei einem Ausstellungsrundgang am 12. Februar, wie die Tier- und Pflanzenwelt \u00fcber das Jahr hinweg ihr Verhalten und Aussehen ver\u00e4ndert.F\u00fcr beide Termine (jeweils von 10:00 Uhr bis 12:00 Uhr) ist eine Anmeldung unter der Rufnummer 03991 633680 erforderlich. Die Teilnahme ist ab sechs Jahren m\u00f6glich und kostet 6,50 Euro pro Kind. Neu ist zudem der kostenlose Spielevormittag ab 10:00 Uhr am 8. Februar, bei dem W\u00fcrfel-, Brett- und Kartenspiele mit Naturbezug f\u00fcr Familien bereitstehen.<br>Weitere Informationen:&nbsp;<a href=\"https:\/\/www.mueritzeum.de\/veranstaltungen\/\" target=\"_blank\" rel=\"noreferrer noopener\">mueritzeum.de<\/a><\/p>\n\n\n\n<p><strong>Winterm\u00e4rchen-Schreibwerkstatt und Gaming-Spa\u00df in Ribnitz-Damgarten<\/strong><br>In der Stadtbibliothek Ribnitz-Damgarten erfahren Kinder am 6. Februar von 10:00 Uhr bis 12:30 Uhr wie man ein Winterm\u00e4rchen schreibt. Katinka Friese, Leiterin der Stadtbibliothek, begleitet Kinder von acht bis zw\u00f6lf Jahren bei der Erstellung fantasievoller Geschichten mit Winterbezug. In der Schreibwerkstatt erfahren Teilnehmende au\u00dferdem die Besonderheiten von M\u00e4rchen und d\u00fcrfen zum Abschluss die entstandenen Geschichten vorlesen. Am 4. und 11. Februar k\u00f6nnen Kinder zudem jeweils von 15:00 Uhr bis 18:00 Uhr an einigen Konsolen (Nintendo Switch, Playstation 4 und 5) neue Spiele ausprobieren und im Anschluss ausleihen. Interessierte k\u00f6nnen sich unter der Rufnummer 03821 8934520 f\u00fcr die kostenfreien Angebote anmelden.<br>Weitere Informationen:&nbsp;<a href=\"https:\/\/www.ribnitz-damgarten.de\/stadtbibliothek\/\" target=\"_blank\" rel=\"noreferrer noopener\">ribnitz-damgarten.de<\/a><\/p>\n\n\n\n<p><strong>Binz: Lichterumzug und Geschichten-Rallye<\/strong><br>G\u00e4ste k\u00f6nnen sich am 8. Februar um 16:30 Uhr am Haus des Gastes in Binz auf der Insel R\u00fcgen zum Lichter- und Fackelumzug treffen. Unterwegs stellen sich Kinder den R\u00e4tseln und Aufgaben, durch deren L\u00f6sung die K\u00e4lte und Dunkelheit bringenden \u201eWintergeister\u201c vertrieben werden sollen. Ziel der Geschichten-Rallye ist die \u201eHEIMAAT Bar Lounge\u201c nahe der Seebr\u00fccke, vor der es Livemusik und eine Feuerschale gibt. Die Teilnahme ist f\u00fcr Kinder ab vier Jahren mit einer Begleitperson geeignet und kann unter&nbsp;<a href=\"https:\/\/binzer-bucht.de\/veranstaltungen\/#\/eventDate\/9def14c3-ef38-4d1f-bac0-24dbd4d18f8b\" target=\"_blank\" rel=\"noreferrer noopener\">binzer-bucht.de<\/a>&nbsp;oder pers\u00f6nlich im Besucherzentrum Haus des Gastes angemeldet werden.<br>Weitere Informationen:&nbsp;<a href=\"https:\/\/binzer-bucht.de\/veranstaltungen\/#\/eventDate\/9def14c3-ef38-4d1f-bac0-24dbd4d18f8b\" target=\"_blank\" rel=\"noreferrer noopener\">binzer-bucht.de<\/a><\/p>\n\n\n\n<p><strong>Mitmachtheaterst\u00fcck und Ferienspa\u00df in Vorpommern<\/strong><br>Im Seebadzentrum Lubmin nahe Greifswald k\u00f6nnen Kinder ein interaktives Theaterst\u00fcck erleben: Am 11. Februar um 16:00 Uhr wird das Mitmachtheaterst\u00fcck \u201eElchi und jeder kann etwas\u201c inszeniert. Der Eintritt ist frei. Zudem gibt es in Lubmin den \u201eWinter-Mit-Mach-Ferienspa\u00df\u201c. Daf\u00fcr k\u00f6nnen Interessierte im Zeitraum vom 3. bis 15. Februar kostenlos eine Kiste im Seebadzentrum abholen, in der Anregungen f\u00fcr kreative und sportliche Aktivit\u00e4ten enthalten sind, darunter Koch- und Bastelanleitungen.<br>Weitere Informationen:&nbsp;<a href=\"https:\/\/www.lubmin.de\/veranstaltungen\/index.php#content\" target=\"_blank\" rel=\"noreferrer noopener\">lubmin.de<\/a><\/p>\n","protected":false},"excerpt":{"rendered":"<p>Mini-Drama und M\u00e4rchen-Schreibwerkstatt: Winterferien in Mecklenburg-Vorpommern Winterstrandfest auf Usedom mit Strandkorb-WM und WinterbadespektakelIm Seeheilbad Ahlbeck auf Usedom k\u00f6nnen G\u00e4ste vom 24. bis 25. Januar die 17. Strandkorb-WM verfolgen. Dabei legen Teilnehmende in Zweierteams eine Strecke von 20 Metern zur\u00fcck, w\u00e4hrend sie einen 60 Kilogramm schweren Strandkorb tragen. Das schnellste Team gewinnt 1.000,- Euro. Nach dem &hellip; <a href=\"https:\/\/inselreport.eu\/?p=6888\" class=\"more-link\"><span class=\"screen-reader-text\">\u201eKurzentschlossen: Winterferien auf Ostsee-Inseln und im Ostseeland. So gehts:\u201c<\/span> weiterlesen<\/a><\/p>\n","protected":false},"author":1,"featured_media":6891,"comment_status":"open","ping_status":"open","sticky":false,"template":"","format":"standard","meta":{"om_disable_all_campaigns":false,"_exactmetrics_skip_tracking":false,"_exactmetrics_sitenote_active":false,"_exactmetrics_sitenote_note":"","_exactmetrics_sitenote_category":0,"_uf_show_specific_survey":0,"_uf_disable_surveys":false,"footnotes":""},"categories":[8,2,6,418,17],"tags":[11,304,21,456,560,51,226,702],"class_list":["post-6888","post","type-post","status-publish","format-standard","has-post-thumbnail","hentry","category-aktuelles","category-insel-ruegen","category-insel-usedom","category-ostsee-inseln","category-wissenswertes","tag-insel-ruegen","tag-insel-usedom","tag-ostsee","tag-ostseeurlaub","tag-ruegen-news-2","tag-urlaub","tag-urlaub-auf-ruegen","tag-winterferien-an-der-ostsee"],"aioseo_notices":[],"_links":{"self":[{"href":"https:\/\/inselreport.eu\/index.php?rest_route=\/wp\/v2\/posts\/6888","targetHints":{"allow":["GET"]}}],"collection":[{"href":"https:\/\/inselreport.eu\/index.php?rest_route=\/wp\/v2\/posts"}],"about":[{"href":"https:\/\/inselreport.eu\/index.php?rest_route=\/wp\/v2\/types\/post"}],"author":[{"embeddable":true,"href":"https:\/\/inselreport.eu\/index.php?rest_route=\/wp\/v2\/users\/1"}],"replies":[{"embeddable":true,"href":"https:\/\/inselreport.eu\/index.php?rest_route=%2Fwp%2Fv2%2Fcomments&post=6888"}],"version-history":[{"count":3,"href":"https:\/\/inselreport.eu\/index.php?rest_route=\/wp\/v2\/posts\/6888\/revisions"}],"predecessor-version":[{"id":6896,"href":"https:\/\/inselreport.eu\/index.php?rest_route=\/wp\/v2\/posts\/6888\/revisions\/6896"}],"wp:featuredmedia":[{"embeddable":true,"href":"https:\/\/inselreport.eu\/index.php?rest_route=\/wp\/v2\/media\/6891"}],"wp:attachment":[{"href":"https:\/\/inselreport.eu\/index.php?rest_route=%2Fwp%2Fv2%2Fmedia&parent=6888"}],"wp:term":[{"taxonomy":"category","embeddable":true,"href":"https:\/\/inselreport.eu\/index.php?rest_route=%2Fwp%2Fv2%2Fcategories&post=6888"},{"taxonomy":"post_tag","embeddable":true,"href":"https:\/\/inselreport.eu\/index.php?rest_route=%2Fwp%2Fv2%2Ftags&post=6888"}],"curies":[{"name":"wp","href":"https:\/\/api.w.org\/{rel}","templated":true}]}}