{"id":689,"date":"2016-11-16T11:12:44","date_gmt":"2016-11-16T10:12:44","guid":{"rendered":"http:\/\/inselreport.eu\/?p=689"},"modified":"2020-11-19T19:22:59","modified_gmt":"2020-11-19T18:22:59","slug":"den-schoensten-grabstein-gibt-es-auf-ruegen-den-koenigsstuhl","status":"publish","type":"post","link":"https:\/\/inselreport.eu\/?p=689","title":{"rendered":"Den sch\u00f6nsten Grabstein gibt es auf R\u00fcgen: Den K\u00f6nigsstuhl"},"content":{"rendered":"<p style=\"text-align: center;\"><span style=\"color: #800080;\"><strong>Er ist das Wahrzeichen der Insel R\u00fcgen schlechthin \u2013&nbsp;<\/strong><strong>der K\u00f6nigsstuhl. Zentraler Punkt der weltber\u00fchmten Kreidek\u00fcste.<\/strong><\/span><\/p>\n<figure id=\"attachment_690\" aria-describedby=\"caption-attachment-690\" style=\"width: 745px\" class=\"wp-caption alignnone\"><img loading=\"lazy\" decoding=\"async\" width=\"745\" height=\"492\" class=\" wp-image-690\" alt=\"#1057 Blick auf den K\u00f6nigstuhl Foto: Marius Jaster\" src=\"http:\/\/inselreport.eu\/wp-content\/uploads\/2016\/11\/See_07-300x198.jpg\" srcset=\"https:\/\/inselreport.eu\/wp-content\/uploads\/2016\/11\/See_07-300x198.jpg 300w, https:\/\/inselreport.eu\/wp-content\/uploads\/2016\/11\/See_07-768x507.jpg 768w, https:\/\/inselreport.eu\/wp-content\/uploads\/2016\/11\/See_07-1024x676.jpg 1024w, https:\/\/inselreport.eu\/wp-content\/uploads\/2016\/11\/See_07.jpg 1200w\" sizes=\"auto, (max-width: 709px) 85vw, (max-width: 909px) 67vw, (max-width: 984px) 61vw, (max-width: 1362px) 45vw, 600px\" \/><figcaption id=\"caption-attachment-690\" class=\"wp-caption-text\">Blick auf den K\u00f6nigsstuhl<\/p>\n<p><\/figcaption><\/figure>\n<p><strong>Und: Wir kennen nicht den Tag und die Stunde, aber wir wissen: sie kommt! F\u00fcr jeden von uns. Im g\u00fcnstigsten Fall dann, wenn die Zeit des Lebens einfach abgelaufen ist.<\/strong><\/p>\n<p><strong>&nbsp;<\/strong>Immer mehr Menschen entscheiden sich f\u00fcr eine Seebestattung. Die meisten, weil sie sich mit dem Meer besonders verbunden f\u00fchlen, aber auch wegen der vielen praktischen Vorteile.<!--more--><\/p>\n<p>Das Kaufen einer teuren Grabst\u00e4tte und die anschlie\u00dfende jahrelange Pflege entfallen schlichtweg. Und was passiert, wenn eine Grabst\u00e4tte nach 20 Jahren eingeebnet wird? Diese Frage stellt sich bei einer Seebestattung gar nicht erst. So gesehen ist die Seebestattung auch sehr preisg\u00fcnstig.<\/p>\n<p>Eine Seebestattung vor der Insel R\u00fcgen hat gegen\u00fcber vieler anderer Orte einen besonderen Vorteil: Der sch\u00f6ne Anblick der Kreidek\u00fcste lockt immer wieder zu einer Fahrt aufs Meer und deswegen gibt es hier auch die entsprechenden M\u00f6glichkeiten.<\/p>\n<figure id=\"attachment_693\" aria-describedby=\"caption-attachment-693\" style=\"width: 372px\" class=\"wp-caption alignleft\"><img loading=\"lazy\" decoding=\"async\" width=\"372\" height=\"496\" class=\"wp-image-693\" alt=\"See_05\" src=\"http:\/\/inselreport.eu\/wp-content\/uploads\/2016\/11\/See_05-225x300.jpg\" srcset=\"https:\/\/inselreport.eu\/wp-content\/uploads\/2016\/11\/See_05-225x300.jpg 225w, https:\/\/inselreport.eu\/wp-content\/uploads\/2016\/11\/See_05-768x1024.jpg 768w, https:\/\/inselreport.eu\/wp-content\/uploads\/2016\/11\/See_05.jpg 900w\" sizes=\"auto, (max-width: 372px) 85vw, 372px\" \/><figcaption id=\"caption-attachment-693\" class=\"wp-caption-text\">Die M. J. Kalinin war viele Jahre auch f\u00fcr Seebestattungen beliebt. Inzwischen ist sie in Rente.<\/figcaption><\/figure>\n<p>Die Absenkungsstelle l\u00e4sst sich f\u00fcr ein sp\u00e4teres Gedenken gut merken. Im Nationalpark direkt zwischen dem kleinen Leuchtturm am Kolliker Ort und dem K\u00f6nigstuhl, wo auch das Fischen verboten ist, werden die Urnen abgesenkt. Etwa 1 Meile vom Ufer entfernt liegen sie dann in ca. 20 Meter Tiefe.<\/p>\n<p>&nbsp;<\/p>\n<p>Bislang auf R\u00fcgen besonders beliebt: Eine Seebestattung mit dem 60 Jahre alten Hochseekutter \u201eM. J. Kalinin\u201c. Wir waren bei einer Seebestattung mit der \u201eKalinin\u201c dabei. Wegen dieses Kutters lie\u00df sich sogar ein Liebhaber aus Kiel direkt hier vor R\u00fcgen in der Ostsee versenken. Allerdings ist die Kalinin inzwischen in \u201eRente\u201c. Seebestattungen vor dem K\u00f6nigsstuhl gibt es dennoch von anderen Anbietern.<\/p>\n<figure id=\"attachment_699\" aria-describedby=\"caption-attachment-699\" style=\"width: 704px\" class=\"wp-caption alignnone\"><img loading=\"lazy\" decoding=\"async\" width=\"704\" height=\"439\" class=\"wp-image-699\" alt=\"See_04\" src=\"http:\/\/inselreport.eu\/wp-content\/uploads\/2016\/11\/See_04-300x187.jpg\" srcset=\"https:\/\/inselreport.eu\/wp-content\/uploads\/2016\/11\/See_04-300x187.jpg 300w, https:\/\/inselreport.eu\/wp-content\/uploads\/2016\/11\/See_04-768x478.jpg 768w, https:\/\/inselreport.eu\/wp-content\/uploads\/2016\/11\/See_04-1024x637.jpg 1024w, https:\/\/inselreport.eu\/wp-content\/uploads\/2016\/11\/See_04.jpg 1200w\" sizes=\"auto, (max-width: 709px) 85vw, (max-width: 909px) 67vw, (max-width: 984px) 61vw, (max-width: 1362px) 45vw, 600px\" \/><figcaption id=\"caption-attachment-699\" class=\"wp-caption-text\">Die Urne aus Salz kurz vor der Absenkung im Meer<\/figcaption><\/figure>\n<p>Die Absenkung bei einer Seebestattung erfolgt ausschlie\u00dflich in speziellen Urnen aus Salz, die sich mit der Zeit im Wasser aufl\u00f6sen. Alles andere ist fast wie an Land und kann individuell vereinbart werden.<\/p>\n<p><strong>Auf der Kalinin, die ihren Liegeplatz an der Mole im Sassnitzer Stadthafen hatte, fanden die Feierstunden mit der Trauerrede noch vor der Abfahrt des Kutters aus dem Hafen statt.<\/strong><\/p>\n<p>\u201eDas hat den Vorteil dass die Hauptmaschine noch keine Ger\u00e4usche von sich gibt und andererseits etwaige seeuntaugliche&nbsp; G\u00e4ste die M\u00f6glichkeit haben, sich in Ruhe zu verabschieden und den Kutter vor dem Auslaufen zu verlassen\u201c, erz\u00e4hlte der Kapit\u00e4n.<\/p>\n<figure id=\"attachment_701\" aria-describedby=\"caption-attachment-701\" style=\"width: 622px\" class=\"wp-caption alignnone\"><img loading=\"lazy\" decoding=\"async\" width=\"622\" height=\"417\" class=\"wp-image-701\" alt=\"See_06\" src=\"http:\/\/inselreport.eu\/wp-content\/uploads\/2016\/11\/See_06-300x201.jpg\" srcset=\"https:\/\/inselreport.eu\/wp-content\/uploads\/2016\/11\/See_06-300x201.jpg 300w, https:\/\/inselreport.eu\/wp-content\/uploads\/2016\/11\/See_06.jpg 1200w\" sizes=\"auto, (max-width: 709px) 85vw, (max-width: 909px) 67vw, (max-width: 984px) 61vw, (max-width: 1362px) 45vw, 600px\" \/><figcaption id=\"caption-attachment-701\" class=\"wp-caption-text\">Feierlicher Abschied im Beisein des Schiffseigners<\/figcaption><\/figure>\n<p>Nach der beeindruckenden Feierstunde und nach genauen vorherigen Informationen \u00fcber den weiteren Ablauf durch den Schiffseigner&nbsp;startete die Hauptmaschine und der Kutter nahm seine Fahrt zur Absenkungsstelle auf.<\/p>\n<figure id=\"attachment_700\" aria-describedby=\"caption-attachment-700\" style=\"width: 259px\" class=\"wp-caption alignleft\"><img loading=\"lazy\" decoding=\"async\" width=\"259\" height=\"300\" class=\"wp-image-700 size-medium\" alt=\"See_03\" src=\"http:\/\/inselreport.eu\/wp-content\/uploads\/2016\/11\/See_03-259x300.jpg\" srcset=\"https:\/\/inselreport.eu\/wp-content\/uploads\/2016\/11\/See_03-259x300.jpg 259w, https:\/\/inselreport.eu\/wp-content\/uploads\/2016\/11\/See_03-768x890.jpg 768w, https:\/\/inselreport.eu\/wp-content\/uploads\/2016\/11\/See_03-884x1024.jpg 884w, https:\/\/inselreport.eu\/wp-content\/uploads\/2016\/11\/See_03.jpg 1200w\" sizes=\"auto, (max-width: 259px) 85vw, 259px\" \/><figcaption id=\"caption-attachment-700\" class=\"wp-caption-text\">Letzte Blumengr\u00fc\u00dfe treiben auf dem Meer<\/figcaption><\/figure>\n<p>Hier wurde in aller W\u00fcrde die Urne zu Wasser gelassen. Die Trauernden hatten die M\u00f6glichkeit, sich mit Blumen und ihren Gedanken in Ruhe zu verabschieden, w\u00e4hrend der Kutter um die Absenkungsstelle und die schwimmenden Blumen kreiste.<\/p>\n<p>&nbsp;<\/p>\n<figure id=\"attachment_702\" aria-describedby=\"caption-attachment-702\" style=\"width: 723px\" class=\"wp-caption alignnone\"><img loading=\"lazy\" decoding=\"async\" width=\"723\" height=\"554\" class=\"wp-image-702\" alt=\"See_01\" src=\"http:\/\/inselreport.eu\/wp-content\/uploads\/2016\/11\/See_01-300x230.jpg\" srcset=\"https:\/\/inselreport.eu\/wp-content\/uploads\/2016\/11\/See_01-300x230.jpg 300w, https:\/\/inselreport.eu\/wp-content\/uploads\/2016\/11\/See_01-768x588.jpg 768w, https:\/\/inselreport.eu\/wp-content\/uploads\/2016\/11\/See_01-1024x783.jpg 1024w, https:\/\/inselreport.eu\/wp-content\/uploads\/2016\/11\/See_01.jpg 1200w\" sizes=\"auto, (max-width: 709px) 85vw, (max-width: 909px) 67vw, (max-width: 984px) 61vw, (max-width: 1362px) 45vw, 600px\" \/><figcaption id=\"caption-attachment-702\" class=\"wp-caption-text\">Bezaubernde Kulisse: Die R\u00fcgener Kreidek\u00fcste<\/figcaption><\/figure>\n<p><strong>Nachdem dreimaligen langen Ert\u00f6nen der Schiffshupe ging die Fahrt wieder zur\u00fcck in den Sassnitzer Hafen.<\/strong><\/p>\n<figure id=\"attachment_703\" aria-describedby=\"caption-attachment-703\" style=\"width: 697px\" class=\"wp-caption alignnone\"><img loading=\"lazy\" decoding=\"async\" width=\"697\" height=\"353\" class=\"wp-image-703\" alt=\"See_02\" src=\"http:\/\/inselreport.eu\/wp-content\/uploads\/2016\/11\/See_02-300x152.jpg\" srcset=\"https:\/\/inselreport.eu\/wp-content\/uploads\/2016\/11\/See_02-300x152.jpg 300w, https:\/\/inselreport.eu\/wp-content\/uploads\/2016\/11\/See_02-768x389.jpg 768w, https:\/\/inselreport.eu\/wp-content\/uploads\/2016\/11\/See_02-1024x519.jpg 1024w, https:\/\/inselreport.eu\/wp-content\/uploads\/2016\/11\/See_02.jpg 1200w\" sizes=\"auto, (max-width: 709px) 85vw, (max-width: 909px) 67vw, (max-width: 984px) 61vw, (max-width: 1362px) 45vw, 600px\" \/><figcaption id=\"caption-attachment-703\" class=\"wp-caption-text\">&#8222;Friedhofsbesuche&#8220; sind jederzeit mit Fahrgastschiffen im Rahmen touristischer Angebote entlang der Kreidek\u00fcste m\u00f6glich.<\/figcaption><\/figure>\n<p>Es bleibt die Erinnerung an den Verstorbenen, ein wirklich beeindruckendes Erlebnis und die Vorfreude auf die n\u00e4chste Fahrt zum sch\u00f6nsten Grabstein der Welt, dem K\u00f6nigsstuhl. Das geht ganz einfach im Rahmen der Touristenfahrten an der einmaligen Kreidek\u00fcste entlang.<\/p>\n<p><span style=\"color: #800080;\"><strong>Diese Leistungen sollten Sie bei Seebestattungen erwarten d\u00fcrfen:<\/strong><\/span><\/p>\n<p>\u2022 Feierstunde an Bord<br \/>\n\u2022 Trauerrede<br \/>\n\u2022 Seelischer Beistand<br \/>\n\u2022&nbsp;Entsprechende Musik \u2013 auch eigene, mitgebrachte Musik ist&nbsp; m\u00f6glich<br \/>\n\u2022&nbsp;Auch Samstags, Sonntags<br \/>\n\u2022&nbsp;Fotoservice<br \/>\n\u2022&nbsp;Erinnerungskarte mit Koordinaten und dem Inhalt des&nbsp;Logbuchs<br \/>\n\u2022&nbsp;Organisation von \u00dcbernachtungsm\u00f6glichkeiten<br \/>\n\u2022&nbsp;Gastronomi<\/p>\n<h3 style=\"text-align: center;\"><span style=\"color: #800080;\">DANKE f\u00fcr Deinen Beitrag!<\/span><\/h3>\n<p><img loading=\"lazy\" decoding=\"async\" width=\"610\" height=\"409\" class=\"alignnone wp-image-3253\" alt=\"DSC_0010-001\" src=\"http:\/\/inselreport.eu\/wp-content\/uploads\/2017\/02\/DSC_0010-001-300x201.jpg\" srcset=\"https:\/\/inselreport.eu\/wp-content\/uploads\/2017\/02\/DSC_0010-001-300x201.jpg 300w, https:\/\/inselreport.eu\/wp-content\/uploads\/2017\/02\/DSC_0010-001-768x515.jpg 768w, https:\/\/inselreport.eu\/wp-content\/uploads\/2017\/02\/DSC_0010-001.jpg 800w\" sizes=\"auto, (max-width: 709px) 85vw, (max-width: 909px) 67vw, (max-width: 984px) 61vw, (max-width: 1362px) 45vw, 600px\" \/><\/p>\n<pre><span style=\"color: #800080;\"><span style=\"color: #ff0000;\">W\u00e4hle den Betrag selbst!<\/span>\nZahlungsempf\u00e4nger:<\/span> <span style=\"color: #0000ff;\">Marius Jaster \n<strong>IBAN: DE 088 50 200 86 000 803 55 12<\/strong><strong> (BIC: HYVEDE MM 496)<\/strong> \n<\/span>Gib bitte den Namen des Artikels mit an. DANKE!<\/pre>\n<p style=\"text-align: right;\">Fotos:&nbsp;<span style=\"color: #ff0000;\">\u00a9<\/span> Marius Jaster<\/p>\n<p style=\"text-align: right;\">\n","protected":false},"excerpt":{"rendered":"<p>Er ist das Wahrzeichen der Insel R\u00fcgen schlechthin \u2013&nbsp;der K\u00f6nigsstuhl. Zentraler Punkt der weltber\u00fchmten Kreidek\u00fcste. Und: Wir kennen nicht den Tag und die Stunde, aber wir wissen: sie kommt! F\u00fcr jeden von uns. Im g\u00fcnstigsten Fall dann, wenn die Zeit des Lebens einfach abgelaufen ist. &nbsp;Immer mehr Menschen entscheiden sich f\u00fcr eine Seebestattung. Die meisten, &hellip; <a href=\"https:\/\/inselreport.eu\/?p=689\" class=\"more-link\"><span class=\"screen-reader-text\">\u201eDen sch\u00f6nsten Grabstein gibt es auf R\u00fcgen: Den K\u00f6nigsstuhl\u201c<\/span> weiterlesen<\/a><\/p>\n","protected":false},"author":1,"featured_media":505,"comment_status":"open","ping_status":"open","sticky":false,"template":"","format":"standard","meta":{"om_disable_all_campaigns":false,"_exactmetrics_skip_tracking":false,"_exactmetrics_sitenote_active":false,"_exactmetrics_sitenote_note":"","_exactmetrics_sitenote_category":0,"_uf_show_specific_survey":0,"_uf_disable_surveys":false,"footnotes":""},"categories":[2,43,17],"tags":[117,11,118,91,64,115,21,40,36,116],"class_list":["post-689","post","type-post","status-publish","format-standard","has-post-thumbnail","hentry","category-insel-ruegen","category-maritim","category-wissenswertes","tag-grabstein","tag-insel-ruegen","tag-insel-ruegen-news","tag-koenigsstuhl","tag-kreidekueste","tag-m-j-kalinin","tag-ostsee","tag-ostsee-news","tag-seebestattung","tag-wahrzeichen-der-insel-ruegen"],"aioseo_notices":[],"_links":{"self":[{"href":"https:\/\/inselreport.eu\/index.php?rest_route=\/wp\/v2\/posts\/689","targetHints":{"allow":["GET"]}}],"collection":[{"href":"https:\/\/inselreport.eu\/index.php?rest_route=\/wp\/v2\/posts"}],"about":[{"href":"https:\/\/inselreport.eu\/index.php?rest_route=\/wp\/v2\/types\/post"}],"author":[{"embeddable":true,"href":"https:\/\/inselreport.eu\/index.php?rest_route=\/wp\/v2\/users\/1"}],"replies":[{"embeddable":true,"href":"https:\/\/inselreport.eu\/index.php?rest_route=%2Fwp%2Fv2%2Fcomments&post=689"}],"version-history":[{"count":21,"href":"https:\/\/inselreport.eu\/index.php?rest_route=\/wp\/v2\/posts\/689\/revisions"}],"predecessor-version":[{"id":5137,"href":"https:\/\/inselreport.eu\/index.php?rest_route=\/wp\/v2\/posts\/689\/revisions\/5137"}],"wp:featuredmedia":[{"embeddable":true,"href":"https:\/\/inselreport.eu\/index.php?rest_route=\/wp\/v2\/media\/505"}],"wp:attachment":[{"href":"https:\/\/inselreport.eu\/index.php?rest_route=%2Fwp%2Fv2%2Fmedia&parent=689"}],"wp:term":[{"taxonomy":"category","embeddable":true,"href":"https:\/\/inselreport.eu\/index.php?rest_route=%2Fwp%2Fv2%2Fcategories&post=689"},{"taxonomy":"post_tag","embeddable":true,"href":"https:\/\/inselreport.eu\/index.php?rest_route=%2Fwp%2Fv2%2Ftags&post=689"}],"curies":[{"name":"wp","href":"https:\/\/api.w.org\/{rel}","templated":true}]}}